{"id":2547,"date":"2019-10-02T15:50:20","date_gmt":"2019-10-02T13:50:20","guid":{"rendered":"https:\/\/ccaves.org\/blog\/?p=2547"},"modified":"2019-10-02T17:18:59","modified_gmt":"2019-10-02T15:18:59","slug":"ligue-des-droits-de-lhomme-de-rodez-environnement","status":"publish","type":"post","link":"https:\/\/ccaves.org\/blog\/ligue-des-droits-de-lhomme-de-rodez-environnement\/","title":{"rendered":"Ligue des droits de l&rsquo;Homme de rodez-Environnement"},"content":{"rendered":"","protected":false},"excerpt":{"rendered":"","protected":false},"author":6,"featured_media":0,"comment_status":"open","ping_status":"open","sticky":false,"template":"","format":"standard","meta":{"colormag_page_container_layout":"default_layout","colormag_page_sidebar_layout":"default_layout","footnotes":""},"categories":[51],"tags":[],"class_list":["post-2547","post","type-post","status-publish","format-standard","hentry","category-ligue-des-droits-de-lhomme-de-rodez"],"yoast_head":"<!-- This site is optimized with the Yoast SEO plugin v27.5 - https:\/\/yoast.com\/product\/yoast-seo-wordpress\/ -->\n<title>Ligue des droits de l&#039;Homme de rodez-Environnement - CCAVES<\/title>\n<meta name=\"description\" content=\"Plateforme d&#039;\u00e9changes et de Coordination des Collectifs et Associations Volontaires en Environnement Sant\u00e9 et Soci\u00e9t\u00e9\" \/>\n<meta name=\"robots\" content=\"index, follow, max-snippet:-1, max-image-preview:large, max-video-preview:-1\" \/>\n<link rel=\"canonical\" href=\"https:\/\/ccaves.org\/blog\/ligue-des-droits-de-lhomme-de-rodez-environnement\/\" \/>\n<meta property=\"og:locale\" content=\"fr_FR\" \/>\n<meta property=\"og:type\" content=\"article\" \/>\n<meta property=\"og:title\" content=\"Ligue des droits de l&#039;Homme de rodez-Environnement - CCAVES\" \/>\n<meta property=\"og:description\" content=\"Plateforme d&#039;\u00e9changes et de Coordination des Collectifs et Associations Volontaires en Environnement Sant\u00e9 et Soci\u00e9t\u00e9\" \/>\n<meta property=\"og:url\" content=\"https:\/\/ccaves.org\/blog\/ligue-des-droits-de-lhomme-de-rodez-environnement\/\" \/>\n<meta property=\"og:site_name\" content=\"CCAVES\" \/>\n<meta property=\"article:published_time\" content=\"2019-10-02T13:50:20+00:00\" \/>\n<meta property=\"article:modified_time\" content=\"2019-10-02T15:18:59+00:00\" \/>\n<meta property=\"og:image\" content=\"https:\/\/ccaves.org\/blog\/wp-content\/uploads\/Oedicneme-criard-IMP-1024x631.png\" \/>\n\t<meta property=\"og:image:width\" content=\"1024\" \/>\n\t<meta property=\"og:image:height\" content=\"631\" \/>\n\t<meta property=\"og:image:type\" content=\"image\/png\" \/>\n<meta name=\"author\" content=\"ldhrodez\" \/>\n<meta name=\"twitter:card\" content=\"summary_large_image\" \/>\n<meta name=\"twitter:label1\" content=\"\u00c9crit par\" \/>\n\t<meta name=\"twitter:data1\" content=\"ldhrodez\" \/>\n<script type=\"application\/ld+json\" class=\"yoast-schema-graph\">{\"@context\":\"https:\\\/\\\/schema.org\",\"@graph\":[{\"@type\":\"Article\",\"@id\":\"https:\\\/\\\/ccaves.org\\\/blog\\\/ligue-des-droits-de-lhomme-de-rodez-environnement\\\/#article\",\"isPartOf\":{\"@id\":\"https:\\\/\\\/ccaves.org\\\/blog\\\/ligue-des-droits-de-lhomme-de-rodez-environnement\\\/\"},\"author\":{\"name\":\"ldhrodez\",\"@id\":\"https:\\\/\\\/ccaves.org\\\/blog\\\/#\\\/schema\\\/person\\\/8c9fffb46e7179d4688a164de5fb6f77\"},\"headline\":\"Ligue des droits de l&rsquo;Homme de rodez-Environnement\",\"datePublished\":\"2019-10-02T13:50:20+00:00\",\"dateModified\":\"2019-10-02T15:18:59+00:00\",\"mainEntityOfPage\":{\"@id\":\"https:\\\/\\\/ccaves.org\\\/blog\\\/ligue-des-droits-de-lhomme-de-rodez-environnement\\\/\"},\"wordCount\":7,\"commentCount\":1,\"publisher\":{\"@id\":\"https:\\\/\\\/ccaves.org\\\/blog\\\/#organization\"},\"articleSection\":[\"ligue des droits de l'homme de rodez\"],\"inLanguage\":\"fr-FR\",\"potentialAction\":[{\"@type\":\"CommentAction\",\"name\":\"Comment\",\"target\":[\"https:\\\/\\\/ccaves.org\\\/blog\\\/ligue-des-droits-de-lhomme-de-rodez-environnement\\\/#respond\"]}]},{\"@type\":\"WebPage\",\"@id\":\"https:\\\/\\\/ccaves.org\\\/blog\\\/ligue-des-droits-de-lhomme-de-rodez-environnement\\\/\",\"url\":\"https:\\\/\\\/ccaves.org\\\/blog\\\/ligue-des-droits-de-lhomme-de-rodez-environnement\\\/\",\"name\":\"Ligue des droits de l'Homme de rodez-Environnement - CCAVES\",\"isPartOf\":{\"@id\":\"https:\\\/\\\/ccaves.org\\\/blog\\\/#website\"},\"datePublished\":\"2019-10-02T13:50:20+00:00\",\"dateModified\":\"2019-10-02T15:18:59+00:00\",\"description\":\"Plateforme d'\u00e9changes et de Coordination des Collectifs et Associations Volontaires en Environnement Sant\u00e9 et Soci\u00e9t\u00e9\",\"breadcrumb\":{\"@id\":\"https:\\\/\\\/ccaves.org\\\/blog\\\/ligue-des-droits-de-lhomme-de-rodez-environnement\\\/#breadcrumb\"},\"inLanguage\":\"fr-FR\",\"potentialAction\":[{\"@type\":\"ReadAction\",\"target\":[\"https:\\\/\\\/ccaves.org\\\/blog\\\/ligue-des-droits-de-lhomme-de-rodez-environnement\\\/\"]}]},{\"@type\":\"BreadcrumbList\",\"@id\":\"https:\\\/\\\/ccaves.org\\\/blog\\\/ligue-des-droits-de-lhomme-de-rodez-environnement\\\/#breadcrumb\",\"itemListElement\":[{\"@type\":\"ListItem\",\"position\":1,\"name\":\"Accueil\",\"item\":\"https:\\\/\\\/ccaves.org\\\/blog\\\/\"},{\"@type\":\"ListItem\",\"position\":2,\"name\":\"Ligue des droits de l&rsquo;Homme de rodez-Environnement\"}]},{\"@type\":\"WebSite\",\"@id\":\"https:\\\/\\\/ccaves.org\\\/blog\\\/#website\",\"url\":\"https:\\\/\\\/ccaves.org\\\/blog\\\/\",\"name\":\"CCAVES\",\"description\":\"Plateforme d&#039;\u00e9changes et de Coordination des Collectifs et Associations Volontaires en Environnement Sant\u00e9 et Soci\u00e9t\u00e9\",\"publisher\":{\"@id\":\"https:\\\/\\\/ccaves.org\\\/blog\\\/#organization\"},\"alternateName\":\"Coordination des Collectifs et Associations Volontaires en Environnement Sant\u00e9 et Soci\u00e9t\u00e9\",\"potentialAction\":[{\"@type\":\"SearchAction\",\"target\":{\"@type\":\"EntryPoint\",\"urlTemplate\":\"https:\\\/\\\/ccaves.org\\\/blog\\\/?s={search_term_string}\"},\"query-input\":{\"@type\":\"PropertyValueSpecification\",\"valueRequired\":true,\"valueName\":\"search_term_string\"}}],\"inLanguage\":\"fr-FR\"},{\"@type\":\"Organization\",\"@id\":\"https:\\\/\\\/ccaves.org\\\/blog\\\/#organization\",\"name\":\"Plateforme d'\u00e9changes et de Coordination des Collectifs et Associations Volontaires en Environnement Sant\u00e9 et Soci\u00e9t\u00e9\",\"alternateName\":\"Plateforme d'\u00e9changes et de Coordination des Collectifs et Associations Volontaires en Environnement Sant\u00e9 et Soci\u00e9t\u00e9\",\"url\":\"https:\\\/\\\/ccaves.org\\\/blog\\\/\",\"logo\":{\"@type\":\"ImageObject\",\"inLanguage\":\"fr-FR\",\"@id\":\"https:\\\/\\\/ccaves.org\\\/blog\\\/#\\\/schema\\\/logo\\\/image\\\/\",\"url\":\"https:\\\/\\\/ccaves.org\\\/blog\\\/wp-content\\\/uploads\\\/Oedicneme-criard-IMP-1024x631.png\",\"contentUrl\":\"https:\\\/\\\/ccaves.org\\\/blog\\\/wp-content\\\/uploads\\\/Oedicneme-criard-IMP-1024x631.png\",\"width\":1024,\"height\":631,\"caption\":\"Plateforme d'\u00e9changes et de Coordination des Collectifs et Associations Volontaires en Environnement Sant\u00e9 et Soci\u00e9t\u00e9\"},\"image\":{\"@id\":\"https:\\\/\\\/ccaves.org\\\/blog\\\/#\\\/schema\\\/logo\\\/image\\\/\"}},{\"@type\":\"Person\",\"@id\":\"https:\\\/\\\/ccaves.org\\\/blog\\\/#\\\/schema\\\/person\\\/8c9fffb46e7179d4688a164de5fb6f77\",\"name\":\"ldhrodez\",\"image\":{\"@type\":\"ImageObject\",\"inLanguage\":\"fr-FR\",\"@id\":\"https:\\\/\\\/secure.gravatar.com\\\/avatar\\\/6936997909df320c7c976803f2f038afbe0af7af71cd8832231d594f40400c58?s=96&d=mm&r=g\",\"url\":\"https:\\\/\\\/secure.gravatar.com\\\/avatar\\\/6936997909df320c7c976803f2f038afbe0af7af71cd8832231d594f40400c58?s=96&d=mm&r=g\",\"contentUrl\":\"https:\\\/\\\/secure.gravatar.com\\\/avatar\\\/6936997909df320c7c976803f2f038afbe0af7af71cd8832231d594f40400c58?s=96&d=mm&r=g\",\"caption\":\"ldhrodez\"},\"url\":\"https:\\\/\\\/ccaves.org\\\/blog\\\/author\\\/ldhrodez\\\/\"}]}<\/script>\n<!-- \/ Yoast SEO plugin. -->","yoast_head_json":{"title":"Ligue des droits de l'Homme de rodez-Environnement - CCAVES","description":"Plateforme d'\u00e9changes et de Coordination des Collectifs et Associations Volontaires en Environnement Sant\u00e9 et Soci\u00e9t\u00e9","robots":{"index":"index","follow":"follow","max-snippet":"max-snippet:-1","max-image-preview":"max-image-preview:large","max-video-preview":"max-video-preview:-1"},"canonical":"https:\/\/ccaves.org\/blog\/ligue-des-droits-de-lhomme-de-rodez-environnement\/","og_locale":"fr_FR","og_type":"article","og_title":"Ligue des droits de l'Homme de rodez-Environnement - CCAVES","og_description":"Plateforme d'\u00e9changes et de Coordination des Collectifs et Associations Volontaires en Environnement Sant\u00e9 et Soci\u00e9t\u00e9","og_url":"https:\/\/ccaves.org\/blog\/ligue-des-droits-de-lhomme-de-rodez-environnement\/","og_site_name":"CCAVES","article_published_time":"2019-10-02T13:50:20+00:00","article_modified_time":"2019-10-02T15:18:59+00:00","og_image":[{"width":1024,"height":631,"url":"https:\/\/ccaves.org\/blog\/wp-content\/uploads\/Oedicneme-criard-IMP-1024x631.png","type":"image\/png"}],"author":"ldhrodez","twitter_card":"summary_large_image","twitter_misc":{"\u00c9crit par":"ldhrodez"},"schema":{"@context":"https:\/\/schema.org","@graph":[{"@type":"Article","@id":"https:\/\/ccaves.org\/blog\/ligue-des-droits-de-lhomme-de-rodez-environnement\/#article","isPartOf":{"@id":"https:\/\/ccaves.org\/blog\/ligue-des-droits-de-lhomme-de-rodez-environnement\/"},"author":{"name":"ldhrodez","@id":"https:\/\/ccaves.org\/blog\/#\/schema\/person\/8c9fffb46e7179d4688a164de5fb6f77"},"headline":"Ligue des droits de l&rsquo;Homme de rodez-Environnement","datePublished":"2019-10-02T13:50:20+00:00","dateModified":"2019-10-02T15:18:59+00:00","mainEntityOfPage":{"@id":"https:\/\/ccaves.org\/blog\/ligue-des-droits-de-lhomme-de-rodez-environnement\/"},"wordCount":7,"commentCount":1,"publisher":{"@id":"https:\/\/ccaves.org\/blog\/#organization"},"articleSection":["ligue des droits de l'homme de rodez"],"inLanguage":"fr-FR","potentialAction":[{"@type":"CommentAction","name":"Comment","target":["https:\/\/ccaves.org\/blog\/ligue-des-droits-de-lhomme-de-rodez-environnement\/#respond"]}]},{"@type":"WebPage","@id":"https:\/\/ccaves.org\/blog\/ligue-des-droits-de-lhomme-de-rodez-environnement\/","url":"https:\/\/ccaves.org\/blog\/ligue-des-droits-de-lhomme-de-rodez-environnement\/","name":"Ligue des droits de l'Homme de rodez-Environnement - CCAVES","isPartOf":{"@id":"https:\/\/ccaves.org\/blog\/#website"},"datePublished":"2019-10-02T13:50:20+00:00","dateModified":"2019-10-02T15:18:59+00:00","description":"Plateforme d'\u00e9changes et de Coordination des Collectifs et Associations Volontaires en Environnement Sant\u00e9 et Soci\u00e9t\u00e9","breadcrumb":{"@id":"https:\/\/ccaves.org\/blog\/ligue-des-droits-de-lhomme-de-rodez-environnement\/#breadcrumb"},"inLanguage":"fr-FR","potentialAction":[{"@type":"ReadAction","target":["https:\/\/ccaves.org\/blog\/ligue-des-droits-de-lhomme-de-rodez-environnement\/"]}]},{"@type":"BreadcrumbList","@id":"https:\/\/ccaves.org\/blog\/ligue-des-droits-de-lhomme-de-rodez-environnement\/#breadcrumb","itemListElement":[{"@type":"ListItem","position":1,"name":"Accueil","item":"https:\/\/ccaves.org\/blog\/"},{"@type":"ListItem","position":2,"name":"Ligue des droits de l&rsquo;Homme de rodez-Environnement"}]},{"@type":"WebSite","@id":"https:\/\/ccaves.org\/blog\/#website","url":"https:\/\/ccaves.org\/blog\/","name":"CCAVES","description":"Plateforme d&#039;\u00e9changes et de Coordination des Collectifs et Associations Volontaires en Environnement Sant\u00e9 et Soci\u00e9t\u00e9","publisher":{"@id":"https:\/\/ccaves.org\/blog\/#organization"},"alternateName":"Coordination des Collectifs et Associations Volontaires en Environnement Sant\u00e9 et Soci\u00e9t\u00e9","potentialAction":[{"@type":"SearchAction","target":{"@type":"EntryPoint","urlTemplate":"https:\/\/ccaves.org\/blog\/?s={search_term_string}"},"query-input":{"@type":"PropertyValueSpecification","valueRequired":true,"valueName":"search_term_string"}}],"inLanguage":"fr-FR"},{"@type":"Organization","@id":"https:\/\/ccaves.org\/blog\/#organization","name":"Plateforme d'\u00e9changes et de Coordination des Collectifs et Associations Volontaires en Environnement Sant\u00e9 et Soci\u00e9t\u00e9","alternateName":"Plateforme d'\u00e9changes et de Coordination des Collectifs et Associations Volontaires en Environnement Sant\u00e9 et Soci\u00e9t\u00e9","url":"https:\/\/ccaves.org\/blog\/","logo":{"@type":"ImageObject","inLanguage":"fr-FR","@id":"https:\/\/ccaves.org\/blog\/#\/schema\/logo\/image\/","url":"https:\/\/ccaves.org\/blog\/wp-content\/uploads\/Oedicneme-criard-IMP-1024x631.png","contentUrl":"https:\/\/ccaves.org\/blog\/wp-content\/uploads\/Oedicneme-criard-IMP-1024x631.png","width":1024,"height":631,"caption":"Plateforme d'\u00e9changes et de Coordination des Collectifs et Associations Volontaires en Environnement Sant\u00e9 et Soci\u00e9t\u00e9"},"image":{"@id":"https:\/\/ccaves.org\/blog\/#\/schema\/logo\/image\/"}},{"@type":"Person","@id":"https:\/\/ccaves.org\/blog\/#\/schema\/person\/8c9fffb46e7179d4688a164de5fb6f77","name":"ldhrodez","image":{"@type":"ImageObject","inLanguage":"fr-FR","@id":"https:\/\/secure.gravatar.com\/avatar\/6936997909df320c7c976803f2f038afbe0af7af71cd8832231d594f40400c58?s=96&d=mm&r=g","url":"https:\/\/secure.gravatar.com\/avatar\/6936997909df320c7c976803f2f038afbe0af7af71cd8832231d594f40400c58?s=96&d=mm&r=g","contentUrl":"https:\/\/secure.gravatar.com\/avatar\/6936997909df320c7c976803f2f038afbe0af7af71cd8832231d594f40400c58?s=96&d=mm&r=g","caption":"ldhrodez"},"url":"https:\/\/ccaves.org\/blog\/author\/ldhrodez\/"}]}},"_links":{"self":[{"href":"https:\/\/ccaves.org\/blog\/wp-json\/wp\/v2\/posts\/2547","targetHints":{"allow":["GET"]}}],"collection":[{"href":"https:\/\/ccaves.org\/blog\/wp-json\/wp\/v2\/posts"}],"about":[{"href":"https:\/\/ccaves.org\/blog\/wp-json\/wp\/v2\/types\/post"}],"author":[{"embeddable":true,"href":"https:\/\/ccaves.org\/blog\/wp-json\/wp\/v2\/users\/6"}],"replies":[{"embeddable":true,"href":"https:\/\/ccaves.org\/blog\/wp-json\/wp\/v2\/comments?post=2547"}],"version-history":[{"count":1,"href":"https:\/\/ccaves.org\/blog\/wp-json\/wp\/v2\/posts\/2547\/revisions"}],"predecessor-version":[{"id":2548,"href":"https:\/\/ccaves.org\/blog\/wp-json\/wp\/v2\/posts\/2547\/revisions\/2548"}],"wp:attachment":[{"href":"https:\/\/ccaves.org\/blog\/wp-json\/wp\/v2\/media?parent=2547"}],"wp:term":[{"taxonomy":"category","embeddable":true,"href":"https:\/\/ccaves.org\/blog\/wp-json\/wp\/v2\/categories?post=2547"},{"taxonomy":"post_tag","embeddable":true,"href":"https:\/\/ccaves.org\/blog\/wp-json\/wp\/v2\/tags?post=2547"}],"curies":[{"name":"wp","href":"https:\/\/api.w.org\/{rel}","templated":true}]}}