{"id":352,"date":"2018-05-19T22:02:23","date_gmt":"2018-05-19T20:02:23","guid":{"rendered":"http:\/\/ccaves.org\/blog\/?p=352"},"modified":"2019-12-09T13:08:00","modified_gmt":"2019-12-09T12:08:00","slug":"portable-ques-aquo","status":"publish","type":"post","link":"https:\/\/ccaves.org\/blog\/portable-ques-aquo\/","title":{"rendered":"Portable : ques&rsquo; aquo ?"},"content":{"rendered":"<h1 style=\"text-align: center;\"><strong>Portable ques&rsquo; aquo ?<\/strong><\/h1>\n<h2><\/h2>\n<h2><\/h2>\n<h2 style=\"text-align: center;\"><strong>T\u00e9l\u00e9phones cellulaires : questions et r\u00e9ponses<\/strong><\/h2>\n<h4 style=\"text-align: center;\">Un texte tr\u00e8s clair d\u2019Arthur Firstenberg sur le site de la Maison du 21e si\u00e8cle<\/h4>\n<p>&nbsp;<\/p>\n<p style=\"text-align: center;\"><a href=\"https:\/\/maisonsaine.ca\/sante-et-securite\/electrosmog\/telephones-cellulaires-questions-et-reponses.html\" target=\"_blank\" rel=\"noopener noreferrer\">Lire ici l&rsquo;int\u00e9gralit\u00e9 de l&rsquo;article<\/a><\/p>\n<p>&nbsp;<\/p>\n<p>Extraits :<\/p>\n<h3><strong>N\u2019est-ce pas mon choix? Le rayonnement est l\u00e0 de toute fa\u00e7on, alors pourquoi ne devrais-je pas l\u2019utiliser? J\u2019ai besoin de mon t\u00e9l\u00e9phone portable.<\/strong><\/h3>\n<p><strong><br \/>\n<\/strong>Il y a tellement de tours cellulaires partout aujourd\u2019hui qu\u2019il est facile de supposer que vous ne faites rien de pire quand vous faites un appel de t\u00e9l\u00e9phone cellulaire \u2014 que tout ce que vous faites est de puiser dans ce qui existe d\u00e9j\u00e0, comme mettre une voiture sur une autoroute inter-\u00c9tats qui a d\u00e9j\u00e0 \u00e9t\u00e9 construite.<\/p>\n<p><strong>C\u2019est une illusion.<\/strong> Lorsque le t\u00e9l\u00e9phone de tout le monde est \u00e9teint, les tours de t\u00e9l\u00e9phonie cellulaire fonctionnent avec une puissance minimale sur un canal de configuration qui doit \u00eatre diffus\u00e9 en tout temps au cas o\u00f9 quelqu\u2019un souhaite passer un appel. Les choses sont un peu plus complexes aujourd\u2019hui parce que plus de fr\u00e9quences sont utilis\u00e9es, mais c\u2019est la situation de base.<\/p>\n<p><strong>Ce qui se passe lorsque vous allumez votre t\u00e9l\u00e9phone et que vous appelez, c\u2019est que la tour de t\u00e9l\u00e9phonie la plus proche doit activer un canal vocal pour vous, qui diffuse \u00e9galement dans toutes les directions et pollue tout le quartier et continue pour toujours dans l\u2019univers<\/strong>. Si vous avez un t\u00e9l\u00e9phone intelligent et que vous utilisez l\u2019Internet, la tour de t\u00e9l\u00e9phonie mobile ouvre \u00e9galement un canal de donn\u00e9es pour vous.<strong> Et pour que vous puissiez atteindre la personne que vous appelez, la tour cellulaire la plus proche d\u2019elle doit aussi ouvrir un canal juste pour cette personne et envoyer des radiations dans tous les sens, et cette personne doit r\u00e9pondre \u00e0 son t\u00e9l\u00e9phone et envoyer plus de radiations dans tous les sens.<\/strong> Et en semaine pendant le trajet du soir, et toute la journ\u00e9e samedi et dimanche, quand tout le monde est au t\u00e9l\u00e9phone, chaque tour de t\u00e9l\u00e9phonie cellulaire a des centaines de canaux fonctionnant sur des centaines de fr\u00e9quences et \u00e9met beaucoup plus de radiations que tard le soir quand tout le monde a cess\u00e9 d\u2019utiliser son t\u00e9l\u00e9phone.<strong> Lorsque votre t\u00e9l\u00e9phone est \u00e9teint, plusieurs tours de t\u00e9l\u00e9phonie cellulaire sont plus silencieuses. Lorsque vous utilisez votre t\u00e9l\u00e9phone, vous polluez votre voisinage et au moins celui d\u2019une autre personne.<\/strong><\/p>\n<h3><strong>Je ne garde mon t\u00e9l\u00e9phone que pour les cas d\u2019urgence, que lorsque je voyage. Cela a un impact minime, non?<\/strong><\/h3>\n<p><strong><br \/>\nL\u2019autre chose qui arrive lorsque vous faites un appel, c\u2019est que vous exigez un service. Lorsque vous allumez votre t\u00e9l\u00e9phone dans un endroit \u00e9loign\u00e9 o\u00f9 le service de t\u00e9l\u00e9phonie cellulaire est faible ou inexistant, votre fournisseur l\u2019enregistre comme demande de service. S\u2019il obtient suffisamment de demandes de service \u00e0 cet endroit, il construira une tour de t\u00e9l\u00e9phonie cellulaire l\u00e0-bas.<\/strong> M\u00eame dans une ville, lorsque en m\u00eame temps plus de personnes t\u00e9l\u00e9phonent qu\u2019il n\u2019y a de capacit\u00e9 dans la tour la plus proche ou lorsque tout le monde utilise plus de bande passante ou plus d\u2019applications que la tour ne peut g\u00e9rer, les appels commencent \u00e0 \u00eatre interrompus. Or chaque appel interrompu est enregistr\u00e9 comme une demande de service, et bient\u00f4t votre ville re\u00e7oit des demandes pour encore plus de tours de t\u00e9l\u00e9phonie cellulaire pour g\u00e9rer l\u2019augmentation du trafic.<\/p>\n<p>(&#8230;)<\/p>\n<p><strong>Mon t\u00e9l\u00e9phone portable ne me donne pas mal \u00e0 la t\u00eate. Peut-il \u00eatre si mauvais?<br \/>\n<\/strong>Comme le tissu c\u00e9r\u00e9bral n\u2019a pas de r\u00e9cepteurs de la douleur, nous ne ressentons pas la blessure. M\u00eame un mal de t\u00eate ne vous dit pas ce qui se passe dans votre t\u00eate. Le neurochirurgien Leif Salford et ses coll\u00e8gues en Su\u00e8de ont d\u00e9couvert qu\u2019une seule exposition de deux heures \u00e0 un t\u00e9l\u00e9phone cellulaire d\u00e9truit d\u00e9finitivement jusqu\u2019\u00e0 deux pour cent des cellules c\u00e9r\u00e9brales d\u2019un rat<sup>6<\/sup>. Superficiellement, les rats vont bien, mais deux pour cent de leur cerveau a disparu. Les exp\u00e9riences ont donn\u00e9 des r\u00e9sultats similaires m\u00eame lorsque le niveau d\u2019exposition a \u00e9t\u00e9 r\u00e9duit au centuple. Et dans des exp\u00e9riences sur la barri\u00e8re h\u00e9mato-enc\u00e9phalique, ils ont r\u00e9duit le niveau d\u2019exposition de dix mille fois et ont constat\u00e9 que les dommages \u00e0 la barri\u00e8re h\u00e9mato-enc\u00e9phalique \u00e9taient plus graves lorsque le niveau d\u2019exposition \u00e9tait r\u00e9duit<sup>7<\/sup>. Cela signifie que tenir le t\u00e9l\u00e9phone loin de votre t\u00eate ne vous prot\u00e8ge pas. Cela signifie que si vous utilisez un casque Bluetooth, qui n\u2019\u00e9met que 2,5 milliwatts, vous vous faites plus de d\u00e9g\u00e2ts que si vous tenez le t\u00e9l\u00e9phone \u00e0 la t\u00eate. La barri\u00e8re h\u00e9mato-enc\u00e9phalique maintient les bact\u00e9ries, les virus et les produits chimiques toxiques hors du cerveau et maintient le cerveau \u00e0 pression constante. Trop de pression intracr\u00e2nienne peut conduire \u00e0 un accident vasculaire c\u00e9r\u00e9bral (AVC).<\/p>\n<p><strong>\u00c0 quelle vitesse les dommages \u00e0 la barri\u00e8re h\u00e9mato-enc\u00e9phalique se produisent-ils?<br \/>\n<\/strong>Une fuite de la barri\u00e8re h\u00e9mato-enc\u00e9phalique est d\u00e9tectable dans les deux minutes suivant l\u2019exposition et elle commence probablement apr\u00e8s quelques secondes.<\/p>\n<hr \/>\n<hr \/>\n<hr \/>\n<hr \/>\n<h2><\/h2>\n<h2 style=\"text-align: center;\"><strong>Champs \u00e9lectromagn\u00e9tiques,<\/strong><\/h2>\n<h2 style=\"text-align: center;\"><strong>ce qu&rsquo;il faut savoir<\/strong><\/h2>\n<h4 style=\"text-align: center;\">\u00a0 prospectus \u00e0 t\u00e9l\u00e9charger sur la 5G, la WIFi, l&rsquo;\u00e9lectricit\u00e9, les normes et l&rsquo;industrie du doute&#8230;.<\/h4>\n<p style=\"text-align: center;\"><a href=\"http:\/\/ccaves.org\/blog\/wp-content\/uploads\/tract-CEM-4pages-03122018-3.pdf\" target=\"_blank\" rel=\"noopener noreferrer\">Lire ici<\/a><\/p>\n<hr \/>\n<h4 style=\"text-align: center;\"><strong>\u00a0\u00e0 compl\u00e9ter par le prospectus \u00e0 t\u00e9l\u00e9charger sur les \u00e9crans, les enfants et les champs \u00e9lectromagn\u00e9tiques:<\/strong><\/h4>\n<h5 style=\"text-align: center;\"><a href=\"http:\/\/ccaves.org\/blog\/wp-content\/uploads\/enfants-et-cem-f\u00e9vrier-2019.pdf\" target=\"_blank\" rel=\"noopener noreferrer\">T\u00e9l\u00e9charger ici<\/a><\/h5>\n<hr \/>\n<hr \/>\n<h2 style=\"text-align: center;\"><strong>Vivre sans portable<\/strong><\/h2>\n<p style=\"text-align: center;\">article du Nouvel Observateur<\/p>\n<p style=\"text-align: center;\"><a href=\"http:\/\/ccaves.org\/blog\/les-vrais-dangers-du-telephone-portable\/\" target=\"_blank\" rel=\"noopener noreferrer\">Cliquer ici<\/a><\/p>\n<hr \/>\n<hr \/>\n<h2 style=\"text-align: center;\"><strong>Fiction \u00ab\u00a0Monde connect\u00e9, corps malades\u00a0\u00bb\u00a0<\/strong><\/h2>\n<h2 style=\"text-align: center;\"><strong> un conseil municipal d\u00e9bat des champs \u00e9lectromagn\u00e9tiques, des compteurs communicants et de l'(in)intelligence artificielle<\/strong><\/h2>\n<p style=\"text-align: center;\"><a href=\"https:\/\/ccaves.org\/blog\/wp-content\/uploads\/Monde-connect\u00e9-corps-malade-Dialogue-en-conseil-3.pdf\" target=\"_blank\" rel=\"noopener noreferrer\">Lire ici<\/a><\/p>\n<hr \/>\n<hr \/>\n<h2 class=\"title style-scope ytd-video-primary-info-renderer\" style=\"text-align: center;\"><strong>\u00a0Le t\u00e9l\u00e9phone portable, une arme d&rsquo;addiction massive<\/strong><\/h2>\n<p style=\"text-align: center;\">Temps Pr\u00e9sent, \u00e9mission de la Radio T\u00e9l\u00e9vision Suisse (RTS). <span class=\"date style-scope ytd-video-secondary-info-renderer\">Ajout\u00e9 le 11 janv. 2019.<\/span><\/p>\n<div id=\"content\" class=\"style-scope ytd-expander\">\n<div id=\"description\" class=\"style-scope ytd-video-secondary-info-renderer\">Avec l\u2019apparition du premier smartphone en 2007, la premi\u00e8re g\u00e9n\u00e9ration d\u2019ados \u00ab smartphone-compatible\u00bb est n\u00e9e et avec elle toutes les inqui\u00e9tudes li\u00e9es \u00e0 l\u2019utilisation excessive du t\u00e9l\u00e9phone portable. Entre d\u00e9pendance et addiction la fronti\u00e8re est fragile et on ne s\u2019en rend pas toujours compte. Comment limiter, voire interdire, un outil que nous utilisons tous ? Et surtout dont personne ou presque ne pourrait se passer ?<\/div>\n<\/div>\n<p><a href=\"https:\/\/www.youtube.com\/watch?v=aAp1bOyPTbA\">https:\/\/www.youtube.com\/watch?v=aAp1bOyPTbA<\/a><\/p>\n<hr \/>\n<hr \/>\n<h2 style=\"text-align: center;\"><strong>France Culture<\/strong><\/h2>\n<h2 style=\"text-align: center;\"><strong>\u00a0 Smartphone pour tous, quel prix pour la plan\u00e8te ?<\/strong><\/h2>\n<p style=\"text-align: center;\"><strong>Un monde sans fil ! (4\/4), <\/strong>Cultures Monde, Florian Delorme, 28\/02\/2019<\/p>\n<p style=\"text-align: center;\">En moyenne, nous changeons de t\u00e9l\u00e9phone portable tous les deux ans. Une dur\u00e9e de vie tr\u00e8s courte pour un objet qui co\u00fbte excessivement cher \u00e0 la plan\u00e8te.<\/p>\n<blockquote><p>L&rsquo;\u00e9mission des gaz \u00e0 effet de serre li\u00e9e \u00e0 la production des t\u00e9l\u00e9phones est en pleine croissance. Si on continue \u00e0 ce rythme, en 2030 on sera au m\u00eame ordre de grandeur que les \u00e9missions li\u00e9es \u00e0 l&rsquo;industrie automobile. <strong>Fran\u00e7oise Berthoud<\/strong><\/p><\/blockquote>\n<p style=\"text-align: center;\">Il faut dire que nos t\u00e9l\u00e9phones portables sont compos\u00e9s des minerais les plus pr\u00e9cieux\u00a0: or, tantale, \u00e9tain, tungst\u00e8ne ou encore lithium. Des mat\u00e9riaux disponibles en quantit\u00e9s limit\u00e9es et dont l\u2019extraction pollue \u00e9norm\u00e9ment.<\/p>\n<h2 style=\"text-align: center;\">Une terrible empreinte<\/h2>\n<p style=\"text-align: center;\">D\u00e9versement de produits toxiques, radioactivit\u00e9, \u00e9mission de gaz \u00e0 effet de serre, contamination des sols, de l\u2019eau. Le bilan \u00e9cologique est d\u00e9sastreux. En plus du co\u00fbt pour la Terre s\u2019ajoute le co\u00fbt humain. Certains composants sont surnomm\u00e9s \u00ab\u00a0les minerais de sang\u00a0\u00bb pour souligner leurs liens avec des conflits arm\u00e9s particuli\u00e8rement sanglants &#8211; en R\u00e9publique d\u00e9mocratique du Congo notamment.<\/p>\n<p style=\"text-align: center;\">Alors quelle est l\u2019empreinte r\u00e9elle de nos smartphones\u00a0? Peut-on r\u00e9duire l\u2019impact environnemental de ces objets high-tech\u00a0? Un t\u00e9l\u00e9phone vert et \u00e9thique est-il possible\u00a0? Le recyclage, voire la r\u00e9paration, pourraient-ils r\u00e9duire un tant soit peu son co\u00fbt astronomique\u00a0?<\/p>\n<h3 style=\"text-align: center;\"><a href=\"https:\/\/ccaves.org\/blog\/wp-content\/uploads\/28.02.2019-Fr-Culture-Smartphone-pour-tous-quel-prix-pour-la-plan\u00e8te.mp3\" target=\"_blank\" rel=\"noopener noreferrer\">\u00c9couter l&rsquo;\u00e9mission ici<\/a><\/h3>\n<p style=\"text-align: center;\"><a class=\"PrettyLink profile customisable h-card\" dir=\"ltr\" href=\"https:\/\/twitter.com\/GuillaumePitron\" data-mentioned-user-id=\"1225022118\" data-scribe=\"element:mention\"><span class=\"PrettyLink-value\">GuillaumePitron<\/span><\/a> : \u00ab\u00a0Aujourd&rsquo;hui, un smartphone contient jusqu&rsquo;\u00e0 55 m\u00e9taux.<\/p>\n<p style=\"text-align: center;\"><strong>Faire clic droit, puis afficher l&rsquo;image<\/strong><\/p>\n<p style=\"text-align: center;\"><img loading=\"lazy\" decoding=\"async\" class=\"aligncenter\" src=\"https:\/\/pbs.twimg.com\/media\/D0fCupkX0AA5Gpj.jpg\" alt=\"\" width=\"297\" height=\"297\" data-aria-label-part=\"\" \/><\/p>\n<p style=\"text-align: center;\">Fran\u00e7oise Berthoud : \u00ab\u00a0Les pollutions vont jusqu&rsquo;aux nappes phr\u00e9atiques et donc jusqu&rsquo;aux cultures via l&rsquo;irrigation.<\/p>\n<p style=\"text-align: center;\"><strong>Faire clic droit, puis afficher l&rsquo;image<\/strong><\/p>\n<p style=\"text-align: center;\"><img loading=\"lazy\" decoding=\"async\" class=\"\" src=\"https:\/\/pbs.twimg.com\/media\/D0fEyMSW0AAci0Y.png:small\" width=\"319\" height=\"319\" \/><\/p>\n<p style=\"text-align: center;\"><a class=\"twitter-atreply dir-ltr\" dir=\"ltr\" href=\"https:\/\/mobile.twitter.com\/GuillaumePitron\" data-mentioned-user-id=\"1225022118\" data-screenname=\"GuillaumePitron\">@GuillaumePitron<\/a> :On a limit\u00e9 la notion de conflit aux minerais qui sont li\u00e9s aux conflits militaires mais on pourrait \u00e9tendre cette loi aux conflits sociaux et environnementaux.<\/p>\n<p style=\"text-align: center;\"><strong>Faire clic droit, puis afficher l&rsquo;image<\/strong><\/p>\n<p style=\"text-align: center;\"><img loading=\"lazy\" decoding=\"async\" class=\"\" src=\"https:\/\/pbs.twimg.com\/media\/D0fGDwIWoAEbK76.jpg:small\" width=\"296\" height=\"296\" \/><\/p>\n<p><img loading=\"lazy\" decoding=\"async\" class=\"aligncenter\" src=\"https:\/\/pbs.twimg.com\/media\/D0fKKDEW0AAfq_z.jpg:small\" width=\"287\" height=\"287\" \/><\/p>\n<h3><\/h3>\n<hr \/>\n<hr \/>\n<hr \/>\n<h3 style=\"text-align: center;\"><strong>EHS &#8211; Nouvelle avanc\u00e9e judiciaire en France &#8211; Reconnaissance de l\u2019\u00e9lectrosensibilit\u00e9 comme maladie professionnelle<\/strong><\/h3>\n<div class=\"chapeau\" style=\"text-align: center;\">COMMUNIQUE de PRIARTEM du 23 janvier 2019<\/div>\n<div style=\"text-align: center;\"><\/div>\n<div style=\"text-align: center;\"><a href=\"http:\/\/www.priartem.fr\/EHS-Nouvelle-avancee-judiciaire-en.html\"><strong>Lire ici en entier<\/strong><\/a><\/div>\n<div class=\"texte\">\n<p class=\"spip\" style=\"text-align: center;\">Par jugement du 17 janvier dernier, le Tribunal administratif de Cergy-Pontoise enjoint l\u2019organisme public qui l\u2019emploie, de reconna\u00eetre l\u2019\u00e9lectrohypersensibilit\u00e9 d\u2019un technicien de recherche comme imputable au service &#8211; l\u2019\u00e9quivalent pour les fonctionnaires de la reconnaissance en maladie professionnelle.<\/p>\n<p class=\"spip\" style=\"text-align: center;\">Pour <strong class=\"spip\">Sophie PELLETIER,<\/strong> pr\u00e9sidente de PRIARTEM, il s\u2019agit d\u2019une double <strong class=\"spip\">\u00ab\u00a0premi\u00e8re\u00a0\u00bb<\/strong>\u00a0: <i class=\"spip\">\u00ab\u00a0C\u2019est la premi\u00e8re fois que la juridiction administrative &#8211; dont d\u00e9pendent les agents de la fonction publique \u2013 se prononce favorablement sur cette question. Et cerise sur le g\u00e2teau, c\u2019est la premi\u00e8re fois en France qu\u2019une d\u00e9cision de justice reconna\u00eet l\u2019intol\u00e9rance aux ondes \u00e9lectromagn\u00e9tiques comme maladie imputable au travail\u00a0\u00bb. <\/i> Cette d\u00e9cision arrive apr\u00e8s un long parcours du combattant pour l\u2019agent, atteint de troubles neurov\u00e9g\u00e9tatifs. Celui-ci \u00e9tait tomb\u00e9 malade il y a dix ans apr\u00e8s avoir travaill\u00e9 pendant deux ans sur un appareil \u00e9mettant de forts champs \u00e9lectromagn\u00e9tiques.<\/p>\n<hr \/>\n<hr \/>\n<hr \/>\n<h3 style=\"text-align: center;\"><strong>5G, \u00e9cole num\u00e9rique, \u00e9lectro-hypersensibilit\u00e9<\/strong> :<\/h3>\n<p style=\"text-align: center;\">courrier envoy\u00e9 aux parlementaires, sections locales des syndicats de l&rsquo;enseignement, f\u00e9d\u00e9rations des parents d&rsquo;\u00e9l\u00e8ves, section d&rsquo;ATTAC et de la CLCV<\/p>\n<p style=\"text-align: center;\">par la F\u00e9d\u00e9ration pour la vie et la Sauvegarde des Grands Causses,\u00a0 les collectifs aveyronnais du Sud-Ouest Aveyron, du Saint-Affricain, du Nord-Aveyron, de Millau, du Vallon, 15 d\u00e9cembre 2018<\/p>\n<p style=\"text-align: center;\" align=\"JUSTIFY\"><a href=\"http:\/\/ccaves.org\/blog\/wp-content\/uploads\/mails-aux-sections-syndicats-enseignements-sur-la-5G.pdf\" target=\"_blank\" rel=\"noopener noreferrer\">Lire ici<\/a><\/p>\n<hr \/>\n<hr \/>\n<hr \/>\n<h3 class=\"access\" style=\"text-align: center;\"><strong>VRAI \/ FAUX sur la t\u00e9l\u00e9phonie mobile et le Wi-fi<\/strong><\/h3>\n<p style=\"text-align: center;\">Voici les arguments des personnes qui ignorent ou contestent la toxicit\u00e9 des \u00e9missions type t\u00e9l\u00e9phonie mobile (t\u00e9l\u00e9phones portables, antennes-relais, Wi-fi, Dect, Bluetooth&#8230;) dans son d\u00e9veloppement technique actuel :<\/p>\n<p style=\"text-align: center;\"><a href=\"https:\/\/www.robindestoits.org\/VRAI-FAUX-sur-la-telephonie-mobile-et-le-Wi-fi_a1524.html\" target=\"_blank\" rel=\"noopener noreferrer\">Lire ici sur le site de Robin des Toits les contre-arguments<\/a><\/p>\n<p style=\"text-align: center;\"><a href=\"http:\/\/ccaves.org\/blog\/wp-content\/uploads\/WIFI-suite-par-RDT.pdf\" target=\"_blank\" rel=\"noopener noreferrer\">et ici en version PDF<\/a><\/p>\n<hr \/>\n<hr \/>\n<hr \/>\n<p>&nbsp;<\/p>\n<\/div>\n","protected":false},"excerpt":{"rendered":"<p>Portable ques&rsquo; aquo ? T\u00e9l\u00e9phones cellulaires : questions et r\u00e9ponses Un texte tr\u00e8s clair d\u2019Arthur Firstenberg sur le site de<\/p>\n","protected":false},"author":4,"featured_media":0,"comment_status":"open","ping_status":"open","sticky":false,"template":"","format":"standard","meta":{"colormag_page_container_layout":"default_layout","colormag_page_sidebar_layout":"default_layout","footnotes":""},"categories":[38],"tags":[46],"class_list":["post-352","post","type-post","status-publish","format-standard","hentry","category-portable-ques-aquo","tag-portable"],"yoast_head":"<!-- This site is optimized with the Yoast SEO plugin v27.5 - https:\/\/yoast.com\/product\/yoast-seo-wordpress\/ -->\n<title>Portable : ques&#039; aquo ? - CCAVES<\/title>\n<meta name=\"description\" content=\"Plateforme d&#039;\u00e9changes et de Coordination des Collectifs et Associations Volontaires en Environnement Sant\u00e9 et Soci\u00e9t\u00e9\" \/>\n<meta name=\"robots\" content=\"index, follow, max-snippet:-1, max-image-preview:large, max-video-preview:-1\" \/>\n<link rel=\"canonical\" href=\"https:\/\/ccaves.org\/blog\/portable-ques-aquo\/\" \/>\n<meta property=\"og:locale\" content=\"fr_FR\" \/>\n<meta property=\"og:type\" content=\"article\" \/>\n<meta property=\"og:title\" content=\"Portable : ques&#039; aquo ? - CCAVES\" \/>\n<meta property=\"og:description\" content=\"Plateforme d&#039;\u00e9changes et de Coordination des Collectifs et Associations Volontaires en Environnement Sant\u00e9 et Soci\u00e9t\u00e9\" \/>\n<meta property=\"og:url\" content=\"https:\/\/ccaves.org\/blog\/portable-ques-aquo\/\" \/>\n<meta property=\"og:site_name\" content=\"CCAVES\" \/>\n<meta property=\"article:published_time\" content=\"2018-05-19T20:02:23+00:00\" \/>\n<meta property=\"article:modified_time\" content=\"2019-12-09T12:08:00+00:00\" \/>\n<meta property=\"og:image\" content=\"https:\/\/pbs.twimg.com\/media\/D0fCupkX0AA5Gpj.jpg\" \/>\n<meta name=\"author\" content=\"collectifvallon\" \/>\n<meta name=\"twitter:card\" content=\"summary_large_image\" \/>\n<meta name=\"twitter:label1\" content=\"\u00c9crit par\" \/>\n\t<meta name=\"twitter:data1\" content=\"collectifvallon\" \/>\n\t<meta name=\"twitter:label2\" content=\"Dur\u00e9e de lecture estim\u00e9e\" \/>\n\t<meta name=\"twitter:data2\" content=\"9 minutes\" \/>\n<script type=\"application\/ld+json\" class=\"yoast-schema-graph\">{\"@context\":\"https:\\\/\\\/schema.org\",\"@graph\":[{\"@type\":\"Article\",\"@id\":\"https:\\\/\\\/ccaves.org\\\/blog\\\/portable-ques-aquo\\\/#article\",\"isPartOf\":{\"@id\":\"https:\\\/\\\/ccaves.org\\\/blog\\\/portable-ques-aquo\\\/\"},\"author\":{\"name\":\"collectifvallon\",\"@id\":\"https:\\\/\\\/ccaves.org\\\/blog\\\/#\\\/schema\\\/person\\\/d776b30895ca193bcb27a7923f266e29\"},\"headline\":\"Portable : ques&rsquo; aquo ?\",\"datePublished\":\"2018-05-19T20:02:23+00:00\",\"dateModified\":\"2019-12-09T12:08:00+00:00\",\"mainEntityOfPage\":{\"@id\":\"https:\\\/\\\/ccaves.org\\\/blog\\\/portable-ques-aquo\\\/\"},\"wordCount\":1769,\"commentCount\":0,\"publisher\":{\"@id\":\"https:\\\/\\\/ccaves.org\\\/blog\\\/#organization\"},\"image\":{\"@id\":\"https:\\\/\\\/ccaves.org\\\/blog\\\/portable-ques-aquo\\\/#primaryimage\"},\"thumbnailUrl\":\"https:\\\/\\\/pbs.twimg.com\\\/media\\\/D0fCupkX0AA5Gpj.jpg\",\"keywords\":[\"Portable\"],\"articleSection\":[\"Portable : ques' aquo ?\"],\"inLanguage\":\"fr-FR\",\"potentialAction\":[{\"@type\":\"CommentAction\",\"name\":\"Comment\",\"target\":[\"https:\\\/\\\/ccaves.org\\\/blog\\\/portable-ques-aquo\\\/#respond\"]}]},{\"@type\":\"WebPage\",\"@id\":\"https:\\\/\\\/ccaves.org\\\/blog\\\/portable-ques-aquo\\\/\",\"url\":\"https:\\\/\\\/ccaves.org\\\/blog\\\/portable-ques-aquo\\\/\",\"name\":\"Portable : ques' aquo ? - CCAVES\",\"isPartOf\":{\"@id\":\"https:\\\/\\\/ccaves.org\\\/blog\\\/#website\"},\"primaryImageOfPage\":{\"@id\":\"https:\\\/\\\/ccaves.org\\\/blog\\\/portable-ques-aquo\\\/#primaryimage\"},\"image\":{\"@id\":\"https:\\\/\\\/ccaves.org\\\/blog\\\/portable-ques-aquo\\\/#primaryimage\"},\"thumbnailUrl\":\"https:\\\/\\\/pbs.twimg.com\\\/media\\\/D0fCupkX0AA5Gpj.jpg\",\"datePublished\":\"2018-05-19T20:02:23+00:00\",\"dateModified\":\"2019-12-09T12:08:00+00:00\",\"description\":\"Plateforme d'\u00e9changes et de Coordination des Collectifs et Associations Volontaires en Environnement Sant\u00e9 et Soci\u00e9t\u00e9\",\"breadcrumb\":{\"@id\":\"https:\\\/\\\/ccaves.org\\\/blog\\\/portable-ques-aquo\\\/#breadcrumb\"},\"inLanguage\":\"fr-FR\",\"potentialAction\":[{\"@type\":\"ReadAction\",\"target\":[\"https:\\\/\\\/ccaves.org\\\/blog\\\/portable-ques-aquo\\\/\"]}]},{\"@type\":\"ImageObject\",\"inLanguage\":\"fr-FR\",\"@id\":\"https:\\\/\\\/ccaves.org\\\/blog\\\/portable-ques-aquo\\\/#primaryimage\",\"url\":\"https:\\\/\\\/pbs.twimg.com\\\/media\\\/D0fCupkX0AA5Gpj.jpg\",\"contentUrl\":\"https:\\\/\\\/pbs.twimg.com\\\/media\\\/D0fCupkX0AA5Gpj.jpg\"},{\"@type\":\"BreadcrumbList\",\"@id\":\"https:\\\/\\\/ccaves.org\\\/blog\\\/portable-ques-aquo\\\/#breadcrumb\",\"itemListElement\":[{\"@type\":\"ListItem\",\"position\":1,\"name\":\"Accueil\",\"item\":\"https:\\\/\\\/ccaves.org\\\/blog\\\/\"},{\"@type\":\"ListItem\",\"position\":2,\"name\":\"Portable : ques&rsquo; aquo ?\"}]},{\"@type\":\"WebSite\",\"@id\":\"https:\\\/\\\/ccaves.org\\\/blog\\\/#website\",\"url\":\"https:\\\/\\\/ccaves.org\\\/blog\\\/\",\"name\":\"CCAVES\",\"description\":\"Plateforme d&#039;\u00e9changes et de Coordination des Collectifs et Associations Volontaires en Environnement Sant\u00e9 et Soci\u00e9t\u00e9\",\"publisher\":{\"@id\":\"https:\\\/\\\/ccaves.org\\\/blog\\\/#organization\"},\"alternateName\":\"Coordination des Collectifs et Associations Volontaires en Environnement Sant\u00e9 et Soci\u00e9t\u00e9\",\"potentialAction\":[{\"@type\":\"SearchAction\",\"target\":{\"@type\":\"EntryPoint\",\"urlTemplate\":\"https:\\\/\\\/ccaves.org\\\/blog\\\/?s={search_term_string}\"},\"query-input\":{\"@type\":\"PropertyValueSpecification\",\"valueRequired\":true,\"valueName\":\"search_term_string\"}}],\"inLanguage\":\"fr-FR\"},{\"@type\":\"Organization\",\"@id\":\"https:\\\/\\\/ccaves.org\\\/blog\\\/#organization\",\"name\":\"Plateforme d'\u00e9changes et de Coordination des Collectifs et Associations Volontaires en Environnement Sant\u00e9 et Soci\u00e9t\u00e9\",\"alternateName\":\"Plateforme d'\u00e9changes et de Coordination des Collectifs et Associations Volontaires en Environnement Sant\u00e9 et Soci\u00e9t\u00e9\",\"url\":\"https:\\\/\\\/ccaves.org\\\/blog\\\/\",\"logo\":{\"@type\":\"ImageObject\",\"inLanguage\":\"fr-FR\",\"@id\":\"https:\\\/\\\/ccaves.org\\\/blog\\\/#\\\/schema\\\/logo\\\/image\\\/\",\"url\":\"https:\\\/\\\/ccaves.org\\\/blog\\\/wp-content\\\/uploads\\\/Oedicneme-criard-IMP-1024x631.png\",\"contentUrl\":\"https:\\\/\\\/ccaves.org\\\/blog\\\/wp-content\\\/uploads\\\/Oedicneme-criard-IMP-1024x631.png\",\"width\":1024,\"height\":631,\"caption\":\"Plateforme d'\u00e9changes et de Coordination des Collectifs et Associations Volontaires en Environnement Sant\u00e9 et Soci\u00e9t\u00e9\"},\"image\":{\"@id\":\"https:\\\/\\\/ccaves.org\\\/blog\\\/#\\\/schema\\\/logo\\\/image\\\/\"}},{\"@type\":\"Person\",\"@id\":\"https:\\\/\\\/ccaves.org\\\/blog\\\/#\\\/schema\\\/person\\\/d776b30895ca193bcb27a7923f266e29\",\"name\":\"collectifvallon\",\"image\":{\"@type\":\"ImageObject\",\"inLanguage\":\"fr-FR\",\"@id\":\"https:\\\/\\\/secure.gravatar.com\\\/avatar\\\/fb252f144334c6af21b3edf929630a011715a9a10cebad3a3dc971a32be991db?s=96&d=mm&r=g\",\"url\":\"https:\\\/\\\/secure.gravatar.com\\\/avatar\\\/fb252f144334c6af21b3edf929630a011715a9a10cebad3a3dc971a32be991db?s=96&d=mm&r=g\",\"contentUrl\":\"https:\\\/\\\/secure.gravatar.com\\\/avatar\\\/fb252f144334c6af21b3edf929630a011715a9a10cebad3a3dc971a32be991db?s=96&d=mm&r=g\",\"caption\":\"collectifvallon\"},\"url\":\"https:\\\/\\\/ccaves.org\\\/blog\\\/author\\\/loic\\\/\"}]}<\/script>\n<!-- \/ Yoast SEO plugin. -->","yoast_head_json":{"title":"Portable : ques' aquo ? - CCAVES","description":"Plateforme d'\u00e9changes et de Coordination des Collectifs et Associations Volontaires en Environnement Sant\u00e9 et Soci\u00e9t\u00e9","robots":{"index":"index","follow":"follow","max-snippet":"max-snippet:-1","max-image-preview":"max-image-preview:large","max-video-preview":"max-video-preview:-1"},"canonical":"https:\/\/ccaves.org\/blog\/portable-ques-aquo\/","og_locale":"fr_FR","og_type":"article","og_title":"Portable : ques' aquo ? - CCAVES","og_description":"Plateforme d'\u00e9changes et de Coordination des Collectifs et Associations Volontaires en Environnement Sant\u00e9 et Soci\u00e9t\u00e9","og_url":"https:\/\/ccaves.org\/blog\/portable-ques-aquo\/","og_site_name":"CCAVES","article_published_time":"2018-05-19T20:02:23+00:00","article_modified_time":"2019-12-09T12:08:00+00:00","og_image":[{"url":"https:\/\/pbs.twimg.com\/media\/D0fCupkX0AA5Gpj.jpg","type":"","width":"","height":""}],"author":"collectifvallon","twitter_card":"summary_large_image","twitter_misc":{"\u00c9crit par":"collectifvallon","Dur\u00e9e de lecture estim\u00e9e":"9 minutes"},"schema":{"@context":"https:\/\/schema.org","@graph":[{"@type":"Article","@id":"https:\/\/ccaves.org\/blog\/portable-ques-aquo\/#article","isPartOf":{"@id":"https:\/\/ccaves.org\/blog\/portable-ques-aquo\/"},"author":{"name":"collectifvallon","@id":"https:\/\/ccaves.org\/blog\/#\/schema\/person\/d776b30895ca193bcb27a7923f266e29"},"headline":"Portable : ques&rsquo; aquo ?","datePublished":"2018-05-19T20:02:23+00:00","dateModified":"2019-12-09T12:08:00+00:00","mainEntityOfPage":{"@id":"https:\/\/ccaves.org\/blog\/portable-ques-aquo\/"},"wordCount":1769,"commentCount":0,"publisher":{"@id":"https:\/\/ccaves.org\/blog\/#organization"},"image":{"@id":"https:\/\/ccaves.org\/blog\/portable-ques-aquo\/#primaryimage"},"thumbnailUrl":"https:\/\/pbs.twimg.com\/media\/D0fCupkX0AA5Gpj.jpg","keywords":["Portable"],"articleSection":["Portable : ques' aquo ?"],"inLanguage":"fr-FR","potentialAction":[{"@type":"CommentAction","name":"Comment","target":["https:\/\/ccaves.org\/blog\/portable-ques-aquo\/#respond"]}]},{"@type":"WebPage","@id":"https:\/\/ccaves.org\/blog\/portable-ques-aquo\/","url":"https:\/\/ccaves.org\/blog\/portable-ques-aquo\/","name":"Portable : ques' aquo ? - CCAVES","isPartOf":{"@id":"https:\/\/ccaves.org\/blog\/#website"},"primaryImageOfPage":{"@id":"https:\/\/ccaves.org\/blog\/portable-ques-aquo\/#primaryimage"},"image":{"@id":"https:\/\/ccaves.org\/blog\/portable-ques-aquo\/#primaryimage"},"thumbnailUrl":"https:\/\/pbs.twimg.com\/media\/D0fCupkX0AA5Gpj.jpg","datePublished":"2018-05-19T20:02:23+00:00","dateModified":"2019-12-09T12:08:00+00:00","description":"Plateforme d'\u00e9changes et de Coordination des Collectifs et Associations Volontaires en Environnement Sant\u00e9 et Soci\u00e9t\u00e9","breadcrumb":{"@id":"https:\/\/ccaves.org\/blog\/portable-ques-aquo\/#breadcrumb"},"inLanguage":"fr-FR","potentialAction":[{"@type":"ReadAction","target":["https:\/\/ccaves.org\/blog\/portable-ques-aquo\/"]}]},{"@type":"ImageObject","inLanguage":"fr-FR","@id":"https:\/\/ccaves.org\/blog\/portable-ques-aquo\/#primaryimage","url":"https:\/\/pbs.twimg.com\/media\/D0fCupkX0AA5Gpj.jpg","contentUrl":"https:\/\/pbs.twimg.com\/media\/D0fCupkX0AA5Gpj.jpg"},{"@type":"BreadcrumbList","@id":"https:\/\/ccaves.org\/blog\/portable-ques-aquo\/#breadcrumb","itemListElement":[{"@type":"ListItem","position":1,"name":"Accueil","item":"https:\/\/ccaves.org\/blog\/"},{"@type":"ListItem","position":2,"name":"Portable : ques&rsquo; aquo ?"}]},{"@type":"WebSite","@id":"https:\/\/ccaves.org\/blog\/#website","url":"https:\/\/ccaves.org\/blog\/","name":"CCAVES","description":"Plateforme d&#039;\u00e9changes et de Coordination des Collectifs et Associations Volontaires en Environnement Sant\u00e9 et Soci\u00e9t\u00e9","publisher":{"@id":"https:\/\/ccaves.org\/blog\/#organization"},"alternateName":"Coordination des Collectifs et Associations Volontaires en Environnement Sant\u00e9 et Soci\u00e9t\u00e9","potentialAction":[{"@type":"SearchAction","target":{"@type":"EntryPoint","urlTemplate":"https:\/\/ccaves.org\/blog\/?s={search_term_string}"},"query-input":{"@type":"PropertyValueSpecification","valueRequired":true,"valueName":"search_term_string"}}],"inLanguage":"fr-FR"},{"@type":"Organization","@id":"https:\/\/ccaves.org\/blog\/#organization","name":"Plateforme d'\u00e9changes et de Coordination des Collectifs et Associations Volontaires en Environnement Sant\u00e9 et Soci\u00e9t\u00e9","alternateName":"Plateforme d'\u00e9changes et de Coordination des Collectifs et Associations Volontaires en Environnement Sant\u00e9 et Soci\u00e9t\u00e9","url":"https:\/\/ccaves.org\/blog\/","logo":{"@type":"ImageObject","inLanguage":"fr-FR","@id":"https:\/\/ccaves.org\/blog\/#\/schema\/logo\/image\/","url":"https:\/\/ccaves.org\/blog\/wp-content\/uploads\/Oedicneme-criard-IMP-1024x631.png","contentUrl":"https:\/\/ccaves.org\/blog\/wp-content\/uploads\/Oedicneme-criard-IMP-1024x631.png","width":1024,"height":631,"caption":"Plateforme d'\u00e9changes et de Coordination des Collectifs et Associations Volontaires en Environnement Sant\u00e9 et Soci\u00e9t\u00e9"},"image":{"@id":"https:\/\/ccaves.org\/blog\/#\/schema\/logo\/image\/"}},{"@type":"Person","@id":"https:\/\/ccaves.org\/blog\/#\/schema\/person\/d776b30895ca193bcb27a7923f266e29","name":"collectifvallon","image":{"@type":"ImageObject","inLanguage":"fr-FR","@id":"https:\/\/secure.gravatar.com\/avatar\/fb252f144334c6af21b3edf929630a011715a9a10cebad3a3dc971a32be991db?s=96&d=mm&r=g","url":"https:\/\/secure.gravatar.com\/avatar\/fb252f144334c6af21b3edf929630a011715a9a10cebad3a3dc971a32be991db?s=96&d=mm&r=g","contentUrl":"https:\/\/secure.gravatar.com\/avatar\/fb252f144334c6af21b3edf929630a011715a9a10cebad3a3dc971a32be991db?s=96&d=mm&r=g","caption":"collectifvallon"},"url":"https:\/\/ccaves.org\/blog\/author\/loic\/"}]}},"_links":{"self":[{"href":"https:\/\/ccaves.org\/blog\/wp-json\/wp\/v2\/posts\/352","targetHints":{"allow":["GET"]}}],"collection":[{"href":"https:\/\/ccaves.org\/blog\/wp-json\/wp\/v2\/posts"}],"about":[{"href":"https:\/\/ccaves.org\/blog\/wp-json\/wp\/v2\/types\/post"}],"author":[{"embeddable":true,"href":"https:\/\/ccaves.org\/blog\/wp-json\/wp\/v2\/users\/4"}],"replies":[{"embeddable":true,"href":"https:\/\/ccaves.org\/blog\/wp-json\/wp\/v2\/comments?post=352"}],"version-history":[{"count":35,"href":"https:\/\/ccaves.org\/blog\/wp-json\/wp\/v2\/posts\/352\/revisions"}],"predecessor-version":[{"id":2795,"href":"https:\/\/ccaves.org\/blog\/wp-json\/wp\/v2\/posts\/352\/revisions\/2795"}],"wp:attachment":[{"href":"https:\/\/ccaves.org\/blog\/wp-json\/wp\/v2\/media?parent=352"}],"wp:term":[{"taxonomy":"category","embeddable":true,"href":"https:\/\/ccaves.org\/blog\/wp-json\/wp\/v2\/categories?post=352"},{"taxonomy":"post_tag","embeddable":true,"href":"https:\/\/ccaves.org\/blog\/wp-json\/wp\/v2\/tags?post=352"}],"curies":[{"name":"wp","href":"https:\/\/api.w.org\/{rel}","templated":true}]}}