{"id":375,"date":"2018-05-19T23:37:25","date_gmt":"2018-05-19T21:37:25","guid":{"rendered":"http:\/\/ccaves.org\/blog\/?p=375"},"modified":"2023-05-11T17:50:49","modified_gmt":"2023-05-11T15:50:49","slug":"actualites-dans-les-medias","status":"publish","type":"post","link":"https:\/\/ccaves.org\/blog\/actualites-dans-les-medias\/","title":{"rendered":"Actualit\u00e9s dans les m\u00e9dias"},"content":{"rendered":"<p>&nbsp;<\/p>\n<h1 style=\"text-align: center;\"><strong>Nos passages dans les m\u00e9dias<\/strong><\/h1>\n<h3 style=\"text-align: center;\">avec des arguments d\u00e9velopp\u00e9s. Les articles d&rsquo;annonce de r\u00e9union ne sont pas r\u00e9f\u00e9renc\u00e9s.<\/h3>\n<p>&nbsp;<\/p>\n<p>&nbsp;<\/p>\n<h1>France 3 le 10 mai 2023<\/h1>\n<h1><a href=\"https:\/\/france3-regions.francetvinfo.fr\/occitanie\/programmes\/france-3_occitanie_19-20-quercy-rouergue\">https:\/\/france3-regions.francetvinfo.fr\/occitanie\/programmes\/france-3_occitanie_19-20-quercy-rouergue<\/a><\/h1>\n<h1>Radio Totem le 11 mai 2023<\/h1>\n<h1 id=\"titre\" class=\"h1 block title text-primary\"><a href=\"https:\/\/www.radiototem.net\/clairveaux-l-aveyron-l-implantation-du-pylone-relaie-reportee\" target=\"_blank\" rel=\"noopener\">Clairvaux-d&rsquo;Aveyron : l&rsquo;implantation du pyl\u00f4ne relais report\u00e9e<\/a><\/h1>\n<h1><strong>Midi Libre 11 mai 2023<\/strong><\/h1>\n<h1><a href=\"https:\/\/ccaves.org\/blog\/wp-content\/uploads\/utf-8Capture-decran-2023-05-11-a-07.57.55.png\" target=\"_blank\" rel=\"noopener\">les opposants \u00e0 l&rsquo;antenne se font entendre<\/a><\/h1>\n<h1>La D\u00e9p\u00eache le 10 mai 2023<\/h1>\n<h1 class=\"article-full__title\"><a href=\"https:\/\/www.ladepeche.fr\/2023\/05\/10\/le-pylone-relais-de-la-discorde-a-clairvaux-11185518.php\" target=\"_blank\" rel=\"noopener\">Le pyl\u00f4ne-relais de la discorde \u00e0 Clairvaux<\/a><\/h1>\n<h1><strong>Centre presse le 6 mai 2023<\/strong><\/h1>\n<h1 class=\"article-full__title\"><a href=\"https:\/\/www.centrepresseaveyron.fr\/2023\/05\/07\/aveyron-mobilisation-ce-mercredi-10-mai-a-bruejouls-contre-linstallation-dune-antenne-relais-11179778.php\" target=\"_blank\" rel=\"noopener\">Aveyron : citoyens, viticulteurs&#8230; vent debout mercredi 10 mai \u00e0 Clairvaux-d&rsquo;Aveyron contre l&rsquo;installation d&rsquo;une antenne-relais<\/a><\/h1>\n<h1><strong>Midi Libre\/ La D\u00e9p\u00eache le 6 mai 2023<\/strong><\/h1>\n<h1><a href=\"https:\/\/ccaves.org\/blog\/wp-content\/uploads\/utf-8Capture-decran-2023-05-07-a-09.45.29.png\" target=\"_blank\" rel=\"noopener\">Antenne-relais \u00e0 Bru\u00e9jouls, une manifestation pr\u00e9vue mercredi<\/a><\/h1>\n<h1>La D\u00eap\u00eache 16 juin 2021<\/h1>\n<h1><a href=\"https:\/\/ccaves.org\/blog\/wp-content\/uploads\/img20210618_09254393.pdf\" target=\"_blank\" rel=\"noopener\">Le roseau plie mais ne rompt pas<\/a><\/h1>\n<h1><strong>La D\u00e9p\u00eache du 7 avril 2021<\/strong><\/h1>\n<h1><a href=\"https:\/\/ccaves.org\/blog\/wp-content\/uploads\/7-04-2021-Scan-Article-La-Depeche-sur-raccordement-PERBET-.pdf\" target=\"_blank\" rel=\"noopener\">Pas de linky&#8230;pas de raccordement<\/a><\/h1>\n<h1><strong>La D\u00e9p\u00eache le 25 mars 2021<\/strong><\/h1>\n<h1><a href=\"https:\/\/ccaves.org\/blog\/wp-content\/uploads\/Onde-de-choc-a-LJ-0001.pdf\" target=\"_blank\" rel=\"noopener\">Ondes de Choc au Pays du Cheval du Roi<\/a><\/h1>\n<h1><strong>Le Saint-Affricain, 3 mars 2021<\/strong><\/h1>\n<h1><a href=\"https:\/\/ccaves.org\/blog\/wp-content\/uploads\/Article-presse-du-03-03-2021.pdf\" target=\"_blank\" rel=\"noopener\">Compteurs Linky, des pratiques qui questionnent, par le collectif de Saint-Affrique<\/a><\/h1>\n<h1><strong>Le St Affricain, deux autres articles les semaines suivantes du 10 et 17 mars<\/strong><\/h1>\n<h1><a href=\"https:\/\/ccaves.org\/blog\/wp-content\/uploads\/3-parties-article-presse-total.pdf\" target=\"_blank\" rel=\"noopener\">Compteurs Linky: 2 des avantages non \u00e9vidents<\/a><\/h1>\n<h1><a href=\"https:\/\/ccaves.org\/blog\/wp-content\/uploads\/3-parties-article-presse-total.pdf\" target=\"_blank\" rel=\"noopener\">Compteurs Linky: 3 des inconv\u00e9nients d\u00e9montr\u00e9s<\/a><\/h1>\n<h1><strong>Martine et\u00a0 Michel Perbet : \u00ab\u00a0Linky, non merci !\u00a0\u00bb<\/strong><\/h1>\n<h1><a href=\"https:\/\/ccaves.org\/blog\/wp-content\/uploads\/article-perbet-Le-villefranchois-scaled.jpg\" target=\"_blank\" rel=\"noopener\">Le Villefranchois 24 f\u00e9vrier 2021<\/a><\/h1>\n<h1><strong>Une habitante s&rsquo;insurge contre l&rsquo;installation forc\u00e9e !<\/strong><\/h1>\n<h1><a href=\"https:\/\/ccaves.org\/blog\/wp-content\/uploads\/refus-Linky-scaled.jpg\" target=\"_blank\" rel=\"noopener\">La D\u00e9p\u00eache du midi 15\u00a0 f\u00e9vrier<\/a><\/h1>\n<h1><strong>Le Petit Journal 4-10\u00a0 f\u00e9vrier 2021<\/strong><\/h1>\n<h1><a href=\"https:\/\/ccaves.org\/blog\/wp-content\/uploads\/Article-Le-Petit-Journal-fevrier-2021-5G-Vallon-1.pdf\" target=\"_blank\" rel=\"noopener\">Premi\u00e8re partie. Une campagne pour des moratoires sur la 5G<\/a><\/h1>\n<h1><a href=\"https:\/\/ccaves.org\/blog\/wp-content\/uploads\/Article-2-Le-Petit-Journal-collectif-du-vallon-5G.pdf\" target=\"_blank\" rel=\"noopener\">Seconde partie<\/a><\/h1>\n<h1><strong>La D\u00e9p\u00eache, 18 janvier 2021<\/strong><\/h1>\n<h1><a href=\"https:\/\/www.ladepeche.fr\/2021\/01\/18\/le-collectif-du-vallon-martele-son-opposition-au-deploiement-des-bornes-de-wifi-public-9317653.php\" target=\"_blank\" rel=\"noopener\">Marcillac : le Collectif du Vallon mart\u00e8le son opposition au d\u00e9ploiement des bornes de wifi public<\/a><\/h1>\n<h1><strong>Centre Presse 18 janvier 2021<\/strong><\/h1>\n<h1><a href=\"https:\/\/ccaves.org\/blog\/wp-content\/uploads\/wifi.jpg\" target=\"_blank\" rel=\"noopener\">Le collectif du Vallon mart\u00e8le son opposition au d\u00e9ploiement des bornes de wifi public<\/a><\/h1>\n<h1><strong>Le Saint-Affricain, 2 d\u00e9cembre 2020<\/strong><\/h1>\n<h1><a href=\"https:\/\/ccaves.org\/blog\/wp-content\/uploads\/Article-St-Affricain-5G.docx\">Le d\u00e9ploiement de la 5G, la course \u00e0 quoi ?<\/a><\/h1>\n<h1><strong>Le Progr\u00e8s St Affricain, 19 novembre 2020<\/strong><\/h1>\n<h1><a href=\"https:\/\/ccaves.org\/blog\/wp-content\/uploads\/Article-Progres-du-19-11-2020.pdf\" target=\"_blank\" rel=\"noopener\">Avis aux copropri\u00e9taires\u00a0 d&rsquo;immeubles ou de lotissement<\/a><\/h1>\n<h1><strong>Le Bulletin d&rsquo;Espalion, octobre 2020<\/strong><\/h1>\n<h1><a href=\"https:\/\/ccaves.org\/blog\/wp-content\/uploads\/Article-Pierre-Vallaeys-Bulletin-Espalion-octobre-2020.pdf\" target=\"_blank\" rel=\"noopener noreferrer\">Lettre ouverte \u00e0 Monsieur Macron, par Pierre Vallaeys<\/a><\/h1>\n<h1><strong>Le Progr\u00e8s de Saint Affrique, 14 octobre 2020<\/strong><\/h1>\n<h1><a href=\"https:\/\/ccaves.org\/blog\/wp-content\/uploads\/02-Article-du-collectif-sur-le-progres.pdf\" target=\"_blank\" rel=\"noopener noreferrer\">Linky, Gazpar, avons-nous le droit de refuser ?<\/a><\/h1>\n<h1><strong>Aveyron Digital news, 5 octobre 2020<\/strong><\/h1>\n<h1><a href=\"https:\/\/www.aveyrondigitalnews.fr\/2020\/10\/05\/moratoire-sur-la-5g-les-elus-ruthenois-peuvent-ils-voter-une-motion\/?feed_id=7821&amp;_unique_id=5f7afcc99c585\" target=\"_blank\" rel=\"noopener\">Moratoire sur la 5G. Les \u00e9lus ruth\u00e9nois peuvent-ils voter une motion ?<\/a><\/h1>\n<h1><strong>Midi Libre 30 aout 2020<\/strong><\/h1>\n<h1><a href=\"https:\/\/ccaves.org\/blog\/wp-content\/uploads\/ML-30_08_20-CEM-p1-rotated.jpeg\" target=\"_blank\" rel=\"noopener noreferrer\">Un label pour ceux qui \u00e9mettent moins page 1<\/a><\/h1>\n<h1><a href=\"https:\/\/ccaves.org\/blog\/wp-content\/uploads\/ML-30_08_20-OEM-p2-rotated.jpeg\" target=\"_blank\" rel=\"noopener noreferrer\">page 2<\/a><\/h1>\n<h1><strong>Radio Totem, semaine du 17 ao\u00fbt 2020<\/strong><\/h1>\n<h1><a href=\"https:\/\/ccaves.org\/blog\/wp-content\/uploads\/LOIC-SANTIAGO-LABEL-ONDES-1-.mp3\" target=\"_blank\" rel=\"noopener noreferrer\">premi\u00e8re partie<\/a><\/h1>\n<h1><a href=\"https:\/\/ccaves.org\/blog\/wp-content\/uploads\/LOIC-SANTIAGO-LABEL-ONDES-2-.mp3\" target=\"_blank\" rel=\"noopener noreferrer\">Seconde partie<\/a><\/h1>\n<h1><strong>Centre Presse 5 ao\u00fbt 2020<\/strong><\/h1>\n<h1><a href=\"https:\/\/ccaves.org\/blog\/wp-content\/uploads\/Communiqu\u00e9-CP-Labelonde-scaled.jpg\" target=\"_blank\" rel=\"noopener noreferrer\">Le label de sobri\u00e9t\u00e9 \u00e9lectromagn\u00e9tique aveyronnais est cr\u00e9e<\/a><\/h1>\n<h1><strong>CFM radio 12 juin 2020<\/strong><\/h1>\n<h1><a href=\"https:\/\/cfmradio.fr\/podcast\/petition-oui-a-la-5g-si-et-tout-est-dans-le-si\/\" target=\"_blank\" rel=\"noopener noreferrer\">P\u00c9TITION OUI \u00c0 LA 5G, SI \u2026 ET TOUT EST DANS LE SI<\/a><\/h1>\n<h1><strong>M\u00e9diapart, 27 avril 2020, Appel manifeste co-sign\u00e9 par les collectifs aveyronnais d&rsquo;information sur les objets connect\u00e9s et champs \u00e9lectromagn\u00e9tiques artificiels<\/strong><\/h1>\n<h1><a href=\"https:\/\/blogs.mediapart.fr\/les-invites-de-mediapart\/blog\/270420\/ne-laissons-pas-s-installer-le-monde-sans-contact\" target=\"_blank\" rel=\"noopener noreferrer\">Ne laissons pas s\u2019installer le monde sans contact<\/a><\/h1>\n<h1><strong>Terrestres, 27 avril, le m\u00eame Appel-manifeste co-sign\u00e9<\/strong><\/h1>\n<h1><a href=\"https:\/\/www.terrestres.org\/2020\/04\/27\/ne-laissons-pas-sinstaller-le-monde-sans-contact\/\" target=\"_blank\" rel=\"noopener noreferrer\">Ne laissons pas s&rsquo;installer le monde sans contact APPEL AU BOYCOTT DE L\u2019APPLICATION STOP-COVID19<\/a><\/h1>\n<h1><strong>Reporterre, 27 avril le m\u00eame Appel-manifeste<\/strong><\/h1>\n<h1><a href=\"https:\/\/reporterre.net\/Appel-au-boycott-de-l-application-Stop-Covid-19\" target=\"_blank\" rel=\"noopener noreferrer\">Appel au boycott de l\u2019application Stop Covid-19<\/a><\/h1>\n<h1><strong>Centre presse, 16 mars 2020, acc\u00e8s libre<\/strong><\/h1>\n<h1 class=\"article-detail-title\"><a href=\"https:\/\/www.centrepresseaveyron.fr\/2020\/03\/16\/un-collectif-sante-almont-contre-lantenne-relais-bouygues-telecom,8803804.php\" target=\"_blank\" rel=\"noopener noreferrer\">Un collectif \u00ab\u00a0sant\u00e9 Almont\u00a0\u00bb contre l\u2019antenne relais Bouygues T\u00e9l\u00e9com<\/a><\/h1>\n<h1><strong>La D\u00e9p\u00eache et Centre Presse,\u00a0 12 mars 2020<\/strong><\/h1>\n<h1 class=\"article-full__title\"><a href=\"https:\/\/www.ladepeche.fr\/2020\/03\/12\/un-collectif-sante-almont-contre-lantenne-relais-bouygues-telecom,8792294.php\" target=\"_blank\" rel=\"noopener noreferrer\">Almont-les-Junies. Un collectif \u00ab\u00a0sant\u00e9 Almont\u00a0\u00bb contre l\u2019antenne relais Bouygues T\u00e9l\u00e9com<\/a><\/h1>\n<h1><strong>Le Saint-Affrician, 26 f\u00e9vrier 2020<\/strong><\/h1>\n<h1><a href=\"https:\/\/ccaves.org\/blog\/wp-content\/uploads\/02-Libre-expression-Linky-26-02-2020.pdf\" target=\"_blank\" rel=\"noopener noreferrer\">Libre opinion, compteurs linky<\/a><\/h1>\n<h1><strong>Le Journal de Millau, 20 f\u00e9vrier 2020<\/strong><\/h1>\n<h1><a href=\"https:\/\/ccaves.org\/blog\/wp-content\/uploads\/JdM-du-20-20-2020.pdf\" target=\"_blank\" rel=\"noopener noreferrer\">Le succ\u00e8s des conf\u00e9rences d&rsquo;Annie Sasco<\/a><\/h1>\n<h1><strong>Le Saint-Affricain, mercredi 19 f\u00e9vrier 2020<\/strong><\/h1>\n<h1><a href=\"https:\/\/ccaves.org\/blog\/wp-content\/uploads\/communique-saint-affricainConference-Sasco.pdf\" target=\"_blank\" rel=\"noopener noreferrer\">Les conf\u00e9rences d&rsquo;Annie Sasco furent un vrai succ\u00e8s<\/a><\/h1>\n<h1><strong>Centre Presse le 14 f\u00e9vrier 2020<\/strong><\/h1>\n<h1><a href=\"https:\/\/ccaves.org\/blog\/wp-content\/uploads\/Centre-presse-14-f\u00e9vrier-2020-Les-conferences-font-le-plein.pdf\" target=\"_blank\" rel=\"noopener noreferrer\">Les conf\u00e9rences sur les champs \u00e9lectromagn\u00e9tiques font le plein<\/a><\/h1>\n<h1><strong>Radio CFM, le 12 f\u00e9vrier 2020<\/strong><\/h1>\n<h1><a href=\"https:\/\/cfmradio.fr\/podcast\/les-anti-linky-marquent-un-point\/\" target=\"_blank\" rel=\"noopener noreferrer\">Les anti-linky marquent un point<\/a><\/h1>\n<h1><strong>Centre Presse le 11 f\u00e9vrier 2020<\/strong><\/h1>\n<h1><a href=\"https:\/\/ccaves.org\/blog\/wp-content\/uploads\/Saco-article-11022020.jpg\" target=\"_blank\" rel=\"noopener noreferrer\">Conf\u00e9rence. Pr\u00e8s de 250 personnes se sont inform\u00e9s sur les champs \u00e9lectromagn\u00e9tiques<\/a><\/h1>\n<h1><strong>L&rsquo;Officier du Vallon, 25 janvier 2020<\/strong><\/h1>\n<h1><a href=\"https:\/\/ccaves.org\/blog\/wp-content\/uploads\/officier-du-vallo-72.pdf\" target=\"_blank\" rel=\"noopener noreferrer\">Enfin quelqu&rsquo;un !<\/a><\/h1>\n<h1><strong>Centre Presse le 25 d\u00e9cembre 2019<\/strong><\/h1>\n<h1><a href=\"https:\/\/www.centrepresseaveyron.fr\/2019\/12\/25\/wifi-publique-dans-le-vallon-les-opposants-expriment-leur-desaccord,8626301.php\" target=\"_blank\" rel=\"noopener noreferrer\">Conques-en-Rouergue. Wifi publique dans le Vallon : les opposants expriment leur d\u00e9saccord<\/a><\/h1>\n<h1><strong>La D\u00e9p\u00eache, le 26 d\u00e9cembre 2019<\/strong><\/h1>\n<h1><a href=\"https:\/\/www.ladepeche.fr\/2019\/12\/26\/wifi-publique-dans-le-vallon-les-opposants-expriment-leur-desaccord,8626772.php\" target=\"_blank\" rel=\"noopener noreferrer\">Conques-en-Rouergue. Wifi publique dans le Vallon : les opposants expriment leur d\u00e9saccord<\/a><\/h1>\n<h1><strong>Midi libre le 20 d\u00e9cembre 2019<\/strong><\/h1>\n<h1><a href=\"https:\/\/ccaves.org\/blog\/wp-content\/uploads\/20-DEC-19-ART-MIDI-LIBRE-LINKY-scaled.jpg\" target=\"_blank\" rel=\"noopener noreferrer\">Le collectif \u00ab\u00a0restons intelligents\u00a0\u00bb recueille les dol\u00e9ances contre linky<\/a><\/h1>\n<h1><strong>Centre presse, 9 d\u00e9cembre 2019<\/strong><\/h1>\n<h1 class=\"article-detail-title\"><a href=\"https:\/\/www.centrepresseaveyron.fr\/2019\/12\/09\/la-cascade-connectee-en-wi-fi-un-projet-qui-pose-questions,8592849.php\" target=\"_blank\" rel=\"noopener noreferrer\">La cascade connect\u00e9e en wi-fi : un projet qui pose questions<\/a><\/h1>\n<h1><strong>Le Petit Journal, 2 ao\u00fbt 2019<\/strong><\/h1>\n<h1><a href=\"https:\/\/www.lepetitjournal.net\/12-aveyron\/2019\/08\/02\/projet-wifi-revers-de-la-communaute-des-communes-de-conques-marcillac\/\" target=\"_blank\" rel=\"noopener noreferrer\">PROJET WIFI : REVERS DE LA COMMUNAUT\u00c9 DES COMMUNES DE CONQUES-MARCILLAC<\/a><\/h1>\n<h1><strong>L&rsquo;Empaill\u00e9, article version int\u00e9grale, f\u00e9vrier 2019<\/strong><\/h1>\n<h1><a href=\"https:\/\/ccaves.org\/blog\/wp-content\/uploads\/Monde-connect%C3%A9-corps-malade-Dialogue-en-conseil-3.pdf\" target=\"_blank\" rel=\"noopener\"><b>\u201cMonde connect\u00e9, corps malades, un conseil municipal d\u00e9bat des ondes artificielles et des compteurs communicants\u201d<\/b><\/a><\/h1>\n<h1><strong>Centre Presse, le 31 d\u00e9cembre 2018<\/strong><\/h1>\n<h1 class=\"article-detail-title\"><a href=\"https:\/\/www.centrepresseaveyron.fr\/2018\/12\/31\/une-reunion-dinformation-sur-le-linky-a-reuni-plus-de-cent-personnes,6354756.php\">Une r\u00e9union d\u2019information sur le Linky a r\u00e9uni plus de cent personnes<\/a><\/h1>\n<h1><strong>L&rsquo;Humanit\u00e9, le 24 d\u00e9cembre 2018<\/strong><\/h1>\n<h1><a href=\"https:\/\/www.humanite.fr\/linky-nouvelle-plainte-contre-le-syndicat-denergie-aveyronnais-665525\">Nouvelle plainte contre le Syndicat d\u2019\u00c9nergie Aveyronnais<\/a><\/h1>\n<h1><strong>Radio Larzac, le 19 d\u00e9cembre 2018<\/strong><\/h1>\n<h1><a href=\"https:\/\/www.radiolarzac.org\/affiche_son.php?son_id=1113\">Recours administratif des collectifs contre le SIEDA<\/a><\/h1>\n<h1>Midi<strong> Libre, le 15 d\u00e9cembre 2018<\/strong><\/h1>\n<h1><a href=\"https:\/\/www.midilibre.fr\/2018\/12\/15\/sept-personnes-evacuees-apres-un-feu-de-compteur-dans-un-immeuble,5474021.php\" target=\"_blank\" rel=\"noopener noreferrer\">Millau : incendie d&rsquo;un immeuble en centre-ville, le compteur Linky en cause<\/a><\/h1>\n<h1><strong>La D\u00e9p\u00eache, 2 novembre 2018<\/strong><\/h1>\n<h1><a href=\"https:\/\/www.ladepeche.fr\/article\/2018\/11\/02\/2899093-les-elus-du-sieda-dans-le-collimateur-des-anti-linky.html\" target=\"_blank\" rel=\"noopener noreferrer\">Les \u00e9lus du Sieda dans le collimateur des anti-Linky<\/a><\/h1>\n<h1><strong>Midi Libre, 29 octobre 2018<\/strong><\/h1>\n<h1><a href=\"https:\/\/www.midilibre.fr\/2018\/10\/29\/aveyron-linky-et-exces-de-pouvoir-le-recours-pourrait-aboutir-a-une-decision-historique,4749181.php\" target=\"_blank\" rel=\"noopener noreferrer\">Aveyron : Linky et exc\u00e8s de pouvoir, le recours pourrait aboutir \u00e0 une d\u00e9cision historique<\/a><\/h1>\n<h1><strong>Centre Presse, 28 octobre 2018<\/strong><\/h1>\n<h1><a href=\"https:\/\/www.centrepresseaveyron.fr\/2018\/10\/28\/aveyron-les-elus-du-sieda-dans-le-collimateur-des-anti-linky,4748283.php\" target=\"_blank\" rel=\"noopener noreferrer\">Aveyron : les \u00e9lus du Sieda dans le collimateur des anti-Linky<\/a><\/h1>\n<h1><strong>La D\u00e9p\u00eache, 26 octobre 2018<\/strong><\/h1>\n<h1><a href=\"https:\/\/www.ladepeche.fr\/article\/2018\/10\/26\/2895125-130-personnes-a-la-reunion-du-collectif.html\" target=\"_blank\" rel=\"noopener noreferrer\">130 personnes \u00e0 la r\u00e9union du collectif<\/a><\/h1>\n<h1><strong>Radio CFM Rodez, le 25 octobre 2018<\/strong><\/h1>\n<h1><a href=\"http:\/\/cfmradio.fr\/podcast\/linky-non-au-deploiement-sauvage\/\" target=\"_blank\" rel=\"noopener noreferrer\">Linky, non au d\u00e9ploiement sauvage<\/a><\/h1>\n<h1><strong>Radio CFM Rodez, 23 octobre 2018<\/strong><\/h1>\n<h1><a href=\"http:\/\/cfmradio.fr\/podcast\/linky-des-methodes-de-deploiement-illegales\/\" target=\"_blank\" rel=\"noopener noreferrer\">Linky, des m\u00e9thodes de d\u00e9ploiement ill\u00e9gales<\/a><\/h1>\n<h1><strong>Radio Saint Affrique, 15 octobre 2018<\/strong><\/h1>\n<h1><a href=\"http:\/\/www.radiosaintaffrique.com\/emissions\/infos-en-plus\/Dossier_Linky-3306\" target=\"_blank\" rel=\"noopener noreferrer\">Ecouter ici<\/a><\/h1>\n<h1><strong>Le Villefranchois, 11 octobre 2018<\/strong><\/h1>\n<h1><a href=\"http:\/\/ccaves.org\/blog\/wp-content\/uploads\/Art-Villeuf-11-10-2018-.jpg\" target=\"_blank\" rel=\"noopener noreferrer\">Les opposants aux compteurs linky ne d\u00e9sarment pas<\/a><\/h1>\n<h1><strong>Midi Libre, le 27 septembre 2018<\/strong><\/h1>\n<h1><a href=\"https:\/\/www.midilibre.fr\/2018\/09\/27\/collectif-anti-linky-le-point,4709076.php\" target=\"_blank\" rel=\"noopener noreferrer\">Le collectif anti Linky du Sud-Aveyron fait le point<\/a><\/h1>\n<h1><strong>Le Saint-Affricain, le 26 septembre 2018<\/strong><\/h1>\n<h1><a href=\"http:\/\/ccaves.org\/blog\/wp-content\/uploads\/SAINT-AFFRICAIN-26-09-2018.pdf\" target=\"_blank\" rel=\"noopener noreferrer\">Prendre conscience des riques &#8211; tribune libre<\/a><\/h1>\n<h1><strong>Le Bulletin d&rsquo;Espalion<\/strong><\/h1>\n<h1><a href=\"http:\/\/ccaves.org\/blog\/wp-content\/uploads\/Bulletin-Despalion20180911.pdf\" target=\"_blank\" rel=\"noopener noreferrer\">Le Carladez reste mobilis\u00e9 contre linky<\/a><\/h1>\n<h1><strong>La D\u00e9p\u00eache, le 5 juillet 2018<\/strong><\/h1>\n<h1><a href=\"https:\/\/www.ladepeche.fr\/article\/2018\/07\/06\/2831500-les-opposants-a-linky-ne-desarment-pas.html\" target=\"_blank\" rel=\"noopener noreferrer\">Les opposants \u00e0 Linky ne d\u00e9sarment pas<\/a><\/h1>\n<h1><strong>La D\u00e9p\u00eache, France Info, Toulouse 7Com, Centre Presse le 1 juillet 2018<\/strong><\/h1>\n<h1><a href=\"https:\/\/www.ladepeche.fr\/article\/2018\/07\/01\/2828551-anti-linky-marchent-respect-droit-refus.html\" target=\"_blank\" rel=\"noopener noreferrer\">Les anti-Linky marchent pour le respect du droit de refus<\/a><\/h1>\n<h1><a href=\"https:\/\/france3-regions.francetvinfo.fr\/occitanie\/aveyron\/rodez\/rodez-nouvelle-manifestation-contre-compteurs-electriques-linky-1504197.html\" target=\"_blank\" rel=\"noopener noreferrer\">Rodez : nouvelle manifestation contre les compteurs \u00e9lectriques Linky<\/a><\/h1>\n<h1><a href=\"https:\/\/www.toulouse7.com\/2018\/07\/01\/les-anti-linky-ont-manifeste-a-rodez-2\/\" target=\"_blank\" rel=\"noopener noreferrer\">https:\/\/www.toulouse7.com\/2018\/07\/01\/les-anti-linky-ont-manifeste-a-rodez-2\/<\/a><\/h1>\n<h1><a href=\"https:\/\/www.toulouse7.com\/2018\/07\/01\/les-anti-linky-ont-manifeste-a-rodez-2\/\" target=\"_blank\" rel=\"noopener noreferrer\">Rodez : les anti-Linky donnent de la voix dans la rue<\/a><\/h1>\n<h1><strong>Radio Totem, le 7 juin 2018<\/strong><\/h1>\n<h1><a href=\"https:\/\/www.radiototem.fr\/quercy-rouergue\/3645-le-collectif-stop-linky-de-saint-rome-de-cernon-a-rencontre-le-sous-prefet-de-millau\" target=\"_blank\" rel=\"noopener noreferrer\">Le collectif \u00abStop Linky\u00bb de Saint-Rome de Cernon a rencontr\u00e9 le sous-pr\u00e9fet de Millau<\/a><\/h1>\n<h1><strong>La D\u00e9p\u00eache 25 mai 2018<\/strong><\/h1>\n<h1><a href=\"https:\/\/www.ladepeche.fr\/article\/2018\/05\/25\/2804314-la-fronde-contre-le-compteur-linky-continue.html\" target=\"_blank\" rel=\"noopener noreferrer\">La fronde contre le compteur Linky continue<\/a><\/h1>\n<h1><strong>La D\u00e9p\u00eache le 24 mai 2018<\/strong><\/h1>\n<h1><a href=\"https:\/\/www.ladepeche.fr\/article\/2018\/05\/24\/2803463-compteur-linky-un-incendie-evite-de-justesse.html#xtor=EPR-1\" target=\"_blank\" rel=\"noopener noreferrer\">Compteur Linky : un incendie \u00e9vit\u00e9 de justesse Faits divers &#8211; \u00c0 la rouquette<\/a><\/h1>\n<h1><strong>Centre Presse, le 22 mai 2018<\/strong><\/h1>\n<h1><a href=\"https:\/\/www.centrepresseaveyron.fr\/2018\/05\/22\/compteur-linky-plus-de-700-signatures-dans-le-carladez-pour-dire-non,3992221.php\" target=\"_blank\" rel=\"noopener noreferrer\">Compteur Linky : plus de 700 signatures dans le Carladez pour dire non !<\/a><\/h1>\n<h1><strong>Le Progr\u00e8s Saint-Affricain, 17 mai 2018 article du Dr Jean Nassan<\/strong><\/h1>\n<h1><a href=\"http:\/\/ccaves.org\/blog\/wp-content\/uploads\/article-Docteur-Nassan.jpg\" target=\"_blank\" rel=\"noopener noreferrer\">Lire ici<\/a><\/h1>\n<h1><strong>Midi Libre, le 18 mai 2018<br \/>\n<\/strong><\/h1>\n<h1><a href=\"http:\/\/www.midilibre.fr\/2018\/05\/18\/sud-aveyron-a-saint-rome-de-cernon-l-opposition-au-compteur-linky-se-durcit,1672933.php\" target=\"_blank\" rel=\"noopener noreferrer\">Sud-Aveyron : \u00e0 Saint-Rome-de-Cernon, l&rsquo;opposition au compteur Linky se durcit<\/a><\/h1>\n<h1><a href=\"http:\/\/www.midilibre.fr\/2018\/05\/19\/linky-le-ton-se-durcit-a-saint-rome-de-cernon-bientot-un-courrier-chez-les-riverains,1673551.php\" target=\"_blank\" rel=\"noopener noreferrer\">Linky : le ton se durcit \u00e0 Saint-Rome-de-Cernon Bient\u00f4t un courrier chez les riverains<\/a><\/h1>\n<h1><strong>Centre Presse le 7 mai<\/strong><\/h1>\n<h1><a href=\"http:\/\/www.centrepresseaveyron.fr\/2018\/05\/07\/le-carladez-dit-non-au-compteur-linky,3986808.php\" target=\"_blank\" rel=\"noopener noreferrer\">Le Carladez dit non au compteur Linky<\/a><\/h1>\n<h1><strong>Midi Libre, le 3 mai<\/strong><\/h1>\n<h1><a href=\"http:\/\/www.midilibre.fr\/2018\/05\/03\/compteur-linky-en-aveyron-140-usagers-mettent-en-demeure-le-sieda,1665275.php\" target=\"_blank\" rel=\"noopener noreferrer\">Compteur Linky : en Aveyron, 140 usagers mettent en demeure le SIEDA<\/a><\/h1>\n<h1><strong>La D\u00e9p\u00eache, le 3 mai<\/strong><\/h1>\n<h1><a href=\"https:\/\/www.ladepeche.fr\/article\/2018\/05\/03\/2791061-compteurs-linky-syndicat-energie-departemental-aveyron-mis-demeure-140-citoyens.html\" target=\"_blank\" rel=\"noopener noreferrer\">Compteurs Linky : le Syndicat d&rsquo;\u00c9nergie D\u00e9partemental de l&rsquo;Aveyron mis en demeure par 140 citoyens<\/a><\/h1>\n<h1><strong>Centre Presse le 3 mai<br \/>\n<\/strong><\/h1>\n<h1><a href=\"http:\/\/www.centrepresseaveyron.fr\/2018\/05\/03\/compteurs-linky-une-centaine-dusagers-aveyronnais-mettent-en-demeure-le-sieda,3984564.php\" target=\"_blank\" rel=\"noopener noreferrer\">Compteurs Linky : une centaine d&rsquo;usagers aveyronnais mettent en demeure le SIEDA<\/a><\/h1>\n<h1><strong>Midi-Libre le 26 avril<\/strong><\/h1>\n<h1><a href=\"http:\/\/www.midilibre.fr\/2018\/04\/26\/sud-aveyron-la-pose-des-compteurs-linky-stoppee-a-saint-rome-de-cernon,1662571.php\" target=\"_blank\" rel=\"noopener noreferrer\">Sud-Aveyron : la pose des compteurs Linky stopp\u00e9e \u00e0 Saint-Rome-de-Cernon<\/a><\/h1>\n<h1><strong>CFM radio Rodez, le 26 avril<\/strong><\/h1>\n<h1><a href=\"http:\/\/cfmradio.fr\/podcast\/les-dangers-et-risques-des-objets-connectes\/\" target=\"_blank\" rel=\"noopener noreferrer\">CFM Radio Rodez &#8211; Les dangers et risques des objets connect\u00e9s<\/a><\/h1>\n<h1><strong>Gazpar et compteurs d&rsquo;eau :<\/strong><\/h1>\n<h1><strong>La D\u00e9p\u00eache, le 23 avril,<\/strong><\/h1>\n<h1><a href=\"https:\/\/www.ladepeche.fr\/article\/2018\/04\/23\/2785307-des-compteurs-connectes-boycottes.html\" target=\"_blank\" rel=\"noopener noreferrer\">Linky : des compteurs connect\u00e9s boycott\u00e9s<\/a><\/h1>\n<h1><strong>La D\u00e9p\u00eache, 5 avril 2018<\/strong><\/h1>\n<h1><a href=\"https:\/\/www.ladepeche.fr\/article\/2018\/04\/06\/2774287-collectif-stop-linky-ouest-aveyron-vers-un-durcissement-des-actions.html\" target=\"_blank\" rel=\"noopener noreferrer\">Collectif Stop Linky ouest Aveyron : vers un durcissement des actions<\/a><\/h1>\n<h1><strong>Le Journal de Millau, 30 mars 2018<\/strong><\/h1>\n<h1><a href=\"https:\/\/www.journaldemillau.fr\/2018\/03\/30\/polemique-anti-linky-apres-lincendie-dun-immeuble\/\" target=\"_blank\" rel=\"noopener noreferrer\">Pol\u00e9mique anti-Linky apr\u00e8s l\u2019incendie d\u2019un immeuble<\/a><\/h1>\n<h1><strong>La D\u00e9p\u00eache, le 27 f\u00e9vrier<\/strong><\/h1>\n<h1><a href=\"https:\/\/www.ladepeche.fr\/article\/2018\/02\/27\/2749759-collectif-stop-linky-ouest-aveyron-fait-part-nombreuses-reclamations.html\" target=\"_blank\" rel=\"noopener noreferrer\">Le collectif Stop Linky ouest Aveyron fait part de nombreuses r\u00e9clamations<\/a><\/h1>\n<h1><strong>Midi-Libre 22 f\u00e9vrier 2018<\/strong><\/h1>\n<h1><a href=\"http:\/\/www.midilibre.fr\/2018\/02\/22\/millau-la-mairie-bloque-le-linky-dans-les-ecoles,1631314.php\" target=\"_blank\" rel=\"noopener noreferrer\">Millau : la mairie bloque le \u201cLinky\u201d dans les \u00e9coles<\/a><\/h1>\n<h1><strong>Le Journal de Millau; 21 f\u00e9vrier<\/strong><\/h1>\n<h1><a href=\"https:\/\/www.journaldemillau.fr\/2018\/02\/21\/grande-victoire-des-anti-linky-apres-un-nouvel-arrete\/\" target=\"_blank\" rel=\"noopener noreferrer\">Grande victoire des Anti-Linky apr\u00e8s un nouvel arr\u00eat\u00e9<\/a><\/h1>\n<h1><strong>La D\u00e9p\u00eache, le 19 f\u00e9vrier 2018<\/strong><\/h1>\n<h1><a href=\"https:\/\/www.ladepeche.fr\/article\/2018\/02\/19\/2745531-opposants-linky-demandent-creation-commission-enquete-parlementaire.html\" target=\"_blank\" rel=\"noopener noreferrer\">Les opposants au Linky demandent la cr\u00e9ation d&rsquo;une commission d&rsquo;enqu\u00eate parlementaire<\/a><\/h1>\n<h1><strong>La D\u00e9p\u00eache, le 3 f\u00e9vrier<\/strong><\/h1>\n<h1><a href=\"https:\/\/www.ladepeche.fr\/article\/2018\/02\/03\/2735188-la-ville-de-millau-reglemente-l-implantation-des-compteurs-linky.html\" target=\"_blank\" rel=\"noopener noreferrer\">La ville de Millau r\u00e9glemente l&rsquo;implantation des compteurs \u00abLinky\u00bb<\/a><\/h1>\n<h1><strong>La D\u00e9p\u00eache, le 31 janvier 2018 droit de r\u00e9ponse \u00e0 l&rsquo;article du 27 janvier dans La D\u00e9p\u00eache<\/strong><\/h1>\n<h1><a href=\"https:\/\/www.ladepeche.fr\/article\/2018\/01\/31\/2732316-compteurs-linky-precisions.html\" target=\"_blank\" rel=\"noopener noreferrer\">Compteurs Linky, pr\u00e9cisions<\/a><\/h1>\n<h1><strong>La D\u00e9p\u00eache, le 27 janvier<\/strong><\/h1>\n<h1><a href=\"https:\/\/www.ladepeche.fr\/article\/2018\/01\/27\/2730047-le-compteur-linky-fait-salle-comble.html\" target=\"_blank\" rel=\"noopener noreferrer\">Le compteur Linky fait salle comble<\/a><\/h1>\n<h1><strong>La D\u00e9p\u00eache, le 22 janvier 2018<\/strong><\/h1>\n<h1><a href=\"https:\/\/www.ladepeche.fr\/article\/2018\/01\/22\/2726281-le-compteur-intelligent-le-piano-et-la-souris.html\" target=\"_blank\" rel=\"noopener noreferrer\">Le compteur intelligent, le piano et la souris<\/a><\/h1>\n<h1><strong>La D\u00e9p\u00eache, le 11 janvier<\/strong><\/h1>\n<h1><a href=\"https:\/\/www.ladepeche.fr\/article\/2018\/01\/11\/2719365-un-collectif-ouest-aveyron-contre-le-compteur-communicant-linky.html\" target=\"_blank\" rel=\"noopener noreferrer\">Un collectif ouest Aveyron contre le compteur communicant Linky<\/a><\/h1>\n<h1><strong>La D\u00e9p\u00eache, le 31 janvier<\/strong><\/h1>\n<h1><a href=\"https:\/\/www.ladepeche.fr\/article\/2018\/02\/01\/2733147-ils-disent-non-au-compteur-linky.html\" target=\"_blank\" rel=\"noopener noreferrer\">Ils disent \u00abnon\u00bb au compteur Linky<\/a><\/h1>\n<h1><strong>La D\u00e9p\u00eache, le 31 janvier 2018<\/strong><\/h1>\n<h1><a href=\"https:\/\/www.ladepeche.fr\/article\/2018\/01\/31\/2732316-compteurs-linky-precisions.html\" target=\"_blank\" rel=\"noopener noreferrer\">Compteurs Linky, pr\u00e9cisions<\/a><\/h1>\n<h1><strong>Le Journal de Millau, le 25 janvier<\/strong><\/h1>\n<h1><a href=\"https:\/\/www.journaldemillau.fr\/2018\/01\/25\/manifestation-anti-linky-sur-le-mandarous-samedi-3-fevrier\/\" target=\"_blank\" rel=\"noopener noreferrer\">Millau : Manifestation Anti-Linky sur le Mandarous, samedi 3 f\u00e9vrier<\/a><\/h1>\n<h1><strong>La D\u00e9p\u00eache, le 4 janvier 2018<\/strong><\/h1>\n<h1><a href=\"https:\/\/www.ladepeche.fr\/article\/2018\/01\/04\/2715369-debat-municipal-autour-du-compteur-linky.html\" target=\"_blank\" rel=\"noopener noreferrer\">D\u00e9bat municipal autour du compteur Linky<\/a><\/h1>\n<h1><strong>La D\u00e9p\u00eache, 4 janvier 2018<\/strong><\/h1>\n<h1 class=\"article-full__title\"><a href=\"https:\/\/www.ladepeche.fr\/article\/2018\/01\/04\/2715345-compteur-linky-le-courant-a-du-mal-a-passer.html\" target=\"_blank\" rel=\"noopener\">Compteur Linky, le courant a du mal \u00e0 passer<\/a><\/h1>\n<h1><strong>La D\u00e9p\u00eache, le 29 d\u00e9cembre 2017<\/strong><\/h1>\n<h1><a href=\"https:\/\/www.ladepeche.fr\/article\/2017\/12\/29\/2713062-la-population-reclame-un-debat-sur-linky.html\" target=\"_blank\" rel=\"noopener noreferrer\">La population r\u00e9clame un d\u00e9bat sur Linky<\/a><\/h1>\n<h1><strong>Centre Presse, le 22 d\u00e9cembre 2017<\/strong><\/h1>\n<h1><a href=\"http:\/\/www.centrepresseaveyron.fr\/2017\/12\/22\/linky-les-opposants-court-circuitent-les-projets-d-enedis-en-aveyron,3929272.php\" target=\"_blank\" rel=\"noopener noreferrer\">Linky : les opposants court-circuitent les projets d\u2019Enedis en Aveyron<\/a><\/h1>\n<h1><strong>Midi-Libre, le 19 d\u00e9cembre 2017<\/strong><\/h1>\n<h1><a href=\"http:\/\/www.midilibre.fr\/2017\/12\/19\/millau-le-compteur-linky-s-invite-au-conseil-municipal,1605523.php\" target=\"_blank\" rel=\"noopener noreferrer\"> Millau : cent militants oppos\u00e9s au compteur Linky s&rsquo;invitent au conseil municipal<\/a><\/h1>\n<h1><strong>La D\u00e9p\u00eache, le 7 d\u00e9cembre 2017<\/strong><\/h1>\n<h1><a href=\"https:\/\/www.ladepeche.fr\/article\/2017\/12\/07\/2699471-le-compteur-linky-fait-des-etincelles.html\" target=\"_blank\" rel=\"noopener noreferrer\">Le compteur Linky fait des \u00e9tincelles<\/a><\/h1>\n<h1><strong>La D\u00e9p\u00eache, le 7 d\u00e9cembre 2017<\/strong><\/h1>\n<h1><a href=\"https:\/\/www.ladepeche.fr\/article\/2017\/12\/07\/2699356-de-nouvelles-reunions-d-information-contre-les-compteurs-linky.html\" target=\"_blank\" rel=\"noopener noreferrer\">De nouvelles r\u00e9unions d&rsquo;information contre les compteurs Linky \u00c9nergie &#8211; Avec le collectif vallon-bassin<\/a><\/h1>\n<h1><strong>La D\u00e9p\u00eache, le 4 d\u00e9cembre 2017<\/strong><\/h1>\n<h1><a href=\"https:\/\/www.ladepeche.fr\/article\/2017\/12\/05\/2698045-les-risques-du-compteur-linky.html\" target=\"_blank\" rel=\"noopener noreferrer\">Les risques du compteur Linky<\/a><\/h1>\n<h1><strong>La D\u00e9p\u00eache, le 1 d\u00e9cembre 2017<\/strong><\/h1>\n<h1><a href=\"https:\/\/www.ladepeche.fr\/article\/2017\/12\/01\/2695893-communes-mecontentes-compteurs-linky-doivent-etre-contrainte-imposee-usagers.html\" target=\"_blank\" rel=\"noopener noreferrer\">Des communes m\u00e9contentes : \u00abLes compteurs Linky ne doivent pas \u00eatre une contrainte impos\u00e9e aux usagers\u00bb<\/a><\/h1>\n<h1><strong>CFM radio Villefranche, le 29 novembre 2017<\/strong><\/h1>\n<h1><a href=\"http:\/\/cfmradio.fr\/podcast\/linky-ne-risque-t-on-pas-plus-a-ne-rien-faire-que-de-faire-quelque-chose\/\" target=\"_blank\" rel=\"noopener noreferrer\">Linky: \u00ab Ne risque t-on pas plus \u00e0 ne rien faire que de faire quelque chose ? \u00bb<\/a><\/h1>\n<h1><strong>Centre Presse, le 25 novembre 2017<\/strong><\/h1>\n<h1><a href=\"http:\/\/www.centrepresseaveyron.fr\/2017\/11\/25\/l-installation-des-compteur-linky-suscite-des-craintes-dans-le-bassin-et-le-vallon,3928686.php\" target=\"_blank\" rel=\"noopener noreferrer\">L\u2019installation des compteur \u00ab Linky \u00bb suscite des craintes dans le Bassin et le Vallon<\/a><\/h1>\n<h1><strong>Centre Presse, le 24 novembre 2017<\/strong><\/h1>\n<h1><a href=\"http:\/\/www.centrepresseaveyron.fr\/2016\/10\/24\/les-collectifs-stop-linky-manifestent-a-rodez,3979669.php\" target=\"_blank\" rel=\"noopener noreferrer\">Les collectifs Stop Linky manifestent \u00e0 Rodez<\/a><\/h1>\n<h1><strong>Midi-Libre, 16 novembre 2017<\/strong><\/h1>\n<h1><a href=\"http:\/\/www.midilibre.fr\/2017\/11\/16\/millau-une-intervention-anti-linky-au-conseil-municipal,1589696.php\" target=\"_blank\" rel=\"noopener noreferrer\">Millau : une intervention anti-Linky au conseil municipal<\/a><\/h1>\n<h1><strong>La D\u00e9p\u00eache, le 8 juin 2017<\/strong><\/h1>\n<h1><a href=\"https:\/\/www.ladepeche.fr\/article\/2017\/06\/08\/2589653-les-compteurs-linky-alimentent-les-discussions.html\" target=\"_blank\" rel=\"noopener noreferrer\">Les compteurs Linky alimentent les discussions<\/a><\/h1>\n<h1><strong>Midi-Libre, 25 mars 2016<\/strong><\/h1>\n<h1><a href=\"https:\/\/www.midilibre.fr\/2016\/03\/25\/linky-n-est-pas-le-bienvenu,1306322.php\" target=\"_blank\" rel=\"noopener noreferrer\">Pr\u00e8s de Millau : le compteur \u00e9l\u00e9ctrique \u00ab\u00a0Linky\u00a0\u00bb n&rsquo;est pas le bienvenu<\/a><\/h1>\n<h1><strong>La D\u00e9p\u00eache 27 f\u00e9vrier 2016<\/strong><\/h1>\n<h1><a href=\"https:\/\/www.ladepeche.fr\/article\/2016\/02\/17\/2278855-vers-creation-collectif-refus-compteur-linky.html\" target=\"_blank\" rel=\"noopener noreferrer\">Vers la cr\u00e9ation d&rsquo;un collectif du refus du compteur Linky<\/a><\/h1>\n<h1><strong>La Gazette des Communes, le 25 f\u00e9vrier 2016<\/strong><\/h1>\n<h1><a href=\"http:\/\/www.lagazettedescommunes.com\/430907\/linky-maires-et-autorites-concedantes-ne-peuvent-pas-refuser-le-nouveau-compteur-selon-la-fnccr\/\" target=\"_blank\" rel=\"noopener noreferrer\">Bassin Decazille-Aubinla formation d\u2019un \u00ab collectif citoyen \u00bb afin d\u2019informer <\/a><\/h1>\n","protected":false},"excerpt":{"rendered":"<p>&nbsp; Nos passages dans les m\u00e9dias avec des arguments d\u00e9velopp\u00e9s. Les articles d&rsquo;annonce de r\u00e9union ne sont pas r\u00e9f\u00e9renc\u00e9s. &nbsp;<\/p>\n","protected":false},"author":4,"featured_media":0,"comment_status":"open","ping_status":"open","sticky":false,"template":"","format":"standard","meta":{"colormag_page_container_layout":"default_layout","colormag_page_sidebar_layout":"default_layout","footnotes":""},"categories":[25],"tags":[],"class_list":["post-375","post","type-post","status-publish","format-standard","hentry","category-actualite-locale"],"yoast_head":"<!-- This site is optimized with the Yoast SEO plugin v27.4 - https:\/\/yoast.com\/product\/yoast-seo-wordpress\/ -->\n<title>Actualit\u00e9s dans les m\u00e9dias - CCAVES<\/title>\n<meta name=\"description\" content=\"Plateforme d&#039;\u00e9changes et de Coordination des Collectifs et Associations Volontaires en Environnement Sant\u00e9 et Soci\u00e9t\u00e9\" \/>\n<meta name=\"robots\" content=\"index, follow, max-snippet:-1, max-image-preview:large, max-video-preview:-1\" \/>\n<link rel=\"canonical\" href=\"https:\/\/ccaves.org\/blog\/actualites-dans-les-medias\/\" \/>\n<meta property=\"og:locale\" content=\"fr_FR\" \/>\n<meta property=\"og:type\" content=\"article\" \/>\n<meta property=\"og:title\" content=\"Actualit\u00e9s dans les m\u00e9dias - CCAVES\" \/>\n<meta property=\"og:description\" content=\"Plateforme d&#039;\u00e9changes et de Coordination des Collectifs et Associations Volontaires en Environnement Sant\u00e9 et Soci\u00e9t\u00e9\" \/>\n<meta property=\"og:url\" content=\"https:\/\/ccaves.org\/blog\/actualites-dans-les-medias\/\" \/>\n<meta property=\"og:site_name\" content=\"CCAVES\" \/>\n<meta property=\"article:published_time\" content=\"2018-05-19T21:37:25+00:00\" \/>\n<meta property=\"article:modified_time\" content=\"2023-05-11T15:50:49+00:00\" \/>\n<meta property=\"og:image\" content=\"https:\/\/ccaves.org\/blog\/wp-content\/uploads\/Oedicneme-criard-IMP-1024x631.png\" \/>\n\t<meta property=\"og:image:width\" content=\"1024\" \/>\n\t<meta property=\"og:image:height\" content=\"631\" \/>\n\t<meta property=\"og:image:type\" content=\"image\/png\" \/>\n<meta name=\"author\" content=\"collectifvallon\" \/>\n<meta name=\"twitter:card\" content=\"summary_large_image\" \/>\n<meta name=\"twitter:label1\" content=\"\u00c9crit par\" \/>\n\t<meta name=\"twitter:data1\" content=\"collectifvallon\" \/>\n\t<meta name=\"twitter:label2\" content=\"Dur\u00e9e de lecture estim\u00e9e\" \/>\n\t<meta name=\"twitter:data2\" content=\"9 minutes\" \/>\n<script type=\"application\/ld+json\" class=\"yoast-schema-graph\">{\"@context\":\"https:\\\/\\\/schema.org\",\"@graph\":[{\"@type\":\"Article\",\"@id\":\"https:\\\/\\\/ccaves.org\\\/blog\\\/actualites-dans-les-medias\\\/#article\",\"isPartOf\":{\"@id\":\"https:\\\/\\\/ccaves.org\\\/blog\\\/actualites-dans-les-medias\\\/\"},\"author\":{\"name\":\"collectifvallon\",\"@id\":\"https:\\\/\\\/ccaves.org\\\/blog\\\/#\\\/schema\\\/person\\\/d776b30895ca193bcb27a7923f266e29\"},\"headline\":\"Actualit\u00e9s dans les m\u00e9dias\",\"datePublished\":\"2018-05-19T21:37:25+00:00\",\"dateModified\":\"2023-05-11T15:50:49+00:00\",\"mainEntityOfPage\":{\"@id\":\"https:\\\/\\\/ccaves.org\\\/blog\\\/actualites-dans-les-medias\\\/\"},\"wordCount\":1630,\"commentCount\":0,\"publisher\":{\"@id\":\"https:\\\/\\\/ccaves.org\\\/blog\\\/#organization\"},\"articleSection\":[\"Presse locale\"],\"inLanguage\":\"fr-FR\",\"potentialAction\":[{\"@type\":\"CommentAction\",\"name\":\"Comment\",\"target\":[\"https:\\\/\\\/ccaves.org\\\/blog\\\/actualites-dans-les-medias\\\/#respond\"]}]},{\"@type\":\"WebPage\",\"@id\":\"https:\\\/\\\/ccaves.org\\\/blog\\\/actualites-dans-les-medias\\\/\",\"url\":\"https:\\\/\\\/ccaves.org\\\/blog\\\/actualites-dans-les-medias\\\/\",\"name\":\"Actualit\u00e9s dans les m\u00e9dias - CCAVES\",\"isPartOf\":{\"@id\":\"https:\\\/\\\/ccaves.org\\\/blog\\\/#website\"},\"datePublished\":\"2018-05-19T21:37:25+00:00\",\"dateModified\":\"2023-05-11T15:50:49+00:00\",\"description\":\"Plateforme d'\u00e9changes et de Coordination des Collectifs et Associations Volontaires en Environnement Sant\u00e9 et Soci\u00e9t\u00e9\",\"breadcrumb\":{\"@id\":\"https:\\\/\\\/ccaves.org\\\/blog\\\/actualites-dans-les-medias\\\/#breadcrumb\"},\"inLanguage\":\"fr-FR\",\"potentialAction\":[{\"@type\":\"ReadAction\",\"target\":[\"https:\\\/\\\/ccaves.org\\\/blog\\\/actualites-dans-les-medias\\\/\"]}]},{\"@type\":\"BreadcrumbList\",\"@id\":\"https:\\\/\\\/ccaves.org\\\/blog\\\/actualites-dans-les-medias\\\/#breadcrumb\",\"itemListElement\":[{\"@type\":\"ListItem\",\"position\":1,\"name\":\"Accueil\",\"item\":\"https:\\\/\\\/ccaves.org\\\/blog\\\/\"},{\"@type\":\"ListItem\",\"position\":2,\"name\":\"Actualit\u00e9s dans les m\u00e9dias\"}]},{\"@type\":\"WebSite\",\"@id\":\"https:\\\/\\\/ccaves.org\\\/blog\\\/#website\",\"url\":\"https:\\\/\\\/ccaves.org\\\/blog\\\/\",\"name\":\"CCAVES\",\"description\":\"Plateforme d&#039;\u00e9changes et de Coordination des Collectifs et Associations Volontaires en Environnement Sant\u00e9 et Soci\u00e9t\u00e9\",\"publisher\":{\"@id\":\"https:\\\/\\\/ccaves.org\\\/blog\\\/#organization\"},\"alternateName\":\"Coordination des Collectifs et Associations Volontaires en Environnement Sant\u00e9 et Soci\u00e9t\u00e9\",\"potentialAction\":[{\"@type\":\"SearchAction\",\"target\":{\"@type\":\"EntryPoint\",\"urlTemplate\":\"https:\\\/\\\/ccaves.org\\\/blog\\\/?s={search_term_string}\"},\"query-input\":{\"@type\":\"PropertyValueSpecification\",\"valueRequired\":true,\"valueName\":\"search_term_string\"}}],\"inLanguage\":\"fr-FR\"},{\"@type\":\"Organization\",\"@id\":\"https:\\\/\\\/ccaves.org\\\/blog\\\/#organization\",\"name\":\"Plateforme d'\u00e9changes et de Coordination des Collectifs et Associations Volontaires en Environnement Sant\u00e9 et Soci\u00e9t\u00e9\",\"alternateName\":\"Plateforme d'\u00e9changes et de Coordination des Collectifs et Associations Volontaires en Environnement Sant\u00e9 et Soci\u00e9t\u00e9\",\"url\":\"https:\\\/\\\/ccaves.org\\\/blog\\\/\",\"logo\":{\"@type\":\"ImageObject\",\"inLanguage\":\"fr-FR\",\"@id\":\"https:\\\/\\\/ccaves.org\\\/blog\\\/#\\\/schema\\\/logo\\\/image\\\/\",\"url\":\"https:\\\/\\\/ccaves.org\\\/blog\\\/wp-content\\\/uploads\\\/Oedicneme-criard-IMP-1024x631.png\",\"contentUrl\":\"https:\\\/\\\/ccaves.org\\\/blog\\\/wp-content\\\/uploads\\\/Oedicneme-criard-IMP-1024x631.png\",\"width\":1024,\"height\":631,\"caption\":\"Plateforme d'\u00e9changes et de Coordination des Collectifs et Associations Volontaires en Environnement Sant\u00e9 et Soci\u00e9t\u00e9\"},\"image\":{\"@id\":\"https:\\\/\\\/ccaves.org\\\/blog\\\/#\\\/schema\\\/logo\\\/image\\\/\"}},{\"@type\":\"Person\",\"@id\":\"https:\\\/\\\/ccaves.org\\\/blog\\\/#\\\/schema\\\/person\\\/d776b30895ca193bcb27a7923f266e29\",\"name\":\"collectifvallon\",\"image\":{\"@type\":\"ImageObject\",\"inLanguage\":\"fr-FR\",\"@id\":\"https:\\\/\\\/secure.gravatar.com\\\/avatar\\\/fb252f144334c6af21b3edf929630a011715a9a10cebad3a3dc971a32be991db?s=96&d=mm&r=g\",\"url\":\"https:\\\/\\\/secure.gravatar.com\\\/avatar\\\/fb252f144334c6af21b3edf929630a011715a9a10cebad3a3dc971a32be991db?s=96&d=mm&r=g\",\"contentUrl\":\"https:\\\/\\\/secure.gravatar.com\\\/avatar\\\/fb252f144334c6af21b3edf929630a011715a9a10cebad3a3dc971a32be991db?s=96&d=mm&r=g\",\"caption\":\"collectifvallon\"},\"url\":\"https:\\\/\\\/ccaves.org\\\/blog\\\/author\\\/loic\\\/\"}]}<\/script>\n<!-- \/ Yoast SEO plugin. -->","yoast_head_json":{"title":"Actualit\u00e9s dans les m\u00e9dias - CCAVES","description":"Plateforme d'\u00e9changes et de Coordination des Collectifs et Associations Volontaires en Environnement Sant\u00e9 et Soci\u00e9t\u00e9","robots":{"index":"index","follow":"follow","max-snippet":"max-snippet:-1","max-image-preview":"max-image-preview:large","max-video-preview":"max-video-preview:-1"},"canonical":"https:\/\/ccaves.org\/blog\/actualites-dans-les-medias\/","og_locale":"fr_FR","og_type":"article","og_title":"Actualit\u00e9s dans les m\u00e9dias - CCAVES","og_description":"Plateforme d'\u00e9changes et de Coordination des Collectifs et Associations Volontaires en Environnement Sant\u00e9 et Soci\u00e9t\u00e9","og_url":"https:\/\/ccaves.org\/blog\/actualites-dans-les-medias\/","og_site_name":"CCAVES","article_published_time":"2018-05-19T21:37:25+00:00","article_modified_time":"2023-05-11T15:50:49+00:00","og_image":[{"width":1024,"height":631,"url":"https:\/\/ccaves.org\/blog\/wp-content\/uploads\/Oedicneme-criard-IMP-1024x631.png","type":"image\/png"}],"author":"collectifvallon","twitter_card":"summary_large_image","twitter_misc":{"\u00c9crit par":"collectifvallon","Dur\u00e9e de lecture estim\u00e9e":"9 minutes"},"schema":{"@context":"https:\/\/schema.org","@graph":[{"@type":"Article","@id":"https:\/\/ccaves.org\/blog\/actualites-dans-les-medias\/#article","isPartOf":{"@id":"https:\/\/ccaves.org\/blog\/actualites-dans-les-medias\/"},"author":{"name":"collectifvallon","@id":"https:\/\/ccaves.org\/blog\/#\/schema\/person\/d776b30895ca193bcb27a7923f266e29"},"headline":"Actualit\u00e9s dans les m\u00e9dias","datePublished":"2018-05-19T21:37:25+00:00","dateModified":"2023-05-11T15:50:49+00:00","mainEntityOfPage":{"@id":"https:\/\/ccaves.org\/blog\/actualites-dans-les-medias\/"},"wordCount":1630,"commentCount":0,"publisher":{"@id":"https:\/\/ccaves.org\/blog\/#organization"},"articleSection":["Presse locale"],"inLanguage":"fr-FR","potentialAction":[{"@type":"CommentAction","name":"Comment","target":["https:\/\/ccaves.org\/blog\/actualites-dans-les-medias\/#respond"]}]},{"@type":"WebPage","@id":"https:\/\/ccaves.org\/blog\/actualites-dans-les-medias\/","url":"https:\/\/ccaves.org\/blog\/actualites-dans-les-medias\/","name":"Actualit\u00e9s dans les m\u00e9dias - CCAVES","isPartOf":{"@id":"https:\/\/ccaves.org\/blog\/#website"},"datePublished":"2018-05-19T21:37:25+00:00","dateModified":"2023-05-11T15:50:49+00:00","description":"Plateforme d'\u00e9changes et de Coordination des Collectifs et Associations Volontaires en Environnement Sant\u00e9 et Soci\u00e9t\u00e9","breadcrumb":{"@id":"https:\/\/ccaves.org\/blog\/actualites-dans-les-medias\/#breadcrumb"},"inLanguage":"fr-FR","potentialAction":[{"@type":"ReadAction","target":["https:\/\/ccaves.org\/blog\/actualites-dans-les-medias\/"]}]},{"@type":"BreadcrumbList","@id":"https:\/\/ccaves.org\/blog\/actualites-dans-les-medias\/#breadcrumb","itemListElement":[{"@type":"ListItem","position":1,"name":"Accueil","item":"https:\/\/ccaves.org\/blog\/"},{"@type":"ListItem","position":2,"name":"Actualit\u00e9s dans les m\u00e9dias"}]},{"@type":"WebSite","@id":"https:\/\/ccaves.org\/blog\/#website","url":"https:\/\/ccaves.org\/blog\/","name":"CCAVES","description":"Plateforme d&#039;\u00e9changes et de Coordination des Collectifs et Associations Volontaires en Environnement Sant\u00e9 et Soci\u00e9t\u00e9","publisher":{"@id":"https:\/\/ccaves.org\/blog\/#organization"},"alternateName":"Coordination des Collectifs et Associations Volontaires en Environnement Sant\u00e9 et Soci\u00e9t\u00e9","potentialAction":[{"@type":"SearchAction","target":{"@type":"EntryPoint","urlTemplate":"https:\/\/ccaves.org\/blog\/?s={search_term_string}"},"query-input":{"@type":"PropertyValueSpecification","valueRequired":true,"valueName":"search_term_string"}}],"inLanguage":"fr-FR"},{"@type":"Organization","@id":"https:\/\/ccaves.org\/blog\/#organization","name":"Plateforme d'\u00e9changes et de Coordination des Collectifs et Associations Volontaires en Environnement Sant\u00e9 et Soci\u00e9t\u00e9","alternateName":"Plateforme d'\u00e9changes et de Coordination des Collectifs et Associations Volontaires en Environnement Sant\u00e9 et Soci\u00e9t\u00e9","url":"https:\/\/ccaves.org\/blog\/","logo":{"@type":"ImageObject","inLanguage":"fr-FR","@id":"https:\/\/ccaves.org\/blog\/#\/schema\/logo\/image\/","url":"https:\/\/ccaves.org\/blog\/wp-content\/uploads\/Oedicneme-criard-IMP-1024x631.png","contentUrl":"https:\/\/ccaves.org\/blog\/wp-content\/uploads\/Oedicneme-criard-IMP-1024x631.png","width":1024,"height":631,"caption":"Plateforme d'\u00e9changes et de Coordination des Collectifs et Associations Volontaires en Environnement Sant\u00e9 et Soci\u00e9t\u00e9"},"image":{"@id":"https:\/\/ccaves.org\/blog\/#\/schema\/logo\/image\/"}},{"@type":"Person","@id":"https:\/\/ccaves.org\/blog\/#\/schema\/person\/d776b30895ca193bcb27a7923f266e29","name":"collectifvallon","image":{"@type":"ImageObject","inLanguage":"fr-FR","@id":"https:\/\/secure.gravatar.com\/avatar\/fb252f144334c6af21b3edf929630a011715a9a10cebad3a3dc971a32be991db?s=96&d=mm&r=g","url":"https:\/\/secure.gravatar.com\/avatar\/fb252f144334c6af21b3edf929630a011715a9a10cebad3a3dc971a32be991db?s=96&d=mm&r=g","contentUrl":"https:\/\/secure.gravatar.com\/avatar\/fb252f144334c6af21b3edf929630a011715a9a10cebad3a3dc971a32be991db?s=96&d=mm&r=g","caption":"collectifvallon"},"url":"https:\/\/ccaves.org\/blog\/author\/loic\/"}]}},"_links":{"self":[{"href":"https:\/\/ccaves.org\/blog\/wp-json\/wp\/v2\/posts\/375","targetHints":{"allow":["GET"]}}],"collection":[{"href":"https:\/\/ccaves.org\/blog\/wp-json\/wp\/v2\/posts"}],"about":[{"href":"https:\/\/ccaves.org\/blog\/wp-json\/wp\/v2\/types\/post"}],"author":[{"embeddable":true,"href":"https:\/\/ccaves.org\/blog\/wp-json\/wp\/v2\/users\/4"}],"replies":[{"embeddable":true,"href":"https:\/\/ccaves.org\/blog\/wp-json\/wp\/v2\/comments?post=375"}],"version-history":[{"count":83,"href":"https:\/\/ccaves.org\/blog\/wp-json\/wp\/v2\/posts\/375\/revisions"}],"predecessor-version":[{"id":3747,"href":"https:\/\/ccaves.org\/blog\/wp-json\/wp\/v2\/posts\/375\/revisions\/3747"}],"wp:attachment":[{"href":"https:\/\/ccaves.org\/blog\/wp-json\/wp\/v2\/media?parent=375"}],"wp:term":[{"taxonomy":"category","embeddable":true,"href":"https:\/\/ccaves.org\/blog\/wp-json\/wp\/v2\/categories?post=375"},{"taxonomy":"post_tag","embeddable":true,"href":"https:\/\/ccaves.org\/blog\/wp-json\/wp\/v2\/tags?post=375"}],"curies":[{"name":"wp","href":"https:\/\/api.w.org\/{rel}","templated":true}]}}