{"id":4100,"date":"2021-05-06T14:35:38","date_gmt":"2021-05-06T12:35:38","guid":{"rendered":"https:\/\/ccaves.org\/blog\/?p=4100"},"modified":"2021-05-06T14:35:38","modified_gmt":"2021-05-06T12:35:38","slug":"media-cameras","status":"publish","type":"post","link":"https:\/\/ccaves.org\/blog\/media-cameras\/","title":{"rendered":"media cameras"},"content":{"rendered":"<p>&nbsp;<\/p>\n<div style=\"text-align: center;\">\n<p><a href=\"https:\/\/www.20minutes.fr\/societe\/3014911-20210406-aveyron-rififi-autour-installation-cinq-cameras-videosurveillance-petit-bourg\" target=\"_blank\" rel=\"noreferrer nofollow noopener\">Aveyron : Du rififi autour de l\u2019installation de cinq Journal 20 Minutes du 6 avril 2021 cam\u00e9ras de vid\u00e9osurveillance dans un petit bourg<\/a><\/p>\n<p>&nbsp;<\/p>\n<\/div>\n<div style=\"text-align: center;\">\n<p><a href=\"https:\/\/www.cfmradio.fr\/un-collectif-contre-des-cameras-a-marcillac\" target=\"_blank\" rel=\"noopener\">radio CFM 30 mars 2021<\/a><\/p>\n<p>&nbsp;<\/p>\n<div><a href=\"https:\/\/www.centrepresseaveyron.fr\/2021\/03\/21\/marcillac-une-petition-contre-linstallation-de-cameras-de-surveillance-en-ville-9441666.php\" target=\"_blank\" rel=\"noopener\">Centre presse du 21 mars. Une p\u00e9tition contre l&rsquo;installation de cameras de vid\u00e9osurveillance<\/a><\/div>\n<div><\/div>\n<div><\/div>\n<div><strong>France 3<\/strong><\/div>\n<div><\/div>\n<\/div>\n<div style=\"text-align: center;\"><a href=\"https:\/\/www.youtube.com\/watch?v=nLKOR2Al09o&amp;list=PLjk_2UG-CeKYDbv2nfj_hTkUDiRwsuzPM&amp;index=42\" target=\"_blank\" rel=\"noopener\">Aveyron : une commune de 1700 habitants veut installer des cam\u00e9ras de vid\u00e9oprotection<\/a><\/div>\n<div><\/div>\n<div style=\"text-align: center;\"><a href=\"https:\/\/france3-regions.francetvinfo.fr\/occitanie\/aveyron\/aveyron-une-commune-de-1700-habitants-veut-installer-cinq-cameras-pour-surveiller-les-poubelles-du-village-2013466.html\">https:\/\/france3-regions.francetvinfo.fr\/occitanie\/aveyron\/aveyron-une-commune-de-1700-habitants-veut-installer-cinq-cameras-pour-surveiller-les-poubelles-du-village-2013466.html<\/a><\/div>\n<div><\/div>\n<div><\/div>\n<div style=\"text-align: center;\"><a href=\"https:\/\/www.lepetitjournal.net\/12-aveyron\/2021\/04\/24\/des-cameras-a-marcillac-vallon-est-ce-bien-raisonnable\/\" target=\"_blank\" rel=\"noopener\">Le Petit Journal. 24 avril 2021 DES CAM\u00c9RAS \u00c0 MARCILLAC-VALLON, EST-CE BIEN RAISONNABLE ?<\/a><\/div>\n<div style=\"text-align: center;\"><\/div>\n<div style=\"text-align: center;\"><a href=\"https:\/\/www.pressreader.com\/\" target=\"_blank\" rel=\"noopener\">En version compl\u00e8te<\/a><\/div>\n<div style=\"text-align: center;\"><\/div>\n<div><\/div>\n<div style=\"text-align: center;\"><a href=\"https:\/\/vl-media.fr\/aveyron-des-cameras-de-surveillance-seme-la-zizanie-dans-un-village\/\" target=\"_blank\" rel=\"noopener\">VL-M\u00e9dia 6 avril 2021 .Aveyron : des cam\u00e9ras de surveillance s\u00e8me la zizanie dans un village<\/a><\/div>\n<div><\/div>\n<div><\/div>\n<div style=\"text-align: center;\"><a href=\"https:\/\/www.lagglorieuse.info\/aveyron\/article_marcillac-la-video-surveillance-pour-surveiller-les-poubelles.html\" target=\"_blank\" rel=\"noopener\">Marcillac : La Glorieuse 27 mars 2021. La video-surveillance pour surveiller les poubelles<\/a><\/div>\n<div style=\"text-align: center;\"><\/div>\n<div><\/div>\n<div style=\"text-align: center;\"><a href=\"http:\/\/confluences81.fr\/2021\/03\/16\/est-ce-bien-raisonnable\/#more-8044\" target=\"_blank\" rel=\"noopener\">Confluences 81. Des cameras \u00e0 Marcillac Vallon, est-ce bien raisonnable ?<\/a><\/div>\n<div><\/div>\n<div><\/div>\n<div style=\"text-align: center;\"><a href=\"https:\/\/www.tellerreport.com\/life\/2021-04-06-rififi-autour-de-l%E2%80%99installation-de-cinq-cam%C3%A9ras-dans-un-village-aveyronnais.Byetsdyqru.html\" target=\"_blank\" rel=\"noopener\">Teller-report. Rififi autour de l\u2019installation de cinq cam\u00e9ras dans un village aveyronnais<\/a><\/div>\n<div><\/div>\n<div><\/div>\n<div style=\"text-align: center;\"><a href=\"https:\/\/1001infos.net\/france\/aveyron-du-rififi-autour-de-linstallation-de-cinq-cameras-de-videosurveillance-dans-un-petit-bourg\/\">https:\/\/1001infos.net\/france\/aveyron-du-rififi-autour-de-linstallation-de-cinq-cameras-de-videosurveillance-dans-un-petit-bourg\/<\/a><\/div>\n<div style=\"text-align: center;\"><\/div>\n<h2 style=\"text-align: center;\"><\/h2>\n<p>&nbsp;<\/p>\n","protected":false},"excerpt":{"rendered":"<p>&nbsp; Aveyron : Du rififi autour de l\u2019installation de cinq Journal 20 Minutes du 6 avril 2021 cam\u00e9ras de vid\u00e9osurveillance<\/p>\n","protected":false},"author":4,"featured_media":0,"comment_status":"open","ping_status":"open","sticky":false,"template":"","format":"standard","meta":{"colormag_page_container_layout":"default_layout","colormag_page_sidebar_layout":"default_layout","footnotes":""},"categories":[1],"tags":[],"class_list":["post-4100","post","type-post","status-publish","format-standard","hentry","category-non-classe"],"yoast_head":"<!-- This site is optimized with the Yoast SEO plugin v27.5 - https:\/\/yoast.com\/product\/yoast-seo-wordpress\/ -->\n<title>media cameras - CCAVES<\/title>\n<meta name=\"description\" content=\"Plateforme d&#039;\u00e9changes et de Coordination des Collectifs et Associations Volontaires en Environnement Sant\u00e9 et Soci\u00e9t\u00e9\" \/>\n<meta name=\"robots\" content=\"index, follow, max-snippet:-1, max-image-preview:large, max-video-preview:-1\" \/>\n<link rel=\"canonical\" href=\"https:\/\/ccaves.org\/blog\/media-cameras\/\" \/>\n<meta property=\"og:locale\" content=\"fr_FR\" \/>\n<meta property=\"og:type\" content=\"article\" \/>\n<meta property=\"og:title\" content=\"media cameras - CCAVES\" \/>\n<meta property=\"og:description\" content=\"Plateforme d&#039;\u00e9changes et de Coordination des Collectifs et Associations Volontaires en Environnement Sant\u00e9 et Soci\u00e9t\u00e9\" \/>\n<meta property=\"og:url\" content=\"https:\/\/ccaves.org\/blog\/media-cameras\/\" \/>\n<meta property=\"og:site_name\" content=\"CCAVES\" \/>\n<meta property=\"article:published_time\" content=\"2021-05-06T12:35:38+00:00\" \/>\n<meta property=\"og:image\" content=\"https:\/\/ccaves.org\/blog\/wp-content\/uploads\/Oedicneme-criard-IMP-1024x631.png\" \/>\n\t<meta property=\"og:image:width\" content=\"1024\" \/>\n\t<meta property=\"og:image:height\" content=\"631\" \/>\n\t<meta property=\"og:image:type\" content=\"image\/png\" \/>\n<meta name=\"author\" content=\"collectifvallon\" \/>\n<meta name=\"twitter:card\" content=\"summary_large_image\" \/>\n<meta name=\"twitter:label1\" content=\"\u00c9crit par\" \/>\n\t<meta name=\"twitter:data1\" content=\"collectifvallon\" \/>\n\t<meta name=\"twitter:label2\" content=\"Dur\u00e9e de lecture estim\u00e9e\" \/>\n\t<meta name=\"twitter:data2\" content=\"1 minute\" \/>\n<script type=\"application\/ld+json\" class=\"yoast-schema-graph\">{\"@context\":\"https:\\\/\\\/schema.org\",\"@graph\":[{\"@type\":\"Article\",\"@id\":\"https:\\\/\\\/ccaves.org\\\/blog\\\/media-cameras\\\/#article\",\"isPartOf\":{\"@id\":\"https:\\\/\\\/ccaves.org\\\/blog\\\/media-cameras\\\/\"},\"author\":{\"name\":\"collectifvallon\",\"@id\":\"https:\\\/\\\/ccaves.org\\\/blog\\\/#\\\/schema\\\/person\\\/d776b30895ca193bcb27a7923f266e29\"},\"headline\":\"media cameras\",\"datePublished\":\"2021-05-06T12:35:38+00:00\",\"mainEntityOfPage\":{\"@id\":\"https:\\\/\\\/ccaves.org\\\/blog\\\/media-cameras\\\/\"},\"wordCount\":137,\"commentCount\":0,\"publisher\":{\"@id\":\"https:\\\/\\\/ccaves.org\\\/blog\\\/#organization\"},\"inLanguage\":\"fr-FR\",\"potentialAction\":[{\"@type\":\"CommentAction\",\"name\":\"Comment\",\"target\":[\"https:\\\/\\\/ccaves.org\\\/blog\\\/media-cameras\\\/#respond\"]}]},{\"@type\":\"WebPage\",\"@id\":\"https:\\\/\\\/ccaves.org\\\/blog\\\/media-cameras\\\/\",\"url\":\"https:\\\/\\\/ccaves.org\\\/blog\\\/media-cameras\\\/\",\"name\":\"media cameras - CCAVES\",\"isPartOf\":{\"@id\":\"https:\\\/\\\/ccaves.org\\\/blog\\\/#website\"},\"datePublished\":\"2021-05-06T12:35:38+00:00\",\"description\":\"Plateforme d'\u00e9changes et de Coordination des Collectifs et Associations Volontaires en Environnement Sant\u00e9 et Soci\u00e9t\u00e9\",\"breadcrumb\":{\"@id\":\"https:\\\/\\\/ccaves.org\\\/blog\\\/media-cameras\\\/#breadcrumb\"},\"inLanguage\":\"fr-FR\",\"potentialAction\":[{\"@type\":\"ReadAction\",\"target\":[\"https:\\\/\\\/ccaves.org\\\/blog\\\/media-cameras\\\/\"]}]},{\"@type\":\"BreadcrumbList\",\"@id\":\"https:\\\/\\\/ccaves.org\\\/blog\\\/media-cameras\\\/#breadcrumb\",\"itemListElement\":[{\"@type\":\"ListItem\",\"position\":1,\"name\":\"Accueil\",\"item\":\"https:\\\/\\\/ccaves.org\\\/blog\\\/\"},{\"@type\":\"ListItem\",\"position\":2,\"name\":\"media cameras\"}]},{\"@type\":\"WebSite\",\"@id\":\"https:\\\/\\\/ccaves.org\\\/blog\\\/#website\",\"url\":\"https:\\\/\\\/ccaves.org\\\/blog\\\/\",\"name\":\"CCAVES\",\"description\":\"Plateforme d&#039;\u00e9changes et de Coordination des Collectifs et Associations Volontaires en Environnement Sant\u00e9 et Soci\u00e9t\u00e9\",\"publisher\":{\"@id\":\"https:\\\/\\\/ccaves.org\\\/blog\\\/#organization\"},\"alternateName\":\"Coordination des Collectifs et Associations Volontaires en Environnement Sant\u00e9 et Soci\u00e9t\u00e9\",\"potentialAction\":[{\"@type\":\"SearchAction\",\"target\":{\"@type\":\"EntryPoint\",\"urlTemplate\":\"https:\\\/\\\/ccaves.org\\\/blog\\\/?s={search_term_string}\"},\"query-input\":{\"@type\":\"PropertyValueSpecification\",\"valueRequired\":true,\"valueName\":\"search_term_string\"}}],\"inLanguage\":\"fr-FR\"},{\"@type\":\"Organization\",\"@id\":\"https:\\\/\\\/ccaves.org\\\/blog\\\/#organization\",\"name\":\"Plateforme d'\u00e9changes et de Coordination des Collectifs et Associations Volontaires en Environnement Sant\u00e9 et Soci\u00e9t\u00e9\",\"alternateName\":\"Plateforme d'\u00e9changes et de Coordination des Collectifs et Associations Volontaires en Environnement Sant\u00e9 et Soci\u00e9t\u00e9\",\"url\":\"https:\\\/\\\/ccaves.org\\\/blog\\\/\",\"logo\":{\"@type\":\"ImageObject\",\"inLanguage\":\"fr-FR\",\"@id\":\"https:\\\/\\\/ccaves.org\\\/blog\\\/#\\\/schema\\\/logo\\\/image\\\/\",\"url\":\"https:\\\/\\\/ccaves.org\\\/blog\\\/wp-content\\\/uploads\\\/Oedicneme-criard-IMP-1024x631.png\",\"contentUrl\":\"https:\\\/\\\/ccaves.org\\\/blog\\\/wp-content\\\/uploads\\\/Oedicneme-criard-IMP-1024x631.png\",\"width\":1024,\"height\":631,\"caption\":\"Plateforme d'\u00e9changes et de Coordination des Collectifs et Associations Volontaires en Environnement Sant\u00e9 et Soci\u00e9t\u00e9\"},\"image\":{\"@id\":\"https:\\\/\\\/ccaves.org\\\/blog\\\/#\\\/schema\\\/logo\\\/image\\\/\"}},{\"@type\":\"Person\",\"@id\":\"https:\\\/\\\/ccaves.org\\\/blog\\\/#\\\/schema\\\/person\\\/d776b30895ca193bcb27a7923f266e29\",\"name\":\"collectifvallon\",\"image\":{\"@type\":\"ImageObject\",\"inLanguage\":\"fr-FR\",\"@id\":\"https:\\\/\\\/secure.gravatar.com\\\/avatar\\\/fb252f144334c6af21b3edf929630a011715a9a10cebad3a3dc971a32be991db?s=96&d=mm&r=g\",\"url\":\"https:\\\/\\\/secure.gravatar.com\\\/avatar\\\/fb252f144334c6af21b3edf929630a011715a9a10cebad3a3dc971a32be991db?s=96&d=mm&r=g\",\"contentUrl\":\"https:\\\/\\\/secure.gravatar.com\\\/avatar\\\/fb252f144334c6af21b3edf929630a011715a9a10cebad3a3dc971a32be991db?s=96&d=mm&r=g\",\"caption\":\"collectifvallon\"},\"url\":\"https:\\\/\\\/ccaves.org\\\/blog\\\/author\\\/loic\\\/\"}]}<\/script>\n<!-- \/ Yoast SEO plugin. -->","yoast_head_json":{"title":"media cameras - CCAVES","description":"Plateforme d'\u00e9changes et de Coordination des Collectifs et Associations Volontaires en Environnement Sant\u00e9 et Soci\u00e9t\u00e9","robots":{"index":"index","follow":"follow","max-snippet":"max-snippet:-1","max-image-preview":"max-image-preview:large","max-video-preview":"max-video-preview:-1"},"canonical":"https:\/\/ccaves.org\/blog\/media-cameras\/","og_locale":"fr_FR","og_type":"article","og_title":"media cameras - CCAVES","og_description":"Plateforme d'\u00e9changes et de Coordination des Collectifs et Associations Volontaires en Environnement Sant\u00e9 et Soci\u00e9t\u00e9","og_url":"https:\/\/ccaves.org\/blog\/media-cameras\/","og_site_name":"CCAVES","article_published_time":"2021-05-06T12:35:38+00:00","og_image":[{"width":1024,"height":631,"url":"https:\/\/ccaves.org\/blog\/wp-content\/uploads\/Oedicneme-criard-IMP-1024x631.png","type":"image\/png"}],"author":"collectifvallon","twitter_card":"summary_large_image","twitter_misc":{"\u00c9crit par":"collectifvallon","Dur\u00e9e de lecture estim\u00e9e":"1 minute"},"schema":{"@context":"https:\/\/schema.org","@graph":[{"@type":"Article","@id":"https:\/\/ccaves.org\/blog\/media-cameras\/#article","isPartOf":{"@id":"https:\/\/ccaves.org\/blog\/media-cameras\/"},"author":{"name":"collectifvallon","@id":"https:\/\/ccaves.org\/blog\/#\/schema\/person\/d776b30895ca193bcb27a7923f266e29"},"headline":"media cameras","datePublished":"2021-05-06T12:35:38+00:00","mainEntityOfPage":{"@id":"https:\/\/ccaves.org\/blog\/media-cameras\/"},"wordCount":137,"commentCount":0,"publisher":{"@id":"https:\/\/ccaves.org\/blog\/#organization"},"inLanguage":"fr-FR","potentialAction":[{"@type":"CommentAction","name":"Comment","target":["https:\/\/ccaves.org\/blog\/media-cameras\/#respond"]}]},{"@type":"WebPage","@id":"https:\/\/ccaves.org\/blog\/media-cameras\/","url":"https:\/\/ccaves.org\/blog\/media-cameras\/","name":"media cameras - CCAVES","isPartOf":{"@id":"https:\/\/ccaves.org\/blog\/#website"},"datePublished":"2021-05-06T12:35:38+00:00","description":"Plateforme d'\u00e9changes et de Coordination des Collectifs et Associations Volontaires en Environnement Sant\u00e9 et Soci\u00e9t\u00e9","breadcrumb":{"@id":"https:\/\/ccaves.org\/blog\/media-cameras\/#breadcrumb"},"inLanguage":"fr-FR","potentialAction":[{"@type":"ReadAction","target":["https:\/\/ccaves.org\/blog\/media-cameras\/"]}]},{"@type":"BreadcrumbList","@id":"https:\/\/ccaves.org\/blog\/media-cameras\/#breadcrumb","itemListElement":[{"@type":"ListItem","position":1,"name":"Accueil","item":"https:\/\/ccaves.org\/blog\/"},{"@type":"ListItem","position":2,"name":"media cameras"}]},{"@type":"WebSite","@id":"https:\/\/ccaves.org\/blog\/#website","url":"https:\/\/ccaves.org\/blog\/","name":"CCAVES","description":"Plateforme d&#039;\u00e9changes et de Coordination des Collectifs et Associations Volontaires en Environnement Sant\u00e9 et Soci\u00e9t\u00e9","publisher":{"@id":"https:\/\/ccaves.org\/blog\/#organization"},"alternateName":"Coordination des Collectifs et Associations Volontaires en Environnement Sant\u00e9 et Soci\u00e9t\u00e9","potentialAction":[{"@type":"SearchAction","target":{"@type":"EntryPoint","urlTemplate":"https:\/\/ccaves.org\/blog\/?s={search_term_string}"},"query-input":{"@type":"PropertyValueSpecification","valueRequired":true,"valueName":"search_term_string"}}],"inLanguage":"fr-FR"},{"@type":"Organization","@id":"https:\/\/ccaves.org\/blog\/#organization","name":"Plateforme d'\u00e9changes et de Coordination des Collectifs et Associations Volontaires en Environnement Sant\u00e9 et Soci\u00e9t\u00e9","alternateName":"Plateforme d'\u00e9changes et de Coordination des Collectifs et Associations Volontaires en Environnement Sant\u00e9 et Soci\u00e9t\u00e9","url":"https:\/\/ccaves.org\/blog\/","logo":{"@type":"ImageObject","inLanguage":"fr-FR","@id":"https:\/\/ccaves.org\/blog\/#\/schema\/logo\/image\/","url":"https:\/\/ccaves.org\/blog\/wp-content\/uploads\/Oedicneme-criard-IMP-1024x631.png","contentUrl":"https:\/\/ccaves.org\/blog\/wp-content\/uploads\/Oedicneme-criard-IMP-1024x631.png","width":1024,"height":631,"caption":"Plateforme d'\u00e9changes et de Coordination des Collectifs et Associations Volontaires en Environnement Sant\u00e9 et Soci\u00e9t\u00e9"},"image":{"@id":"https:\/\/ccaves.org\/blog\/#\/schema\/logo\/image\/"}},{"@type":"Person","@id":"https:\/\/ccaves.org\/blog\/#\/schema\/person\/d776b30895ca193bcb27a7923f266e29","name":"collectifvallon","image":{"@type":"ImageObject","inLanguage":"fr-FR","@id":"https:\/\/secure.gravatar.com\/avatar\/fb252f144334c6af21b3edf929630a011715a9a10cebad3a3dc971a32be991db?s=96&d=mm&r=g","url":"https:\/\/secure.gravatar.com\/avatar\/fb252f144334c6af21b3edf929630a011715a9a10cebad3a3dc971a32be991db?s=96&d=mm&r=g","contentUrl":"https:\/\/secure.gravatar.com\/avatar\/fb252f144334c6af21b3edf929630a011715a9a10cebad3a3dc971a32be991db?s=96&d=mm&r=g","caption":"collectifvallon"},"url":"https:\/\/ccaves.org\/blog\/author\/loic\/"}]}},"_links":{"self":[{"href":"https:\/\/ccaves.org\/blog\/wp-json\/wp\/v2\/posts\/4100","targetHints":{"allow":["GET"]}}],"collection":[{"href":"https:\/\/ccaves.org\/blog\/wp-json\/wp\/v2\/posts"}],"about":[{"href":"https:\/\/ccaves.org\/blog\/wp-json\/wp\/v2\/types\/post"}],"author":[{"embeddable":true,"href":"https:\/\/ccaves.org\/blog\/wp-json\/wp\/v2\/users\/4"}],"replies":[{"embeddable":true,"href":"https:\/\/ccaves.org\/blog\/wp-json\/wp\/v2\/comments?post=4100"}],"version-history":[{"count":1,"href":"https:\/\/ccaves.org\/blog\/wp-json\/wp\/v2\/posts\/4100\/revisions"}],"predecessor-version":[{"id":4101,"href":"https:\/\/ccaves.org\/blog\/wp-json\/wp\/v2\/posts\/4100\/revisions\/4101"}],"wp:attachment":[{"href":"https:\/\/ccaves.org\/blog\/wp-json\/wp\/v2\/media?parent=4100"}],"wp:term":[{"taxonomy":"category","embeddable":true,"href":"https:\/\/ccaves.org\/blog\/wp-json\/wp\/v2\/categories?post=4100"},{"taxonomy":"post_tag","embeddable":true,"href":"https:\/\/ccaves.org\/blog\/wp-json\/wp\/v2\/tags?post=4100"}],"curies":[{"name":"wp","href":"https:\/\/api.w.org\/{rel}","templated":true}]}}