{"id":4221,"date":"2021-09-26T19:29:45","date_gmt":"2021-09-26T17:29:45","guid":{"rendered":"https:\/\/ccaves.org\/blog\/?p=4221"},"modified":"2021-09-26T19:29:45","modified_gmt":"2021-09-26T17:29:45","slug":"cameras-le-maire-de-marcillac-en-difficulte-face-aux-habitants","status":"publish","type":"post","link":"https:\/\/ccaves.org\/blog\/cameras-le-maire-de-marcillac-en-difficulte-face-aux-habitants\/","title":{"rendered":"Cam\u00e9ras\u00a0: le maire de Marcillac en difficult\u00e9 face aux habitants."},"content":{"rendered":"<h1 style=\"text-align: center;\">Cam\u00e9ras\u00a0: le maire de Marcillac en difficult\u00e9 face aux habitants.<\/h1>\n<h3 style=\"text-align: center;\">Communiqu\u00e9 du collectif de r\u00e9flexion citoyenne sur la vid\u00e9osurveillance \u00e0 Marcillac, le 25 septembre.<\/h3>\n<h1 style=\"text-align: center;\"><\/h1>\n<h2>Depuis des mois de nombreux habitants s&rsquo;opposent au d\u00e9ploiement de cam\u00e9ras pour filmer l&rsquo;\u00e9cole maternelle, et \u00ab\u00a0les incivilit\u00e9s\u00a0\u00bb de tri aux poubelles. Une r\u00e9union publique a eu lieu le vendredi 24 septembre, et c&rsquo;est en grand nombre que sont venus les opposants au projet. Agac\u00e9s par la pose de 5 cam\u00e9ras le jour-m\u00eame dans le village, nous d\u00e9non\u00e7ons un passage en force. En effet, la mairie a d\u00e9lib\u00e9r\u00e9 en novembre 2020 pour ce projet, mais les \u00e9lu.es ont toujours expliqu\u00e9 qu&rsquo;une seconde d\u00e9lib\u00e9ration devait arriver pour d\u00e9ployer les cam\u00e9ras. Malheureusement, et contre l&rsquo;avis de plusieurs membres de la majorit\u00e9, le maire a d\u00e9cid\u00e9 d&rsquo;oublier cette seconde d\u00e9lib\u00e9ration et de d\u00e9ployer toutes les cam\u00e9ras. Il faut ajouter que lors du conseil municipal de juillet 2021, les cam\u00e9ras pour filmer les poubelles avaient \u00e9t\u00e9 suspendues, car selon les dires des \u00e9lu.es \u00ab <i>ces projets ont suscit\u00e9 de nombreux et vifs d\u00e9bats au sein de la population (et)\u00a0l&rsquo;am\u00e9lioration constat\u00e9e \u00e0 la suite de la campagne sur les incivilit\u00e9s <\/i><i>est<\/i><i> en conformit\u00e9 avec ce qui avait \u00e9t\u00e9 indiqu\u00e9 depuis le d\u00e9but, il est [donc] d\u00e9cid\u00e9 de surseoir \u00e0 l&rsquo;installation\u00a0(de cam\u00e9ras) \u00e0 proximit\u00e9 des d\u00e9p\u00f4ts de poubelles<\/i>\u00a0\u00bb. Dans le m\u00eame sens, aupr\u00e8s de radio CFM, le maire d\u00e9clarait : \u00ab\u00a0<i>nous verrons au mois de juin (2021) le r\u00e9sultat de la campagne sur les incivilit\u00e9s. Si elle a produit ses effets et que les poubelles sont clean, on va pas d\u00e9penser des sous pour mettre des cam\u00e9ras.\u00a0<\/i>\u00bb. Le maire a donc gravement reni\u00e9 sa parole publique, et m\u00e9prise le travail des \u00e9lus de sa majorit\u00e9 qui travaillent contre les incivilit\u00e9s de tri avec de la pr\u00e9vention\u00a0.<\/h2>\n<h2>Concernant les installations \u00e0 l&rsquo;\u00e9cole, le maire a d\u00e9clar\u00e9 en f\u00e9vrier 2020 aupr\u00e8s des d\u00e9l\u00e9gu\u00e9s des parents d&rsquo;\u00e9l\u00e8ves qu&rsquo;il n&rsquo;y aurait pas de cam\u00e9ras s&rsquo;ils votaient contre. Les d\u00e9l\u00e9gu\u00e9s se sont ensuite prononc\u00e9s contre \u00e0 l&rsquo;unanimit\u00e9&#8230; mais le maire est pass\u00e9 outre. C&rsquo;est ce qu&rsquo; \u00e0 rappel\u00e9 publiquement le d\u00e9l\u00e9gu\u00e9 des parents Mathieu Rey en expliquant \u00ab <i>que le maire n&rsquo;avait pas de parole<\/i>\u00a0\u00bb. Le maire a ensuite confirm\u00e9 qu&rsquo;il n&rsquo; y avait pas de statistique de d\u00e9linquance \u00e0 l&rsquo;\u00e9cole. Enfin, il faut rappeler que le maire, qui en paye publiquement les frais aujourd&rsquo;hui, s&rsquo;est toujours refus\u00e9 \u00e0 la voie d\u00e9mocratique. Sur CFM le maire assume son refus d&rsquo;une consultation publique\u00a0: <i>\u00ab<\/i><i><b>\u00a0<\/b><\/i><i>Non. Consultation citoyenne s\u00fbrement pas\u00a0\u00bb. <\/i><i>\u00ab\u00a0Encore une fois l&rsquo;objectif<\/i><i><b> <\/b><\/i><i>c&rsquo;\u00e9tait pas de faire un r\u00e9f\u00e9rendum sur Marcillac\u00a0\u00bb (r\u00e9union publique de septembre 2020)<\/i><\/h2>\n<h2>Confirmant ce qui se passe dans les communes qui installent de la vid\u00e9osurveillance, le maire a assum\u00e9 de dire ce vendredi qu&rsquo;il escomptait installer encore d&rsquo;autres cam\u00e9ras dans Marcillac, et notamment aux autres \u00e9coles.<\/h2>\n<h2>Nous d\u00e9non\u00e7ons une grave atteinte au vivre ensemble et \u00e0 la convivialit\u00e9 typique du Vallon, et l&rsquo;irrationalit\u00e9 s\u00e9curitaire et anxiog\u00e8ne du maire. Alors que, selon la Cour des Comptes en 2020, aucune \u00e9tude ne d\u00e9montre l&rsquo;efficacit\u00e9 des cam\u00e9ras, la mairie d\u00e9pense des dizaines de milliers d&rsquo;euros pour ces premi\u00e8res. La Mairie n&rsquo;aurait-elle pas mieux fait de dialoguer avec tous et toutes avant de voter pour ce projet\u00a0en novembre 2020\u00a0?<\/h2>\n<h2>La fin des d\u00e9bats sur ce point des cam\u00e9ras \u00e0 la r\u00e9union publique fut houleuse, un groupe en soutien au maire et aux cam\u00e9ras invectivant et insultant les personnes intervenant contre les cam\u00e9ras. Avec ce projet, le maire a ainsi r\u00e9ussi \u00e0 semer la zizanie dans le village, et \u00e0 semer la discorde dans sa propre majorit\u00e9 municipale&#8230;<\/h2>\n","protected":false},"excerpt":{"rendered":"<p>Cam\u00e9ras\u00a0: le maire de Marcillac en difficult\u00e9 face aux habitants. Communiqu\u00e9 du collectif de r\u00e9flexion citoyenne sur la vid\u00e9osurveillance \u00e0<\/p>\n","protected":false},"author":4,"featured_media":0,"comment_status":"open","ping_status":"open","sticky":false,"template":"","format":"standard","meta":{"colormag_page_container_layout":"default_layout","colormag_page_sidebar_layout":"default_layout","footnotes":""},"categories":[54],"tags":[],"class_list":["post-4221","post","type-post","status-publish","format-standard","hentry","category-cameras-de-videosurveillance-a-marcillac-vallon"],"yoast_head":"<!-- This site is optimized with the Yoast SEO plugin v27.5 - https:\/\/yoast.com\/product\/yoast-seo-wordpress\/ -->\n<title>Cam\u00e9ras\u00a0: le maire de Marcillac en difficult\u00e9 face aux habitants. - CCAVES<\/title>\n<meta name=\"description\" content=\"Plateforme d&#039;\u00e9changes et de Coordination des Collectifs et Associations Volontaires en Environnement Sant\u00e9 et Soci\u00e9t\u00e9\" \/>\n<meta name=\"robots\" content=\"index, follow, max-snippet:-1, max-image-preview:large, max-video-preview:-1\" \/>\n<link rel=\"canonical\" href=\"https:\/\/ccaves.org\/blog\/cameras-le-maire-de-marcillac-en-difficulte-face-aux-habitants\/\" \/>\n<meta property=\"og:locale\" content=\"fr_FR\" \/>\n<meta property=\"og:type\" content=\"article\" \/>\n<meta property=\"og:title\" content=\"Cam\u00e9ras\u00a0: le maire de Marcillac en difficult\u00e9 face aux habitants. - CCAVES\" \/>\n<meta property=\"og:description\" content=\"Plateforme d&#039;\u00e9changes et de Coordination des Collectifs et Associations Volontaires en Environnement Sant\u00e9 et Soci\u00e9t\u00e9\" \/>\n<meta property=\"og:url\" content=\"https:\/\/ccaves.org\/blog\/cameras-le-maire-de-marcillac-en-difficulte-face-aux-habitants\/\" \/>\n<meta property=\"og:site_name\" content=\"CCAVES\" \/>\n<meta property=\"article:published_time\" content=\"2021-09-26T17:29:45+00:00\" \/>\n<meta property=\"og:image\" content=\"https:\/\/ccaves.org\/blog\/wp-content\/uploads\/Oedicneme-criard-IMP-1024x631.png\" \/>\n\t<meta property=\"og:image:width\" content=\"1024\" \/>\n\t<meta property=\"og:image:height\" content=\"631\" \/>\n\t<meta property=\"og:image:type\" content=\"image\/png\" \/>\n<meta name=\"author\" content=\"collectifvallon\" \/>\n<meta name=\"twitter:card\" content=\"summary_large_image\" \/>\n<meta name=\"twitter:label1\" content=\"\u00c9crit par\" \/>\n\t<meta name=\"twitter:data1\" content=\"collectifvallon\" \/>\n\t<meta name=\"twitter:label2\" content=\"Dur\u00e9e de lecture estim\u00e9e\" \/>\n\t<meta name=\"twitter:data2\" content=\"3 minutes\" \/>\n<script type=\"application\/ld+json\" class=\"yoast-schema-graph\">{\"@context\":\"https:\\\/\\\/schema.org\",\"@graph\":[{\"@type\":\"Article\",\"@id\":\"https:\\\/\\\/ccaves.org\\\/blog\\\/cameras-le-maire-de-marcillac-en-difficulte-face-aux-habitants\\\/#article\",\"isPartOf\":{\"@id\":\"https:\\\/\\\/ccaves.org\\\/blog\\\/cameras-le-maire-de-marcillac-en-difficulte-face-aux-habitants\\\/\"},\"author\":{\"name\":\"collectifvallon\",\"@id\":\"https:\\\/\\\/ccaves.org\\\/blog\\\/#\\\/schema\\\/person\\\/d776b30895ca193bcb27a7923f266e29\"},\"headline\":\"Cam\u00e9ras\u00a0: le maire de Marcillac en difficult\u00e9 face aux habitants.\",\"datePublished\":\"2021-09-26T17:29:45+00:00\",\"mainEntityOfPage\":{\"@id\":\"https:\\\/\\\/ccaves.org\\\/blog\\\/cameras-le-maire-de-marcillac-en-difficulte-face-aux-habitants\\\/\"},\"wordCount\":662,\"commentCount\":0,\"publisher\":{\"@id\":\"https:\\\/\\\/ccaves.org\\\/blog\\\/#organization\"},\"articleSection\":[\"Cam\u00e9ras de vid\u00e9osurveillance \u00e0 Marcillac-Vallon\"],\"inLanguage\":\"fr-FR\",\"potentialAction\":[{\"@type\":\"CommentAction\",\"name\":\"Comment\",\"target\":[\"https:\\\/\\\/ccaves.org\\\/blog\\\/cameras-le-maire-de-marcillac-en-difficulte-face-aux-habitants\\\/#respond\"]}]},{\"@type\":\"WebPage\",\"@id\":\"https:\\\/\\\/ccaves.org\\\/blog\\\/cameras-le-maire-de-marcillac-en-difficulte-face-aux-habitants\\\/\",\"url\":\"https:\\\/\\\/ccaves.org\\\/blog\\\/cameras-le-maire-de-marcillac-en-difficulte-face-aux-habitants\\\/\",\"name\":\"Cam\u00e9ras\u00a0: le maire de Marcillac en difficult\u00e9 face aux habitants. - CCAVES\",\"isPartOf\":{\"@id\":\"https:\\\/\\\/ccaves.org\\\/blog\\\/#website\"},\"datePublished\":\"2021-09-26T17:29:45+00:00\",\"description\":\"Plateforme d'\u00e9changes et de Coordination des Collectifs et Associations Volontaires en Environnement Sant\u00e9 et Soci\u00e9t\u00e9\",\"breadcrumb\":{\"@id\":\"https:\\\/\\\/ccaves.org\\\/blog\\\/cameras-le-maire-de-marcillac-en-difficulte-face-aux-habitants\\\/#breadcrumb\"},\"inLanguage\":\"fr-FR\",\"potentialAction\":[{\"@type\":\"ReadAction\",\"target\":[\"https:\\\/\\\/ccaves.org\\\/blog\\\/cameras-le-maire-de-marcillac-en-difficulte-face-aux-habitants\\\/\"]}]},{\"@type\":\"BreadcrumbList\",\"@id\":\"https:\\\/\\\/ccaves.org\\\/blog\\\/cameras-le-maire-de-marcillac-en-difficulte-face-aux-habitants\\\/#breadcrumb\",\"itemListElement\":[{\"@type\":\"ListItem\",\"position\":1,\"name\":\"Accueil\",\"item\":\"https:\\\/\\\/ccaves.org\\\/blog\\\/\"},{\"@type\":\"ListItem\",\"position\":2,\"name\":\"Cam\u00e9ras\u00a0: le maire de Marcillac en difficult\u00e9 face aux habitants.\"}]},{\"@type\":\"WebSite\",\"@id\":\"https:\\\/\\\/ccaves.org\\\/blog\\\/#website\",\"url\":\"https:\\\/\\\/ccaves.org\\\/blog\\\/\",\"name\":\"CCAVES\",\"description\":\"Plateforme d&#039;\u00e9changes et de Coordination des Collectifs et Associations Volontaires en Environnement Sant\u00e9 et Soci\u00e9t\u00e9\",\"publisher\":{\"@id\":\"https:\\\/\\\/ccaves.org\\\/blog\\\/#organization\"},\"alternateName\":\"Coordination des Collectifs et Associations Volontaires en Environnement Sant\u00e9 et Soci\u00e9t\u00e9\",\"potentialAction\":[{\"@type\":\"SearchAction\",\"target\":{\"@type\":\"EntryPoint\",\"urlTemplate\":\"https:\\\/\\\/ccaves.org\\\/blog\\\/?s={search_term_string}\"},\"query-input\":{\"@type\":\"PropertyValueSpecification\",\"valueRequired\":true,\"valueName\":\"search_term_string\"}}],\"inLanguage\":\"fr-FR\"},{\"@type\":\"Organization\",\"@id\":\"https:\\\/\\\/ccaves.org\\\/blog\\\/#organization\",\"name\":\"Plateforme d'\u00e9changes et de Coordination des Collectifs et Associations Volontaires en Environnement Sant\u00e9 et Soci\u00e9t\u00e9\",\"alternateName\":\"Plateforme d'\u00e9changes et de Coordination des Collectifs et Associations Volontaires en Environnement Sant\u00e9 et Soci\u00e9t\u00e9\",\"url\":\"https:\\\/\\\/ccaves.org\\\/blog\\\/\",\"logo\":{\"@type\":\"ImageObject\",\"inLanguage\":\"fr-FR\",\"@id\":\"https:\\\/\\\/ccaves.org\\\/blog\\\/#\\\/schema\\\/logo\\\/image\\\/\",\"url\":\"https:\\\/\\\/ccaves.org\\\/blog\\\/wp-content\\\/uploads\\\/Oedicneme-criard-IMP-1024x631.png\",\"contentUrl\":\"https:\\\/\\\/ccaves.org\\\/blog\\\/wp-content\\\/uploads\\\/Oedicneme-criard-IMP-1024x631.png\",\"width\":1024,\"height\":631,\"caption\":\"Plateforme d'\u00e9changes et de Coordination des Collectifs et Associations Volontaires en Environnement Sant\u00e9 et Soci\u00e9t\u00e9\"},\"image\":{\"@id\":\"https:\\\/\\\/ccaves.org\\\/blog\\\/#\\\/schema\\\/logo\\\/image\\\/\"}},{\"@type\":\"Person\",\"@id\":\"https:\\\/\\\/ccaves.org\\\/blog\\\/#\\\/schema\\\/person\\\/d776b30895ca193bcb27a7923f266e29\",\"name\":\"collectifvallon\",\"image\":{\"@type\":\"ImageObject\",\"inLanguage\":\"fr-FR\",\"@id\":\"https:\\\/\\\/secure.gravatar.com\\\/avatar\\\/fb252f144334c6af21b3edf929630a011715a9a10cebad3a3dc971a32be991db?s=96&d=mm&r=g\",\"url\":\"https:\\\/\\\/secure.gravatar.com\\\/avatar\\\/fb252f144334c6af21b3edf929630a011715a9a10cebad3a3dc971a32be991db?s=96&d=mm&r=g\",\"contentUrl\":\"https:\\\/\\\/secure.gravatar.com\\\/avatar\\\/fb252f144334c6af21b3edf929630a011715a9a10cebad3a3dc971a32be991db?s=96&d=mm&r=g\",\"caption\":\"collectifvallon\"},\"url\":\"https:\\\/\\\/ccaves.org\\\/blog\\\/author\\\/loic\\\/\"}]}<\/script>\n<!-- \/ Yoast SEO plugin. -->","yoast_head_json":{"title":"Cam\u00e9ras\u00a0: le maire de Marcillac en difficult\u00e9 face aux habitants. - CCAVES","description":"Plateforme d'\u00e9changes et de Coordination des Collectifs et Associations Volontaires en Environnement Sant\u00e9 et Soci\u00e9t\u00e9","robots":{"index":"index","follow":"follow","max-snippet":"max-snippet:-1","max-image-preview":"max-image-preview:large","max-video-preview":"max-video-preview:-1"},"canonical":"https:\/\/ccaves.org\/blog\/cameras-le-maire-de-marcillac-en-difficulte-face-aux-habitants\/","og_locale":"fr_FR","og_type":"article","og_title":"Cam\u00e9ras\u00a0: le maire de Marcillac en difficult\u00e9 face aux habitants. - CCAVES","og_description":"Plateforme d'\u00e9changes et de Coordination des Collectifs et Associations Volontaires en Environnement Sant\u00e9 et Soci\u00e9t\u00e9","og_url":"https:\/\/ccaves.org\/blog\/cameras-le-maire-de-marcillac-en-difficulte-face-aux-habitants\/","og_site_name":"CCAVES","article_published_time":"2021-09-26T17:29:45+00:00","og_image":[{"width":1024,"height":631,"url":"https:\/\/ccaves.org\/blog\/wp-content\/uploads\/Oedicneme-criard-IMP-1024x631.png","type":"image\/png"}],"author":"collectifvallon","twitter_card":"summary_large_image","twitter_misc":{"\u00c9crit par":"collectifvallon","Dur\u00e9e de lecture estim\u00e9e":"3 minutes"},"schema":{"@context":"https:\/\/schema.org","@graph":[{"@type":"Article","@id":"https:\/\/ccaves.org\/blog\/cameras-le-maire-de-marcillac-en-difficulte-face-aux-habitants\/#article","isPartOf":{"@id":"https:\/\/ccaves.org\/blog\/cameras-le-maire-de-marcillac-en-difficulte-face-aux-habitants\/"},"author":{"name":"collectifvallon","@id":"https:\/\/ccaves.org\/blog\/#\/schema\/person\/d776b30895ca193bcb27a7923f266e29"},"headline":"Cam\u00e9ras\u00a0: le maire de Marcillac en difficult\u00e9 face aux habitants.","datePublished":"2021-09-26T17:29:45+00:00","mainEntityOfPage":{"@id":"https:\/\/ccaves.org\/blog\/cameras-le-maire-de-marcillac-en-difficulte-face-aux-habitants\/"},"wordCount":662,"commentCount":0,"publisher":{"@id":"https:\/\/ccaves.org\/blog\/#organization"},"articleSection":["Cam\u00e9ras de vid\u00e9osurveillance \u00e0 Marcillac-Vallon"],"inLanguage":"fr-FR","potentialAction":[{"@type":"CommentAction","name":"Comment","target":["https:\/\/ccaves.org\/blog\/cameras-le-maire-de-marcillac-en-difficulte-face-aux-habitants\/#respond"]}]},{"@type":"WebPage","@id":"https:\/\/ccaves.org\/blog\/cameras-le-maire-de-marcillac-en-difficulte-face-aux-habitants\/","url":"https:\/\/ccaves.org\/blog\/cameras-le-maire-de-marcillac-en-difficulte-face-aux-habitants\/","name":"Cam\u00e9ras\u00a0: le maire de Marcillac en difficult\u00e9 face aux habitants. - CCAVES","isPartOf":{"@id":"https:\/\/ccaves.org\/blog\/#website"},"datePublished":"2021-09-26T17:29:45+00:00","description":"Plateforme d'\u00e9changes et de Coordination des Collectifs et Associations Volontaires en Environnement Sant\u00e9 et Soci\u00e9t\u00e9","breadcrumb":{"@id":"https:\/\/ccaves.org\/blog\/cameras-le-maire-de-marcillac-en-difficulte-face-aux-habitants\/#breadcrumb"},"inLanguage":"fr-FR","potentialAction":[{"@type":"ReadAction","target":["https:\/\/ccaves.org\/blog\/cameras-le-maire-de-marcillac-en-difficulte-face-aux-habitants\/"]}]},{"@type":"BreadcrumbList","@id":"https:\/\/ccaves.org\/blog\/cameras-le-maire-de-marcillac-en-difficulte-face-aux-habitants\/#breadcrumb","itemListElement":[{"@type":"ListItem","position":1,"name":"Accueil","item":"https:\/\/ccaves.org\/blog\/"},{"@type":"ListItem","position":2,"name":"Cam\u00e9ras\u00a0: le maire de Marcillac en difficult\u00e9 face aux habitants."}]},{"@type":"WebSite","@id":"https:\/\/ccaves.org\/blog\/#website","url":"https:\/\/ccaves.org\/blog\/","name":"CCAVES","description":"Plateforme d&#039;\u00e9changes et de Coordination des Collectifs et Associations Volontaires en Environnement Sant\u00e9 et Soci\u00e9t\u00e9","publisher":{"@id":"https:\/\/ccaves.org\/blog\/#organization"},"alternateName":"Coordination des Collectifs et Associations Volontaires en Environnement Sant\u00e9 et Soci\u00e9t\u00e9","potentialAction":[{"@type":"SearchAction","target":{"@type":"EntryPoint","urlTemplate":"https:\/\/ccaves.org\/blog\/?s={search_term_string}"},"query-input":{"@type":"PropertyValueSpecification","valueRequired":true,"valueName":"search_term_string"}}],"inLanguage":"fr-FR"},{"@type":"Organization","@id":"https:\/\/ccaves.org\/blog\/#organization","name":"Plateforme d'\u00e9changes et de Coordination des Collectifs et Associations Volontaires en Environnement Sant\u00e9 et Soci\u00e9t\u00e9","alternateName":"Plateforme d'\u00e9changes et de Coordination des Collectifs et Associations Volontaires en Environnement Sant\u00e9 et Soci\u00e9t\u00e9","url":"https:\/\/ccaves.org\/blog\/","logo":{"@type":"ImageObject","inLanguage":"fr-FR","@id":"https:\/\/ccaves.org\/blog\/#\/schema\/logo\/image\/","url":"https:\/\/ccaves.org\/blog\/wp-content\/uploads\/Oedicneme-criard-IMP-1024x631.png","contentUrl":"https:\/\/ccaves.org\/blog\/wp-content\/uploads\/Oedicneme-criard-IMP-1024x631.png","width":1024,"height":631,"caption":"Plateforme d'\u00e9changes et de Coordination des Collectifs et Associations Volontaires en Environnement Sant\u00e9 et Soci\u00e9t\u00e9"},"image":{"@id":"https:\/\/ccaves.org\/blog\/#\/schema\/logo\/image\/"}},{"@type":"Person","@id":"https:\/\/ccaves.org\/blog\/#\/schema\/person\/d776b30895ca193bcb27a7923f266e29","name":"collectifvallon","image":{"@type":"ImageObject","inLanguage":"fr-FR","@id":"https:\/\/secure.gravatar.com\/avatar\/fb252f144334c6af21b3edf929630a011715a9a10cebad3a3dc971a32be991db?s=96&d=mm&r=g","url":"https:\/\/secure.gravatar.com\/avatar\/fb252f144334c6af21b3edf929630a011715a9a10cebad3a3dc971a32be991db?s=96&d=mm&r=g","contentUrl":"https:\/\/secure.gravatar.com\/avatar\/fb252f144334c6af21b3edf929630a011715a9a10cebad3a3dc971a32be991db?s=96&d=mm&r=g","caption":"collectifvallon"},"url":"https:\/\/ccaves.org\/blog\/author\/loic\/"}]}},"_links":{"self":[{"href":"https:\/\/ccaves.org\/blog\/wp-json\/wp\/v2\/posts\/4221","targetHints":{"allow":["GET"]}}],"collection":[{"href":"https:\/\/ccaves.org\/blog\/wp-json\/wp\/v2\/posts"}],"about":[{"href":"https:\/\/ccaves.org\/blog\/wp-json\/wp\/v2\/types\/post"}],"author":[{"embeddable":true,"href":"https:\/\/ccaves.org\/blog\/wp-json\/wp\/v2\/users\/4"}],"replies":[{"embeddable":true,"href":"https:\/\/ccaves.org\/blog\/wp-json\/wp\/v2\/comments?post=4221"}],"version-history":[{"count":1,"href":"https:\/\/ccaves.org\/blog\/wp-json\/wp\/v2\/posts\/4221\/revisions"}],"predecessor-version":[{"id":4222,"href":"https:\/\/ccaves.org\/blog\/wp-json\/wp\/v2\/posts\/4221\/revisions\/4222"}],"wp:attachment":[{"href":"https:\/\/ccaves.org\/blog\/wp-json\/wp\/v2\/media?parent=4221"}],"wp:term":[{"taxonomy":"category","embeddable":true,"href":"https:\/\/ccaves.org\/blog\/wp-json\/wp\/v2\/categories?post=4221"},{"taxonomy":"post_tag","embeddable":true,"href":"https:\/\/ccaves.org\/blog\/wp-json\/wp\/v2\/tags?post=4221"}],"curies":[{"name":"wp","href":"https:\/\/api.w.org\/{rel}","templated":true}]}}