{"id":4276,"date":"2021-10-25T13:06:08","date_gmt":"2021-10-25T11:06:08","guid":{"rendered":"https:\/\/ccaves.org\/blog\/?p=4276"},"modified":"2022-11-16T15:05:51","modified_gmt":"2022-11-16T14:05:51","slug":"medias-collectif-cameras-marcillac","status":"publish","type":"post","link":"https:\/\/ccaves.org\/blog\/medias-collectif-cameras-marcillac\/","title":{"rendered":"medias collectif cameras marcillac"},"content":{"rendered":"<div style=\"text-align: center;\">\n<h1><strong>Nos passages dans les m\u00e9dias\u00a0<\/strong><\/h1>\n<\/div>\n<p>&nbsp;<\/p>\n<p>&nbsp;<\/p>\n<p>&nbsp;<\/p>\n<h1 style=\"text-align: center;\"><a href=\"https:\/\/lempaille.fr\/occitanie-sous-surveillance\" target=\"_blank\" rel=\"noopener\"><strong>L&rsquo;Empaill\u00e9, Occitanie sous surveillance, printemps 2022<\/strong><\/a><\/h1>\n<p>&nbsp;<\/p>\n<p>&nbsp;<\/p>\n<h1 style=\"text-align: center;\"><a href=\"https:\/\/ccaves.org\/blog\/wp-content\/uploads\/En-Aveyron-des-cameras-au-coeur-de-la-colere-des-habitants-de-Marcillac-Vallon-%E2%80%93-Liberation.pdf\" target=\"_blank\" rel=\"noopener\"><strong>Lib\u00e9ration, le 12 janvier 2022\u00a0 En Aveyron, des cam\u00e9ras au coeur de la col\u00e8re<\/strong><\/a><br \/>\n<a href=\"https:\/\/ccaves.org\/blog\/wp-content\/uploads\/En-Aveyron-des-cameras-au-coeur-de-la-colere-des-habitants-de-Marcillac-Vallon-%E2%80%93-Liberation.pdf\" target=\"_blank\" rel=\"noopener\">des habitants de Marcillac-Vallon<\/a><\/h1>\n<p>&nbsp;<\/p>\n<p>&nbsp;<\/p>\n<p>&nbsp;<\/p>\n<p>&nbsp;<\/p>\n<p>&nbsp;<\/p>\n<h1 style=\"text-align: center;\"><strong>Radio Totem, le 11 janvier 2022, journaux de 6h30, 7h30, 8h30<\/strong><\/h1>\n<p>&nbsp;<\/p>\n<p style=\"text-align: center;\">deux enregistrements diff\u00e9rents<\/p>\n<!--[if lt IE 9]><script>document.createElement('audio');<\/script><![endif]-->\n<audio class=\"wp-audio-shortcode\" id=\"audio-4276-1\" preload=\"none\" style=\"width: 100%;\" controls=\"controls\"><source type=\"audio\/mpeg\" src=\"https:\/\/ccaves.org\/blog\/wp-content\/uploads\/EDITION-AVEYRON-TARN-FIGEAC-du-11-01-2022-a-07h30.mp3?_=1\" \/><a href=\"https:\/\/ccaves.org\/blog\/wp-content\/uploads\/EDITION-AVEYRON-TARN-FIGEAC-du-11-01-2022-a-07h30.mp3\">https:\/\/ccaves.org\/blog\/wp-content\/uploads\/EDITION-AVEYRON-TARN-FIGEAC-du-11-01-2022-a-07h30.mp3<\/a><\/audio>\n<p>&nbsp;<\/p>\n<audio class=\"wp-audio-shortcode\" id=\"audio-4276-2\" preload=\"none\" style=\"width: 100%;\" controls=\"controls\"><source type=\"audio\/mpeg\" src=\"https:\/\/ccaves.org\/blog\/wp-content\/uploads\/EDITION-AVEYRON-TARN-FIGEAC-du-11-01-2022-a-08h29.mp3?_=2\" \/><a href=\"https:\/\/ccaves.org\/blog\/wp-content\/uploads\/EDITION-AVEYRON-TARN-FIGEAC-du-11-01-2022-a-08h29.mp3\">https:\/\/ccaves.org\/blog\/wp-content\/uploads\/EDITION-AVEYRON-TARN-FIGEAC-du-11-01-2022-a-08h29.mp3<\/a><\/audio>\n<p>&nbsp;<\/p>\n<p>&nbsp;<\/p>\n<p>&nbsp;<\/p>\n<p>&nbsp;<\/p>\n<p>&nbsp;<\/p>\n<h1 class=\"article-full__title\" style=\"text-align: center;\"><a href=\"https:\/\/www.centrepresseaveyron.fr\/2022\/01\/10\/a-marcillac-une-journee-communication-pour-les-opposants-a-la-video-protection-10037424.php\" target=\"_blank\" rel=\"noopener\"><strong>\u00c0 Marcillac, une journ\u00e9e \u00ab\u00a0communication\u00a0\u00bb pour les opposants \u00e0 la vid\u00e9o-protection<\/strong><\/a><\/h1>\n<h1 style=\"text-align: center;\"><a href=\"https:\/\/www.centrepresseaveyron.fr\/2022\/01\/10\/a-marcillac-une-journee-communication-pour-les-opposants-a-la-video-protection-10037424.php\" target=\"_blank\" rel=\"noopener\">le 10 janvier 2022<\/a><\/h1>\n<p>&nbsp;<\/p>\n<h1><\/h1>\n<p>&nbsp;<\/p>\n<p>&nbsp;<\/p>\n<p>&nbsp;<\/p>\n<h1 style=\"text-align: center;\"><a href=\"https:\/\/www.cfmradio.fr\/une-plainte-contre-les-cameras-a-marcillac\" target=\"_blank\" rel=\"noopener\">CFM RODEZ et r\u00e9gion le 5 janvier 2022<\/a><\/h1>\n<h1 class=\"title2\" style=\"text-align: center;\"><a href=\"https:\/\/www.cfmradio.fr\/une-plainte-contre-les-cameras-a-marcillac\" target=\"_blank\" rel=\"noopener\">Une plainte contre les cam\u00e9ras \u00e0 Marcillac<\/a><\/h1>\n<p>&nbsp;<\/p>\n<p>&nbsp;<\/p>\n<p>&nbsp;<\/p>\n<p>&nbsp;<\/p>\n<p>&nbsp;<\/p>\n<p>&nbsp;<\/p>\n<h1 style=\"text-align: center;\"><a href=\"https:\/\/france3-regions.francetvinfo.fr\/occitanie\/emissions\/jt-local-1920-quercy\" target=\"_blank\" rel=\"noopener\"><strong>France 3 Quercy-Rouergue le 16 d\u00e9cembre 2021<\/strong><\/a><\/h1>\n<p>&nbsp;<\/p>\n<p>&nbsp;<\/p>\n<p>&nbsp;<\/p>\n<p>&nbsp;<\/p>\n<p>&nbsp;<\/p>\n<p>&nbsp;<\/p>\n<ul>\n<li>\n<h1 style=\"text-align: center;\"><a href=\"https:\/\/ccaves.org\/blog\/wp-content\/uploads\/article-canard-enchaine-cameras.jpg\" target=\"_blank\" rel=\"noopener\"><strong>Le Canard Encha\u00een\u00e9 15 d\u00e9cembre 2021 \u00ab\u00a0Les poubelles \u00e9taient fliqu\u00e9es\u00a0\u00bb<\/strong><\/a><\/h1>\n<\/li>\n<\/ul>\n<p>&nbsp;<\/p>\n<p>&nbsp;<\/p>\n<p>&nbsp;<\/p>\n<p>&nbsp;<\/p>\n<p>&nbsp;<\/p>\n<p>&nbsp;<\/p>\n<ul style=\"text-align: center;\">\n<li>\n<h1 class=\"article-full__title\"><a href=\"https:\/\/www.ladepeche.fr\/2021\/10\/06\/les-cameras-un-sujet-qui-fache-9834079.php\" target=\"_blank\" rel=\"noopener\">Marcillac-Vallon. Les cam\u00e9ras, un sujet qui f\u00e2che ! La D\u00e9p\u00eache 6 octobre 2021<\/a><\/h1>\n<\/li>\n<\/ul>\n<p>&nbsp;<\/p>\n<p>&nbsp;<\/p>\n<p>&nbsp;<\/p>\n<p>&nbsp;<\/p>\n<p>&nbsp;<\/p>\n<p>&nbsp;<\/p>\n<ul style=\"text-align: center;\">\n<li style=\"text-align: center;\">\n<h1><strong><a href=\"https:\/\/www.centrepresseaveyron.fr\/2021\/09\/10\/marcillac-vallon-des-opposant-aux-cameras-de-videoprotection-prets-a-saisir-la-justice-9782227.php\" target=\"_blank\" rel=\"noopener\">Marcillac-Vallon : des opposant aux cam\u00e9ras de vid\u00e9oprotection pr\u00eats \u00e0 saisir la justice. Centre Presse le 11 septembre 2021<\/a><\/strong><\/h1>\n<\/li>\n<\/ul>\n<h1 style=\"text-align: center;\"><\/h1>\n<p>&nbsp;<\/p>\n<p>&nbsp;<\/p>\n<p>&nbsp;<\/p>\n<p>&nbsp;<\/p>\n<p>&nbsp;<\/p>\n<ul style=\"text-align: center;\">\n<li>\n<h1><strong><a href=\"https:\/\/ccaves.org\/blog\/wp-content\/uploads\/communique-petit-journal-MED-camera-scaled.jpg\" target=\"_blank\" rel=\"noopener\">Le Petit Journal, 22 juillet 2021. Une quarantaine d&rsquo;habitants mettent en demeure la mairie.<\/a><\/strong><\/h1>\n<\/li>\n<\/ul>\n<h1 style=\"text-align: center;\"><\/h1>\n<p>&nbsp;<\/p>\n<p>&nbsp;<\/p>\n<p>&nbsp;<\/p>\n<p>&nbsp;<\/p>\n<p>&nbsp;<\/p>\n<ul style=\"text-align: center;\">\n<li>\n<h1><strong><a href=\"https:\/\/www.vice.com\/fr\/article\/m7e7x3\/quand-la-videosurveillance-sinvite-dans-les-petites-communes\" target=\"_blank\" rel=\"noopener\">Vice, le 14 juin 2020. Quand la vid\u00e9osurveillance s\u2019invite dans les petites communes<\/a>.<\/strong><strong style=\"font-size: 16px;\"> <a href=\"https:\/\/www.vice.com\/fr\/article\/m7e7x3\/quand-la-videosurveillance-sinvite-dans-les-petites-communes\" target=\"_blank\" rel=\"noopener\">\u00a0Apr\u00e8s les m\u00e9galopoles, les syst\u00e8mes dits de video-protection essaiment depuis quelques ann\u00e9es dans les villages de l\u2019Hexagone.<\/a><\/strong><\/h1>\n<div class=\"contributor\"><\/div>\n<\/li>\n<\/ul>\n<p>&nbsp;<\/p>\n<p>&nbsp;<\/p>\n<p>&nbsp;<\/p>\n<p>&nbsp;<\/p>\n<ul style=\"text-align: center;\">\n<li>\n<h1><strong><a href=\"https:\/\/www.centrepresseaveyron.fr\/2021\/05\/23\/marcillac-gros-plan-sur-les-cameras-de-la-discorde-9561582.php\" target=\"_blank\" rel=\"noopener\">Centre Presse le 24 mai 2021. Marcillac : gros plan sur les cam\u00e9ras de la discorde<\/a><\/strong><\/h1>\n<\/li>\n<\/ul>\n<h1 style=\"text-align: center;\"><\/h1>\n<p>&nbsp;<\/p>\n<p>&nbsp;<\/p>\n<p>&nbsp;<\/p>\n<p>&nbsp;<\/p>\n<p>&nbsp;<\/p>\n<ul style=\"text-align: center;\">\n<li>\n<h1><strong><a href=\"https:\/\/www.20minutes.fr\/societe\/3014911-20210406-aveyron-rififi-autour-installation-cinq-cameras-videosurveillance-petit-bourg\" target=\"_blank\" rel=\"noreferrer nofollow noopener\">Journal 20 Minutes du 6 avril 2021 \u00a0<\/a><a href=\"https:\/\/www.20minutes.fr\/societe\/3014911-20210406-aveyron-rififi-autour-installation-cinq-cameras-videosurveillance-petit-bourg\" target=\"_blank\" rel=\"noreferrer nofollow noopener\">Aveyron : Du rififi autour de l\u2019installation de cinq\u00a0 cam\u00e9ras de vid\u00e9osurveillance dans un petit bourg<\/a><\/strong><\/h1>\n<\/li>\n<\/ul>\n<h1 style=\"text-align: center;\"><\/h1>\n<p>&nbsp;<\/p>\n<p>&nbsp;<\/p>\n<p>&nbsp;<\/p>\n<p>&nbsp;<\/p>\n<p>&nbsp;<\/p>\n<ul style=\"text-align: center;\">\n<li style=\"text-align: center;\">\n<h1><strong><a href=\"https:\/\/www.cfmradio.fr\/un-collectif-contre-des-cameras-a-marcillac\" target=\"_blank\" rel=\"noopener\">Radio CFM 30 mars 2021<\/a><\/strong><\/h1>\n<h1 class=\"title2\"><a href=\"https:\/\/www.cfmradio.fr\/un-collectif-contre-des-cameras-a-marcillac\" target=\"_blank\" rel=\"noopener\">Un collectif contre des cam\u00e9ras \u00e0 Marcillac<\/a><\/h1>\n<\/li>\n<\/ul>\n<h1 style=\"text-align: center;\"><\/h1>\n<p>&nbsp;<\/p>\n<p>&nbsp;<\/p>\n<p>&nbsp;<\/p>\n<p>&nbsp;<\/p>\n<p>&nbsp;<\/p>\n<ul style=\"text-align: center;\">\n<li>\n<h1><strong><a href=\"https:\/\/www.centrepresseaveyron.fr\/2021\/03\/21\/marcillac-une-petition-contre-linstallation-de-cameras-de-surveillance-en-ville-9441666.php\" target=\"_blank\" rel=\"noopener\">Centre presse du 21 mars. Une p\u00e9tition contre l&rsquo;installation de cameras de vid\u00e9osurveillance<\/a><\/strong><\/h1>\n<\/li>\n<\/ul>\n<h1 style=\"text-align: center;\"><\/h1>\n<p>&nbsp;<\/p>\n<p>&nbsp;<\/p>\n<p>&nbsp;<\/p>\n<h1><\/h1>\n<h1 style=\"text-align: center;\"><strong>France 3<\/strong><\/h1>\n<ul style=\"text-align: center;\">\n<li style=\"text-align: center;\">\n<h1><strong><a href=\"https:\/\/www.youtube.com\/watch?v=nLKOR2Al09o&amp;list=PLjk_2UG-CeKYDbv2nfj_hTkUDiRwsuzPM&amp;index=42\" target=\"_blank\" rel=\"noopener\">Reportage TV : Aveyron : une commune de 1700 habitants veut installer des cam\u00e9ras de vid\u00e9oprotection<\/a><\/strong><\/h1>\n<\/li>\n<\/ul>\n<h1 style=\"text-align: center;\"><strong><a href=\"https:\/\/france3-regions.francetvinfo.fr\/occitanie\/aveyron\/aveyron-une-commune-de-1700-habitants-veut-installer-cinq-cameras-pour-surveiller-les-poubelles-du-village-2013466.html\" target=\"_blank\" rel=\"noopener\">Article presse \u00e9crite : Aveyron : une commune de 1700 habitants veut installer cinq cam\u00e9ras pour surveiller les poubelles du village<\/a><\/strong><\/h1>\n<h1 style=\"text-align: center;\"><\/h1>\n<p>&nbsp;<\/p>\n<p>&nbsp;<\/p>\n<p>&nbsp;<\/p>\n<p>&nbsp;<\/p>\n<ul style=\"text-align: center;\">\n<li style=\"text-align: center;\">\n<h1><strong><a href=\"https:\/\/www.lepetitjournal.net\/12-aveyron\/2021\/04\/24\/des-cameras-a-marcillac-vallon-est-ce-bien-raisonnable\/\" target=\"_blank\" rel=\"noopener\">Le Petit Journal. 24 avril 2021 DES CAM\u00c9RAS \u00c0 MARCILLAC-VALLON, EST-CE BIEN RAISONNABLE ?<\/a><\/strong><\/h1>\n<\/li>\n<\/ul>\n<h1 style=\"text-align: center;\"><strong><a href=\"https:\/\/www.pressreader.com\/\" target=\"_blank\" rel=\"noopener\">En version compl\u00e8te<\/a><\/strong><\/h1>\n<h1 style=\"text-align: center;\"><\/h1>\n<p>&nbsp;<\/p>\n<p>&nbsp;<\/p>\n<p>&nbsp;<\/p>\n<p>&nbsp;<\/p>\n<p>&nbsp;<\/p>\n<ul style=\"text-align: center;\">\n<li style=\"text-align: center;\">\n<h1><strong><a href=\"https:\/\/vl-media.fr\/aveyron-des-cameras-de-surveillance-seme-la-zizanie-dans-un-village\/\" target=\"_blank\" rel=\"noopener\">VL-M\u00e9dia 6 avril 2021 .Aveyron : des cam\u00e9ras de surveillance s\u00e8me la zizanie dans un village<\/a><\/strong><\/h1>\n<\/li>\n<\/ul>\n<h1 style=\"text-align: center;\"><\/h1>\n<p>&nbsp;<\/p>\n<p>&nbsp;<\/p>\n<p>&nbsp;<\/p>\n<p>&nbsp;<\/p>\n<p>&nbsp;<\/p>\n<ul style=\"text-align: center;\">\n<li style=\"text-align: center;\">\n<h1><strong><a href=\"https:\/\/www.lagglorieuse.info\/aveyron\/article_marcillac-la-video-surveillance-pour-surveiller-les-poubelles.html\" target=\"_blank\" rel=\"noopener\">Marcillac : La Glorieuse 27 mars 2021. La video-surveillance pour surveiller les poubelles<\/a><\/strong><\/h1>\n<\/li>\n<\/ul>\n<h1 style=\"text-align: center;\"><\/h1>\n<p>&nbsp;<\/p>\n<p>&nbsp;<\/p>\n<p>&nbsp;<\/p>\n<p>&nbsp;<\/p>\n<p>&nbsp;<\/p>\n<ul style=\"text-align: center;\">\n<li style=\"text-align: center;\">\n<h1><strong><a href=\"http:\/\/confluences81.fr\/2021\/03\/16\/est-ce-bien-raisonnable\/#more-8044\" target=\"_blank\" rel=\"noopener\">Confluences 81. Des cameras \u00e0 Marcillac Vallon, est-ce bien raisonnable ?<\/a><\/strong><\/h1>\n<\/li>\n<\/ul>\n<h1 style=\"text-align: center;\"><\/h1>\n<p>&nbsp;<\/p>\n<p>&nbsp;<\/p>\n<p>&nbsp;<\/p>\n<p>&nbsp;<\/p>\n<p>&nbsp;<\/p>\n<ul style=\"text-align: center;\">\n<li style=\"text-align: center;\">\n<h1><strong><a href=\"https:\/\/www.tellerreport.com\/life\/2021-04-06-rififi-autour-de-l%E2%80%99installation-de-cinq-cam%C3%A9ras-dans-un-village-aveyronnais.Byetsdyqru.html\" target=\"_blank\" rel=\"noopener\">Teller-report. Rififi autour de l\u2019installation de cinq cam\u00e9ras dans un village aveyronnais<\/a><\/strong><\/h1>\n<\/li>\n<\/ul>\n<h1 style=\"text-align: center;\"><\/h1>\n<p>&nbsp;<\/p>\n<p>&nbsp;<\/p>\n<p>&nbsp;<\/p>\n<p>&nbsp;<\/p>\n<p>&nbsp;<\/p>\n<ul style=\"text-align: center;\">\n<li style=\"text-align: center;\">\n<h1><strong><a href=\"https:\/\/1001infos.net\/france\/aveyron-du-rififi-autour-de-linstallation-de-cinq-cameras-de-videosurveillance-dans-un-petit-bourg\/\">https:\/\/1001infos.net\/france\/aveyron-du-rififi-autour-de-linstallation-de-cinq-cameras-de-videosurveillance-dans-un-petit-bourg\/<\/a><\/strong><\/h1>\n<\/li>\n<\/ul>\n<h1 style=\"text-align: center;\"><\/h1>\n<h1 style=\"text-align: center;\"><\/h1>\n<p>&nbsp;<\/p>\n","protected":false},"excerpt":{"rendered":"<p>Nos passages dans les m\u00e9dias\u00a0 &nbsp; &nbsp; &nbsp; L&rsquo;Empaill\u00e9, Occitanie sous surveillance, printemps 2022 &nbsp; &nbsp; Lib\u00e9ration, le 12 janvier<\/p>\n","protected":false},"author":4,"featured_media":0,"comment_status":"open","ping_status":"open","sticky":false,"template":"","format":"standard","meta":{"colormag_page_container_layout":"default_layout","colormag_page_sidebar_layout":"default_layout","footnotes":""},"categories":[54],"tags":[],"class_list":["post-4276","post","type-post","status-publish","format-standard","hentry","category-cameras-de-videosurveillance-a-marcillac-vallon"],"yoast_head":"<!-- This site is optimized with the Yoast SEO plugin v27.5 - https:\/\/yoast.com\/product\/yoast-seo-wordpress\/ -->\n<title>medias collectif cameras marcillac - CCAVES<\/title>\n<meta name=\"description\" content=\"Plateforme d&#039;\u00e9changes et de Coordination des Collectifs et Associations Volontaires en Environnement Sant\u00e9 et Soci\u00e9t\u00e9\" \/>\n<meta name=\"robots\" content=\"index, follow, max-snippet:-1, max-image-preview:large, max-video-preview:-1\" \/>\n<link rel=\"canonical\" href=\"https:\/\/ccaves.org\/blog\/medias-collectif-cameras-marcillac\/\" \/>\n<meta property=\"og:locale\" content=\"fr_FR\" \/>\n<meta property=\"og:type\" content=\"article\" \/>\n<meta property=\"og:title\" content=\"medias collectif cameras marcillac - CCAVES\" \/>\n<meta property=\"og:description\" content=\"Plateforme d&#039;\u00e9changes et de Coordination des Collectifs et Associations Volontaires en Environnement Sant\u00e9 et Soci\u00e9t\u00e9\" \/>\n<meta property=\"og:url\" content=\"https:\/\/ccaves.org\/blog\/medias-collectif-cameras-marcillac\/\" \/>\n<meta property=\"og:site_name\" content=\"CCAVES\" \/>\n<meta property=\"article:published_time\" content=\"2021-10-25T11:06:08+00:00\" \/>\n<meta property=\"article:modified_time\" content=\"2022-11-16T14:05:51+00:00\" \/>\n<meta property=\"og:image\" content=\"https:\/\/ccaves.org\/blog\/wp-content\/uploads\/Oedicneme-criard-IMP-1024x631.png\" \/>\n\t<meta property=\"og:image:width\" content=\"1024\" \/>\n\t<meta property=\"og:image:height\" content=\"631\" \/>\n\t<meta property=\"og:image:type\" content=\"image\/png\" \/>\n<meta name=\"author\" content=\"collectifvallon\" \/>\n<meta name=\"twitter:card\" content=\"summary_large_image\" \/>\n<meta name=\"twitter:label1\" content=\"\u00c9crit par\" \/>\n\t<meta name=\"twitter:data1\" content=\"collectifvallon\" \/>\n\t<meta name=\"twitter:label2\" content=\"Dur\u00e9e de lecture estim\u00e9e\" \/>\n\t<meta name=\"twitter:data2\" content=\"2 minutes\" \/>\n<script type=\"application\/ld+json\" class=\"yoast-schema-graph\">{\"@context\":\"https:\\\/\\\/schema.org\",\"@graph\":[{\"@type\":\"Article\",\"@id\":\"https:\\\/\\\/ccaves.org\\\/blog\\\/medias-collectif-cameras-marcillac\\\/#article\",\"isPartOf\":{\"@id\":\"https:\\\/\\\/ccaves.org\\\/blog\\\/medias-collectif-cameras-marcillac\\\/\"},\"author\":{\"name\":\"collectifvallon\",\"@id\":\"https:\\\/\\\/ccaves.org\\\/blog\\\/#\\\/schema\\\/person\\\/d776b30895ca193bcb27a7923f266e29\"},\"headline\":\"medias collectif cameras marcillac\",\"datePublished\":\"2021-10-25T11:06:08+00:00\",\"dateModified\":\"2022-11-16T14:05:51+00:00\",\"mainEntityOfPage\":{\"@id\":\"https:\\\/\\\/ccaves.org\\\/blog\\\/medias-collectif-cameras-marcillac\\\/\"},\"wordCount\":463,\"commentCount\":1,\"publisher\":{\"@id\":\"https:\\\/\\\/ccaves.org\\\/blog\\\/#organization\"},\"articleSection\":[\"Cam\u00e9ras de vid\u00e9osurveillance \u00e0 Marcillac-Vallon\"],\"inLanguage\":\"fr-FR\",\"potentialAction\":[{\"@type\":\"CommentAction\",\"name\":\"Comment\",\"target\":[\"https:\\\/\\\/ccaves.org\\\/blog\\\/medias-collectif-cameras-marcillac\\\/#respond\"]}]},{\"@type\":\"WebPage\",\"@id\":\"https:\\\/\\\/ccaves.org\\\/blog\\\/medias-collectif-cameras-marcillac\\\/\",\"url\":\"https:\\\/\\\/ccaves.org\\\/blog\\\/medias-collectif-cameras-marcillac\\\/\",\"name\":\"medias collectif cameras marcillac - CCAVES\",\"isPartOf\":{\"@id\":\"https:\\\/\\\/ccaves.org\\\/blog\\\/#website\"},\"datePublished\":\"2021-10-25T11:06:08+00:00\",\"dateModified\":\"2022-11-16T14:05:51+00:00\",\"description\":\"Plateforme d'\u00e9changes et de Coordination des Collectifs et Associations Volontaires en Environnement Sant\u00e9 et Soci\u00e9t\u00e9\",\"breadcrumb\":{\"@id\":\"https:\\\/\\\/ccaves.org\\\/blog\\\/medias-collectif-cameras-marcillac\\\/#breadcrumb\"},\"inLanguage\":\"fr-FR\",\"potentialAction\":[{\"@type\":\"ReadAction\",\"target\":[\"https:\\\/\\\/ccaves.org\\\/blog\\\/medias-collectif-cameras-marcillac\\\/\"]}]},{\"@type\":\"BreadcrumbList\",\"@id\":\"https:\\\/\\\/ccaves.org\\\/blog\\\/medias-collectif-cameras-marcillac\\\/#breadcrumb\",\"itemListElement\":[{\"@type\":\"ListItem\",\"position\":1,\"name\":\"Accueil\",\"item\":\"https:\\\/\\\/ccaves.org\\\/blog\\\/\"},{\"@type\":\"ListItem\",\"position\":2,\"name\":\"medias collectif cameras marcillac\"}]},{\"@type\":\"WebSite\",\"@id\":\"https:\\\/\\\/ccaves.org\\\/blog\\\/#website\",\"url\":\"https:\\\/\\\/ccaves.org\\\/blog\\\/\",\"name\":\"CCAVES\",\"description\":\"Plateforme d&#039;\u00e9changes et de Coordination des Collectifs et Associations Volontaires en Environnement Sant\u00e9 et Soci\u00e9t\u00e9\",\"publisher\":{\"@id\":\"https:\\\/\\\/ccaves.org\\\/blog\\\/#organization\"},\"alternateName\":\"Coordination des Collectifs et Associations Volontaires en Environnement Sant\u00e9 et Soci\u00e9t\u00e9\",\"potentialAction\":[{\"@type\":\"SearchAction\",\"target\":{\"@type\":\"EntryPoint\",\"urlTemplate\":\"https:\\\/\\\/ccaves.org\\\/blog\\\/?s={search_term_string}\"},\"query-input\":{\"@type\":\"PropertyValueSpecification\",\"valueRequired\":true,\"valueName\":\"search_term_string\"}}],\"inLanguage\":\"fr-FR\"},{\"@type\":\"Organization\",\"@id\":\"https:\\\/\\\/ccaves.org\\\/blog\\\/#organization\",\"name\":\"Plateforme d'\u00e9changes et de Coordination des Collectifs et Associations Volontaires en Environnement Sant\u00e9 et Soci\u00e9t\u00e9\",\"alternateName\":\"Plateforme d'\u00e9changes et de Coordination des Collectifs et Associations Volontaires en Environnement Sant\u00e9 et Soci\u00e9t\u00e9\",\"url\":\"https:\\\/\\\/ccaves.org\\\/blog\\\/\",\"logo\":{\"@type\":\"ImageObject\",\"inLanguage\":\"fr-FR\",\"@id\":\"https:\\\/\\\/ccaves.org\\\/blog\\\/#\\\/schema\\\/logo\\\/image\\\/\",\"url\":\"https:\\\/\\\/ccaves.org\\\/blog\\\/wp-content\\\/uploads\\\/Oedicneme-criard-IMP-1024x631.png\",\"contentUrl\":\"https:\\\/\\\/ccaves.org\\\/blog\\\/wp-content\\\/uploads\\\/Oedicneme-criard-IMP-1024x631.png\",\"width\":1024,\"height\":631,\"caption\":\"Plateforme d'\u00e9changes et de Coordination des Collectifs et Associations Volontaires en Environnement Sant\u00e9 et Soci\u00e9t\u00e9\"},\"image\":{\"@id\":\"https:\\\/\\\/ccaves.org\\\/blog\\\/#\\\/schema\\\/logo\\\/image\\\/\"}},{\"@type\":\"Person\",\"@id\":\"https:\\\/\\\/ccaves.org\\\/blog\\\/#\\\/schema\\\/person\\\/d776b30895ca193bcb27a7923f266e29\",\"name\":\"collectifvallon\",\"image\":{\"@type\":\"ImageObject\",\"inLanguage\":\"fr-FR\",\"@id\":\"https:\\\/\\\/secure.gravatar.com\\\/avatar\\\/fb252f144334c6af21b3edf929630a011715a9a10cebad3a3dc971a32be991db?s=96&d=mm&r=g\",\"url\":\"https:\\\/\\\/secure.gravatar.com\\\/avatar\\\/fb252f144334c6af21b3edf929630a011715a9a10cebad3a3dc971a32be991db?s=96&d=mm&r=g\",\"contentUrl\":\"https:\\\/\\\/secure.gravatar.com\\\/avatar\\\/fb252f144334c6af21b3edf929630a011715a9a10cebad3a3dc971a32be991db?s=96&d=mm&r=g\",\"caption\":\"collectifvallon\"},\"url\":\"https:\\\/\\\/ccaves.org\\\/blog\\\/author\\\/loic\\\/\"}]}<\/script>\n<!-- \/ Yoast SEO plugin. -->","yoast_head_json":{"title":"medias collectif cameras marcillac - CCAVES","description":"Plateforme d'\u00e9changes et de Coordination des Collectifs et Associations Volontaires en Environnement Sant\u00e9 et Soci\u00e9t\u00e9","robots":{"index":"index","follow":"follow","max-snippet":"max-snippet:-1","max-image-preview":"max-image-preview:large","max-video-preview":"max-video-preview:-1"},"canonical":"https:\/\/ccaves.org\/blog\/medias-collectif-cameras-marcillac\/","og_locale":"fr_FR","og_type":"article","og_title":"medias collectif cameras marcillac - CCAVES","og_description":"Plateforme d'\u00e9changes et de Coordination des Collectifs et Associations Volontaires en Environnement Sant\u00e9 et Soci\u00e9t\u00e9","og_url":"https:\/\/ccaves.org\/blog\/medias-collectif-cameras-marcillac\/","og_site_name":"CCAVES","article_published_time":"2021-10-25T11:06:08+00:00","article_modified_time":"2022-11-16T14:05:51+00:00","og_image":[{"width":1024,"height":631,"url":"https:\/\/ccaves.org\/blog\/wp-content\/uploads\/Oedicneme-criard-IMP-1024x631.png","type":"image\/png"}],"author":"collectifvallon","twitter_card":"summary_large_image","twitter_misc":{"\u00c9crit par":"collectifvallon","Dur\u00e9e de lecture estim\u00e9e":"2 minutes"},"schema":{"@context":"https:\/\/schema.org","@graph":[{"@type":"Article","@id":"https:\/\/ccaves.org\/blog\/medias-collectif-cameras-marcillac\/#article","isPartOf":{"@id":"https:\/\/ccaves.org\/blog\/medias-collectif-cameras-marcillac\/"},"author":{"name":"collectifvallon","@id":"https:\/\/ccaves.org\/blog\/#\/schema\/person\/d776b30895ca193bcb27a7923f266e29"},"headline":"medias collectif cameras marcillac","datePublished":"2021-10-25T11:06:08+00:00","dateModified":"2022-11-16T14:05:51+00:00","mainEntityOfPage":{"@id":"https:\/\/ccaves.org\/blog\/medias-collectif-cameras-marcillac\/"},"wordCount":463,"commentCount":1,"publisher":{"@id":"https:\/\/ccaves.org\/blog\/#organization"},"articleSection":["Cam\u00e9ras de vid\u00e9osurveillance \u00e0 Marcillac-Vallon"],"inLanguage":"fr-FR","potentialAction":[{"@type":"CommentAction","name":"Comment","target":["https:\/\/ccaves.org\/blog\/medias-collectif-cameras-marcillac\/#respond"]}]},{"@type":"WebPage","@id":"https:\/\/ccaves.org\/blog\/medias-collectif-cameras-marcillac\/","url":"https:\/\/ccaves.org\/blog\/medias-collectif-cameras-marcillac\/","name":"medias collectif cameras marcillac - CCAVES","isPartOf":{"@id":"https:\/\/ccaves.org\/blog\/#website"},"datePublished":"2021-10-25T11:06:08+00:00","dateModified":"2022-11-16T14:05:51+00:00","description":"Plateforme d'\u00e9changes et de Coordination des Collectifs et Associations Volontaires en Environnement Sant\u00e9 et Soci\u00e9t\u00e9","breadcrumb":{"@id":"https:\/\/ccaves.org\/blog\/medias-collectif-cameras-marcillac\/#breadcrumb"},"inLanguage":"fr-FR","potentialAction":[{"@type":"ReadAction","target":["https:\/\/ccaves.org\/blog\/medias-collectif-cameras-marcillac\/"]}]},{"@type":"BreadcrumbList","@id":"https:\/\/ccaves.org\/blog\/medias-collectif-cameras-marcillac\/#breadcrumb","itemListElement":[{"@type":"ListItem","position":1,"name":"Accueil","item":"https:\/\/ccaves.org\/blog\/"},{"@type":"ListItem","position":2,"name":"medias collectif cameras marcillac"}]},{"@type":"WebSite","@id":"https:\/\/ccaves.org\/blog\/#website","url":"https:\/\/ccaves.org\/blog\/","name":"CCAVES","description":"Plateforme d&#039;\u00e9changes et de Coordination des Collectifs et Associations Volontaires en Environnement Sant\u00e9 et Soci\u00e9t\u00e9","publisher":{"@id":"https:\/\/ccaves.org\/blog\/#organization"},"alternateName":"Coordination des Collectifs et Associations Volontaires en Environnement Sant\u00e9 et Soci\u00e9t\u00e9","potentialAction":[{"@type":"SearchAction","target":{"@type":"EntryPoint","urlTemplate":"https:\/\/ccaves.org\/blog\/?s={search_term_string}"},"query-input":{"@type":"PropertyValueSpecification","valueRequired":true,"valueName":"search_term_string"}}],"inLanguage":"fr-FR"},{"@type":"Organization","@id":"https:\/\/ccaves.org\/blog\/#organization","name":"Plateforme d'\u00e9changes et de Coordination des Collectifs et Associations Volontaires en Environnement Sant\u00e9 et Soci\u00e9t\u00e9","alternateName":"Plateforme d'\u00e9changes et de Coordination des Collectifs et Associations Volontaires en Environnement Sant\u00e9 et Soci\u00e9t\u00e9","url":"https:\/\/ccaves.org\/blog\/","logo":{"@type":"ImageObject","inLanguage":"fr-FR","@id":"https:\/\/ccaves.org\/blog\/#\/schema\/logo\/image\/","url":"https:\/\/ccaves.org\/blog\/wp-content\/uploads\/Oedicneme-criard-IMP-1024x631.png","contentUrl":"https:\/\/ccaves.org\/blog\/wp-content\/uploads\/Oedicneme-criard-IMP-1024x631.png","width":1024,"height":631,"caption":"Plateforme d'\u00e9changes et de Coordination des Collectifs et Associations Volontaires en Environnement Sant\u00e9 et Soci\u00e9t\u00e9"},"image":{"@id":"https:\/\/ccaves.org\/blog\/#\/schema\/logo\/image\/"}},{"@type":"Person","@id":"https:\/\/ccaves.org\/blog\/#\/schema\/person\/d776b30895ca193bcb27a7923f266e29","name":"collectifvallon","image":{"@type":"ImageObject","inLanguage":"fr-FR","@id":"https:\/\/secure.gravatar.com\/avatar\/fb252f144334c6af21b3edf929630a011715a9a10cebad3a3dc971a32be991db?s=96&d=mm&r=g","url":"https:\/\/secure.gravatar.com\/avatar\/fb252f144334c6af21b3edf929630a011715a9a10cebad3a3dc971a32be991db?s=96&d=mm&r=g","contentUrl":"https:\/\/secure.gravatar.com\/avatar\/fb252f144334c6af21b3edf929630a011715a9a10cebad3a3dc971a32be991db?s=96&d=mm&r=g","caption":"collectifvallon"},"url":"https:\/\/ccaves.org\/blog\/author\/loic\/"}]}},"_links":{"self":[{"href":"https:\/\/ccaves.org\/blog\/wp-json\/wp\/v2\/posts\/4276","targetHints":{"allow":["GET"]}}],"collection":[{"href":"https:\/\/ccaves.org\/blog\/wp-json\/wp\/v2\/posts"}],"about":[{"href":"https:\/\/ccaves.org\/blog\/wp-json\/wp\/v2\/types\/post"}],"author":[{"embeddable":true,"href":"https:\/\/ccaves.org\/blog\/wp-json\/wp\/v2\/users\/4"}],"replies":[{"embeddable":true,"href":"https:\/\/ccaves.org\/blog\/wp-json\/wp\/v2\/comments?post=4276"}],"version-history":[{"count":10,"href":"https:\/\/ccaves.org\/blog\/wp-json\/wp\/v2\/posts\/4276\/revisions"}],"predecessor-version":[{"id":4808,"href":"https:\/\/ccaves.org\/blog\/wp-json\/wp\/v2\/posts\/4276\/revisions\/4808"}],"wp:attachment":[{"href":"https:\/\/ccaves.org\/blog\/wp-json\/wp\/v2\/media?parent=4276"}],"wp:term":[{"taxonomy":"category","embeddable":true,"href":"https:\/\/ccaves.org\/blog\/wp-json\/wp\/v2\/categories?post=4276"},{"taxonomy":"post_tag","embeddable":true,"href":"https:\/\/ccaves.org\/blog\/wp-json\/wp\/v2\/tags?post=4276"}],"curies":[{"name":"wp","href":"https:\/\/api.w.org\/{rel}","templated":true}]}}