{"id":4837,"date":"2022-12-12T22:44:02","date_gmt":"2022-12-12T21:44:02","guid":{"rendered":"https:\/\/ccaves.org\/blog\/?p=4837"},"modified":"2022-12-12T22:44:02","modified_gmt":"2022-12-12T21:44:02","slug":"tout-le-monde-deteste-sun-agri-journal-lempaille","status":"publish","type":"post","link":"https:\/\/ccaves.org\/blog\/tout-le-monde-deteste-sun-agri-journal-lempaille\/","title":{"rendered":"Tout le monde d\u00e9teste Sun\u2019 Agri, journal L&rsquo;Empaill\u00e9"},"content":{"rendered":"<blockquote class=\"wp-embedded-content\" data-secret=\"R7xP3yhDbC\"><p><a href=\"https:\/\/lempaille.fr\/tout-le-monde-deteste-sun-agri\">Tout le monde d\u00e9teste Sun&rsquo; Agri<\/a><\/p><\/blockquote>\n<p><iframe loading=\"lazy\" class=\"wp-embedded-content\" sandbox=\"allow-scripts\" security=\"restricted\" style=\"position: absolute; visibility: hidden;\" title=\"\u00ab\u00a0Tout le monde d\u00e9teste Sun&rsquo; Agri\u00a0\u00bb &#8212; L&#039;Empaill\u00e9\" src=\"https:\/\/lempaille.fr\/tout-le-monde-deteste-sun-agri\/embed#?secret=cKyJqfKKTq#?secret=R7xP3yhDbC\" data-secret=\"R7xP3yhDbC\" width=\"600\" height=\"338\" frameborder=\"0\" marginwidth=\"0\" marginheight=\"0\" scrolling=\"no\"><\/iframe><\/p>\n<p>&nbsp;<\/p>\n<p><b>Dans notre pr\u00e9c\u00e9dent num\u00e9ro, nous pr\u00e9sentions comment les margoulins de l\u2019agro-industrie tentent de transformer les paysan.nes en cultivateurs de kilowatts. Afin d\u2019y parvenir les financiers misent sur le Cheval de Troie de l\u2019agrivolta\u00efsme. Cela tombe bien, le meilleur jockey du moment se nomme Sun\u2019Agri, et se dore sous le soleil des Pyr\u00e9n\u00e9es-Orientales\u2026<\/b><\/p>\n<p>Il faut \u00ab\u00a0<i>couvrir de panneaux entre 100 000 et 200 000 hectares<\/i>\u00a0\u00bb\u00a0affirme le minist\u00e8re de la\u00a0Transition (1), soit l\u2019\u00e9quivalent des d\u00e9partements de l\u2019Essonne ou des Yvelines\u00a0! C\u2019est pourquoi le projet de loi relatif \u00e0 \u00ab\u00a0l\u2019acc\u00e9l\u00e9ration de la production d\u2019\u00e9nergies renouvelable\u00a0\u00bb, en cours de discussion \u00e0 l\u2019Assembl\u00e9e,\u00a0d\u00e9tourne habilement l\u2019attention en mettant en avant \u00ab\u00a0l\u2019agrivolta\u00efsme\u00a0\u00bb\u00a0: un terme marketing visant \u00e0 faire croire que des panneaux vont entrer en \u00ab\u00a0synergie\u00a0\u00bb avec l\u2019agriculture et l\u2019aider \u00e0 devenir r\u00e9siliente face au changement climatique. Bien s\u00fbr, la loi n\u2019interdit pas les autres projets photovolta\u00efques (PV) sur des terres agricoles qui vont se cumuler avec ceux estampill\u00e9s agrivolta\u00efques<span lang=\"fr-FR\"><b>.\u00a0<\/b><\/span><span lang=\"fr-FR\">Et s<\/span><span lang=\"fr-FR\">i en fa\u00e7ade les industriels assurent r\u00e9pondre aux besoins des paysan\u00b7nes,<\/span><span lang=\"fr-FR\">\u00a0Fran\u00e7ois Pelras, d\u00e9veloppeur chez Eneragri, fait preuve de franchise :\u00a0<\/span><span lang=\"fr-FR\"><i>\u00ab C\u2019est d\u2019abord une r\u00e9ponse aux demandes exprim\u00e9es par les march\u00e9s de l\u2019alimentation et de l\u2019\u00e9nergie \u00bb\u00a0<\/i><\/span><span lang=\"fr-FR\">(2).<\/span><i><\/i><\/p>\n<p><span lang=\"fr-FR\">En outre, ces investisseurs prosp\u00e8rent sur le dos de paysans pr\u00e9caris\u00e9s<\/span><span lang=\"fr-FR\"><i>.<\/i><\/span><span lang=\"fr-FR\">\u00a0Ainsi\u00a0<\/span><span lang=\"fr-FR\">une paysanne qui a pass\u00e9 un contrat pour couvrir de panneaux solaires ses 33 hectares admet toucher 38 000 euros par an<\/span><span lang=\"fr-FR\">\u00a0. \u00ab\u00a0<\/span><span lang=\"fr-FR\"><i>Avant elles vous rapportaient quoi ces terres\u00a0?\u00a0<\/i><\/span><span lang=\"fr-FR\">\u00bb, questionne\u00a0<\/span><span lang=\"fr-FR\"><i>France 2\u00a0<\/i><\/span><span lang=\"fr-FR\">: \u00ab<\/span><span lang=\"fr-FR\"><i>\u00a0Des dettes\u00a0<\/i><\/span><span lang=\"fr-FR\">\u00bb, leur r\u00e9pond l\u2019agricultrice<\/span><i>\u00a0<\/i><span lang=\"fr-FR\">(3).<\/span><i>\u00a0<\/i><span lang=\"fr-FR\">Une situation que d\u00e9plore<\/span><i>\u00a0<\/i><span lang=\"fr-FR\">Alain Halma,<\/span><span lang=\"fr-FR\">\u00a0directeur adjoint de la Chambre d\u2019Agriculture des P-O\u00a0: \u00ab<\/span><span lang=\"fr-FR\"><i>\u00a0Une location pendant 20 ou 30 ans \u00e0 2000 euros par hectare\u00a0<\/i><\/span><span lang=\"fr-FR\">[par an]<\/span><span lang=\"fr-FR\"><i>. Imaginez \u00e7a, un ancien agriculteur, il a 10 hectares, cela lui fait 20 000 euros,<\/i><\/span><span lang=\"fr-FR\"><i>\u00a0c\u2019est quatre fois sa retraite : que vous voulez-vous qu\u2019il dise ?\u00a0<\/i><\/span><span lang=\"fr-FR\">\u00bb.<\/span><\/p>\n<p><b>L\u2019Intelligence Artificielle de Sun\u2019 Agri<\/b><\/p>\n<p>Sun\u2019R est encore un \u00ab\u00a0petit\u00a0\u00bb du secteur du renouvelable, mais son PDG Antoine Nogier voit grand. Il tente en 2011 une alliance avec Total qui \u00e9choue, mais il maintient son objectif\u00a0visionnaire : \u00ab\u00a0<i>Conduire la r\u00e9volution \u00e9nerg\u00e9tique de mani\u00e8re positive, rapide et totale<\/i>\u00a0\u00bb. Depuis, avec 120 salari\u00e9\u00b7es et 140 millions d\u2019euros investis dans 150 centrales photovolta\u00efques industrielles, cet homme d\u2019affaire a flair\u00e9 la bonne affaire avec \u00ab\u00a0l\u2019agrivoltaisme dynamique\u00a0\u00bb dont il pr\u00e9tend d\u00e9j\u00e0 \u00eatre le leader mondial via sa filiale Sun Agri.<\/p>\n<p>L\u2019origine de ce concept fumeux provient de sa rencontre avec Christian Dupraz,<span lang=\"fr-FR\">\u00a0agroforestier \u00e0 l\u2019INRAE qui invente le terme \u00ab\u00a0agrivolta\u00efsme\u00a0\u00bb. Comme par hasard Dupraz est aussi cor\u00e9dacteur du rapport de l\u2019ADEME (<\/span><span lang=\"fr-FR\">Agence de l\u2019Environnement et de la Ma\u00eetrise de l\u2019\u00c9nergie)\u00a0<\/span><span lang=\"fr-FR\">qui l\u00e9gitime le PV au sol tel que Sun\u2019 Agri le d\u00e9fend, e<\/span><span lang=\"fr-FR\">t dont les grands principes se retrouvent dans la loi \u00c9nergies renouvelables.<\/span><span lang=\"fr-FR\">\u00a0Alors que Sun\u2019 Agri se drape de son<\/span><span lang=\"fr-FR\"><i>\u00a0\u00ab\u00a0agrivolta\u00efsme exigeant, harmonieux\u00a0\u00bb<\/i><\/span><span lang=\"fr-FR\">\u00a0(4)<\/span><span lang=\"fr-FR\"><i><b>,\u00a0<\/b><\/i><\/span><span lang=\"fr-FR\">son dirigeant et pr\u00e9sident du lobby France Agrivolta\u00efsme nous d\u00e9clare qu\u2019il est tout bonnement\u00a0<\/span><span lang=\"fr-FR\"><i>\u00ab un fournisseur de technologie d\u2019intelligence artificielle. Notre m\u00e9tier c\u2019est celui-l\u00e0, on est une bo\u00eete de technologie\u00a0\u00bb.<\/i><\/span><\/p>\n<p><span lang=\"fr-FR\">Lorsque Sun\u2019 Agri installe son\u00a0<\/span><span lang=\"fr-FR\">projet pilote sur des hectares de vignes<\/span><span lang=\"fr-FR\">\u00a0dans les P-O,<\/span>\u00a0Jean Blin de l\u2019association de protection de la nature Fr\u00eane, questionne : \u00ab\u00a0<i>L\u2019<\/i><i>\u00e9quipe de FR3 n\u2019a-t-elle pas vu les longs tuyaux noirs d\u2019arrosage qui courent au pied des vignes sous les ombri\u00e8res photovolta\u00efques ?\u00bb.<\/i>\u00a0Une irrigation des vignes d\u00e9nonc\u00e9e par\u00a0<span lang=\"fr-FR\">Kees Van Leeuwen, professeur de viticulture \u00e0 Bordeaux\u00a0:<\/span><span lang=\"fr-FR\"><i>\u00a0\u00ab On peut parler d\u2019une \u00ab mal adaptation.\u00a0<\/i><\/span><span lang=\"fr-FR\">\u00bb Tandis que selon lui\u00a0<\/span><span lang=\"fr-FR\"><i>\u00ab l\u2019enherbement est une bonne strat\u00e9gie, comme l\u2019agroforesterie\u00a0\u00bb.<\/i><\/span><span lang=\"fr-FR\">\u00a0P<\/span><span lang=\"fr-FR\">lut\u00f4t que ces installations \u00e0 800 000 euros l\u2019hectare pilot\u00e9es \u00e0 distance par algorithmes, il rappelle que \u00ab<\/span><span lang=\"fr-FR\"><i>\u00a0la conduite historique en gobelet tr\u00e8s r\u00e9pandue dans le bassin m\u00e9diterran\u00e9en rend la vigne incroyablement r\u00e9sistante \u00e0 la s\u00e9cheresse \u00bb\u00a0<\/i><\/span><span lang=\"fr-FR\">(5).<\/span><\/p>\n<p><b>L\u2019\u00e2pre go\u00fbt de la p\u00e9dagogie<\/b><\/p>\n<p><span lang=\"fr-FR\">L<\/span><span lang=\"fr-FR\">es \u00ab Aspres \u00bb sont une r\u00e9gion aride des P-O. C\u2019est l\u00e0 que la cave coop\u00e9rative du Terrassou d\u00e9fend des paysages \u00ab\u00a0<\/span><span lang=\"fr-FR\"><i>sauvages, bruts et pr\u00e9serv\u00e9s\u00a0\u00bb\u00a0<\/i><\/span><span lang=\"fr-FR\">plac\u00e9s \u00ab\u00a0<\/span><span lang=\"fr-FR\"><i>sous la bienveillance du Mont Canigou \u00bb,<\/i><\/span><span lang=\"fr-FR\">\u00a0au pied duquel\u00a0<\/span><span lang=\"fr-FR\"><i>\u00ab les collines se parent de vignes, de champs d\u2019oliviers et de garrigues \u00bb<\/i><\/span><span lang=\"fr-FR\">. Et de panneaux\u2026 car Sun\u2019 Agri a plusieurs projets en plein c\u0153ur de l\u2019appellation Les Aspres.\u00a0<\/span><span lang=\"fr-FR\">Patrice Perez, administrateur de la Cave, nous r\u00e9v\u00e8le que les vignerons se sont oppos\u00e9s au projet sur la commune de Terrats :\u00a0<\/span><span lang=\"fr-FR\">\u00ab\u00a0<\/span><span lang=\"fr-FR\"><i>On aurait aim\u00e9 que cela se casse la gueule.\u00bb<\/i><\/span><span lang=\"fr-FR\">\u00a0Sa description des<\/span><span lang=\"fr-FR\">\u00a0m\u00e9thodes\u00a0<\/span><span lang=\"fr-FR\">des repr\u00e9sentants de Nogier, qui a besoin que des viticulteurs s\u2019occupent des vignes sous les panneaux, en dit long\u00a0: \u00ab\u00a0<\/span><span lang=\"fr-FR\"><i>Cela aurait int\u00e9ress\u00e9 Sun\u2019Agri que mes enfants reprennent une partie de leur exploitation. J\u2019ai discut\u00e9 avec un interm\u00e9diaire, Christophe Koch. Et de l\u00e0\u2026 ils sont arriv\u00e9s \u00e0 la mairie avec la ferveur de dire \u00ab\u00a0c\u2019est les enfants de Monsieur Perez qui vont reprendre cela\u00a0\u00bb<\/i><\/span><span lang=\"fr-FR\">.<\/span><span lang=\"fr-FR\"><i>\u00a0\u00c0 la mairie, forc\u00e9ment cela leur a fait plaisir, ils sont natifs du village, c\u2019est deux gamins qui s\u2019installent. \u00c0 un moment donn\u00e9 c\u2019est arriv\u00e9 \u00e0 mes oreilles et tout le monde me disait\u00a0: mais Patrice, tes enfants reprennent cette exploitation, comment cela va se passer\u00a0?\u00a0\u00bb\u00a0<\/i><\/span><span lang=\"fr-FR\">Pourtant Patrice Perez n\u2019a jamais rien n\u00e9goci\u00e9 de tel avec Sun\u2019 Agri\u00a0: \u00ab\u00a0<\/span><span lang=\"fr-FR\"><i>Ils ont avanc\u00e9 des choses, pour pr\u00e9tendre avoir des arguments pour le permis de construire. Alors cela m\u2019a un peu refroidi sur le coup \u00bb.<\/i><\/span><\/p>\n<p>Du c\u00f4t\u00e9 de la mairie de Terrats, l\u2019adjoint Denis Ferrer est cat\u00e9gorique\u00a0:<i>\u00a0<\/i>\u00ab<i>\u00a0On avait vot\u00e9 \u00e0 l\u2019unanimit\u00e9 contre le projet\u00a0! C\u2019\u00e9tait en bordure d\u2019un chemin de randonn\u00e9e, avec une vue imprenable sur le Canigou. Il n\u2019 y a pas eu de concertation, on nous l\u2019a pr\u00e9sent\u00e9 comme accompli.\u00bb<\/i>\u00a0Mais suite \u00e0 un recours gracieux d\u2019Antoine Nogier, cette mairie a \u00e9t\u00e9 contrainte d\u2019accepter leur projet. \u00ab\u00a0<i>Quand il y a eu le recours tout le monde a bott\u00e9 en touche\u00a0\u00bb,<\/i>\u00a0pr\u00e9cise t-il.<\/p>\n<p>Dans son art \u00e9cul\u00e9 de l\u2019euph\u00e9misme, Antoine Nogier nous relate ainsi la chose : \u00ab<i>\u00a0La mairie ne s\u2019oppose pas. Il y a eu des questionnements au d\u00e9but. L\u2019agrivolta\u00efsme, cela n\u00e9cessite beaucoup de p\u00e9dagogie. Sun\u2019Agri a sollicit\u00e9 un recours gracieux apportant des \u00e9l\u00e9ments compl\u00e9mentaires d\u2019explication du projet, qui ont de toute \u00e9vidence convaincu la mairie puisque celle-ci a accord\u00e9 l\u2019autorisation sollicit\u00e9e.\u00bb<\/i><\/p>\n<p>Des explications qui n\u2019ont pourtant pas convaincu la Chambre d\u2019Agriculture.\u00a0<i>\u00ab Pour nous c\u2019\u00e9tait un avis n\u00e9gatif que l\u2019on a transmis \u00e0 la soci\u00e9t\u00e9. Il y a des impacts qui sont quand m\u00eame significatifs et il faut que la commune soit d\u2019accord avec ce projet\u00a0<\/i>\u00bb, nous confie Alain Halma le directeur adjoint<span lang=\"fr-FR\">.<\/span><\/p>\n<p><strong><span lang=\"fr-FR\"><b>Terroirs de profits<\/b><\/span><\/strong><\/p>\n<p>Pourquoi est-ce la mairie de Terrats qui a instruit les permis de construire et non les services de l\u2019\u00c9tat ? Agathe Triaire, en charge des \u00c9nergies \u00e0 la Chambre, m\u2019explique que les\u00a0ombri\u00e8res \u00e0 11 m\u00e8tres du sol de Sun\u2019 Agri sont<i>\u00a0\u00ab consid\u00e9r\u00e9s comme un b\u00e2timent agricole, et donc c\u2019est instruit par les mairies, contrairement aux centrales au sol qui sont directement transmis \u00e0 la pr\u00e9fecture\u00a0\u00bb<\/i>. Mais comment diff\u00e9rencie-t-on un projet dit \u00ab\u00a0agrivolta\u00efque\u00a0\u00bb d\u2019un autre projet au sol ?<i>\u00a0\u00ab C\u2019est la difficult\u00e9 et effectivement c\u2019est ambigu, parce que c\u2019est finalement juste une question de s\u00e9mantique et c\u2019est quand m\u00eame plus simple d\u2019aller en mairie qu\u2019\u00e0 la DDTM\u00a0<\/i>[Direction des D\u00e9partements des Territoires et de la Mer].<i>\u00a0C\u2019est au bon dire du p\u00e9titionnaire, parce finalement il suffit qu\u2019il \u00e9crive agrivolta\u00efque \u00bb.<\/i>\u00a0C<span lang=\"fr-FR\">ela fonctionne donc comme une auto-certification\u00a0! Elle ajoute qu\u2019il leur est impossible d\u2019avoir une vue sur le nombre de projets dans le d\u00e9partement\u00a0: \u00ab\u00a0<\/span><span lang=\"fr-FR\"><i>C\u2019est une vague. C\u2019est terrible de ne m\u00eame pas avoir la vision de cela\u00a0\u00bb.<\/i><\/span><\/p>\n<p>Agathe Triaire nous resitue le contexte \u00a0:\u00a0<i>\u00ab Avant c\u2019<\/i><i>\u00e9tait un \u00ab\u00a0non\u00a0\u00bb g\u00e9<\/i><i>n\u00e9ralis\u00e9. C\u2019est vrai qu\u2019il y a eu une grosse pression sur le nombre de dossier, m\u00eame au niveau politique, d\u2019aller sur les terres agricoles\u00a0\u00bb.<\/i>\u00a0Puis de questionner\u00a0: \u00ab\u00a0<i>Est-ce une opportunit\u00e9 pour l\u2019agriculture ? Non je pense pas. C\u2019est pas \u00e7a qui va redynamiser le secteur agricole et qui va augmenter les productions agricoles, \u00e7a c\u2019est s\u00fbr\u00a0\u00bb.\u00a0<\/i>La prudence reste aussi de mise chez son coll\u00e8gue Julien Thiery, en charge de la viticulture\u00a0<i>: \u00ab<\/i><i>\u00a0Je mettrai ni ma carri\u00e8re ni ma vie en jeu pour d\u00e9fendre farouchement l\u2019agrivolta\u00efsme\u00a0! \u00bb<\/i><\/p>\n<p><a name=\"__DdeLink__56732_1973852695\"><\/a>Comment ensuite prendre au s\u00e9rieux Antoine Nogier lorsqu\u2019il pr\u00e9tend \u00ab\u00a0<i>essayer de maintenir les terroirs tels quels\u00a0<\/i>\u00bb\u00a0? \u00c0 nos demandes d\u2019explications, celui-ci r\u00e9pond l\u00e9g\u00e8rement agac\u00e9\u00a0:\u00a0\u00ab<i>\u00a0<\/i><i>Quand vous \u00eates dessous, je ne trouve pas cela moche\u00a0; s\u2019 il y en avait dans tous les champs \u00e0 perte de vue, je trouverais cela moche bien s\u00fbr. Je dirais\u00a0: \u00ab\u00a0Cela suffit, j\u2019en ai ras-le-bol<\/i>\u00a0<i>\u00bb\u00a0<\/i>.\u00a0Et agac\u00e9, Patrice Perez l\u2019est par le projet de Nogier :\u00a0<span lang=\"fr-FR\">\u00ab<\/span><span lang=\"fr-FR\"><i>\u00a0Cela va \u00eatre cl\u00f4tur\u00e9, cela va fermer, cela va \u00eatre industriel. C\u2019est implant\u00e9 dans le c\u0153ur de notre vignoble\u00a0<\/i><\/span><span lang=\"fr-FR\">\u00bb. Nous joignons\u00a0<\/span>C\u00e9lia qui est voisine des parcelles o\u00f9 Sun\u2019Agri a d\u00e9pos\u00e9 deux permis de construire. Elle nous explique que \u00ab\u00a0<i>Sun\u2019 Agri\u00a0a tout ras\u00e9. Ils ont enlev\u00e9 les vieilles vignes, ils ont arrach\u00e9 des arbres, alors les \u00e9colos j\u2019aimerais bien les voir. Avec le centre \u00e9questre, je vais me retrouver \u00e0 faire des balades \u00e0 cheval dans le photovolta\u00efque. Moi je m\u2019\u00e9tais mise l\u00e0 car il y a pas de fil \u00e9lectrique, y a pas une baraque, y a rien. On m\u2019a fait gal\u00e9rer pour les permis de construire pour des abris pour chevaux et je n\u2019ai pas obtenu l\u2019autorisation. Et les mecs ils arrivent l\u00e0 et ils vont faire des hectares et des hectares de panneaux photovolta\u00efques qui vont g\u00e2cher compl\u00e8tement les Aspres. C\u2019est un peu rageant \u00bb<\/i>.<\/p>\n<p><span lang=\"fr-FR\">Quant \u00e0 la pr\u00e9servation du terroir ch\u00e8re \u00e0 Nogier, il semble que l\u2019INAO\u00a0<\/span><span lang=\"fr-FR\">(6)<\/span><span lang=\"fr-FR\">, en charge des appellations agricoles, ne soit pas sur la m\u00eame longueur d\u2019ondes. Un de ses responsables, Gilles Flutet, se demande si<\/span><span lang=\"fr-FR\"><i>\u00a0\u00ab\u00a0ce type de process ne met pas \u00e0 mal cette naturalit\u00e9 ? Une centrale photovolta\u00efque au sol m\u00eame lorsqu\u2019il y a de l\u2019agriculture, quand c\u2019est sur des zones d\u2019appellation, nous on donne des avis d\u00e9favorables en disant clairement qu\u2019il faut garder ces terres pour produire de l\u2019appellation et pas pour faire des projets qui n\u2019ont rien \u00e0 voir avec les terroirs et les enjeux de la r\u00e9gion.\u00bb\u00a0<\/i><\/span>Ce qui n\u2019a pas l\u2019air de d\u00e9ranger Nogier qui tente de nous convaincre\u00a0: \u00ab<i>\u00a0Acceptez qu\u2019il y aura 150 000 hectares de couverts avec des panneaux (\u2026) C\u2019est ce que je m\u2019\u00e9vertue \u00e0 dire dans la tourn\u00e9e des CDPENAF\u00a0<\/i>(7)<i>\u00a0: si vous bloquez tout, ceux qui vont gagner c\u2019est les grands lobbys avec des giga projets qui vont remplacer l\u2019agriculture. Dire non, c\u2019est les servir, vous allez faire le nid de ces gens-l\u00e0. Y a rien de pire que les positions jusqu\u2019au-boutistes \u00bb,<\/i>\u00a0s\u2019\u00e9nerve t-il<i>. \u00ab\u00a0Si vous faites des trucs \u00e0 charge sur l\u2019agrivolta\u00efsme,vous ne servez que ces gens-l\u00e0. Faites attention \u00e0 ce que vous \u00e9crivez\u00a0\u00bb,<\/i>\u00a0nous met-il en garde<i>.\u00a0<\/i>L\u2019inversion accusatoire est bien ma\u00eetris\u00e9e. Nogier cherche \u00e0 faire oublier que son mod\u00e8le d\u00e9truit l\u2019agriculture paysanne telle que d\u00e9fendue par la Conf\u00e9d\u00e9ration Paysanne. Il n\u2019y a \u00ab\u00a0rien de pire\u00a0\u00bb que les lobbys agrivolta\u00efques qui servent m\u00e9diatiquement de caution \u00e9thique et emp\u00eachent la condamnation des projets financiers.<\/p>\n<p><b>Le cow-boy de Sun\u2019Agri<\/b><\/p>\n<p>Alors que Nogier d\u00e9nonce ses concurrents et leurs\u00a0<i>\u00ab cow-boys qui parcourent la pampa\u00a0\u00bb<\/i>\u00a0(8),\u00a0revient souvent\u00a0le nom de\u00a0Christophe Koch qui joue l\u2019interm\u00e9diaire pour Sun\u2019 Agri.\u00a0Alain\u00a0Halma, responsable de la Chambre, le pointe du doigt\u00a0: \u00ab\u00a0<i>\u00c0 partir du moment o\u00f9 vous avez quelqu\u2019un qui fait le battage, que ce soit Sun\u2019 Agri ou les autres, qui cherche des terrains en proposant des prix de vente qui sont au-dessus du prix du march\u00e9, le propri\u00e9taire qui sait que cela se passe comme cela, il dit \u00ab\u00a0je vends pas, j\u2019attends qu\u2019ils viennent me voir\u00a0\u00bb \u00bb.<\/i>\u00a0<span lang=\"fr-FR\">Simon Molinier, animateur de Terre de Liens dans les P-O, confirme\u00a0:<\/span><span lang=\"fr-FR\"><i>\u00a0\u00ab Dans les Aspres,on a \u00e9t\u00e9 \u00e0 la rencontre des propri\u00e9taires qui attendent toujours la proposition de telle ou telle soci\u00e9t\u00e9 parce qu\u2019ils ont \u00e9t\u00e9 contact\u00e9s par un commercial et tant qu\u2019ils ont cet espoir, ils vont rien faire du c\u00f4t\u00e9 agricole\u00a0\u00bb.\u00a0<\/i><\/span>Est-ce que Sun\u2019 R, la holding qui chapeaute Sun\u2019Agri en arrive \u00e0 \u00eatre propri\u00e9taire de terres\u00a0? Joint par t\u00e9l\u00e9phone, Nogier nie farouchement\u00a0:<\/p>\n<p>\u00ab-\u00a0<i>Non, Sun\u2019 R n\u2019est pas propri\u00e9taire de domaine viticole.<\/i><\/p>\n<p>\u2013\u00a0<i>Et \u00e0 Fourques, les 14 hectares rachet\u00e9s par Sun\u2019 R\u00a0?<\/i><\/p>\n<p>\u2013\u00a0<i>Non c\u2019est une erreur, Sun\u2019 R n\u2019a jamais achet\u00e9 des domaines viticoles, de qui tenez-vous cette information\u00a0? Faut faire attention \u00e0 ce qui se dit, Sun\u2019R n\u2019a jamais achet\u00e9 de domaine viticole, Sun\u2019 Agri non plus<\/i>\u00a0\u00bb.<\/p>\n<p><a name=\"__DdeLink__85714_1973852695\"><\/a>Pourtant nous d\u00e9couvrons qu\u2019en juin 2022, la SAFER (9) a envoy\u00e9 \u00e0 la mairie de Fourques l\u2019avis de r\u00e9trocession de 14,5 hectares \u00e0 la SCI Nos Terroirs Solaires Pyr\u00e9n\u00e9es-Orientales, pour la modique somme de 232 000 euros, soit 16 000 euros l\u2019hectare. Comme b\u00e9n\u00e9ficiaire de cette SCI, on retrouve Antoine Nogier, qui d\u00e9tient 92,3% des droits de vote. Qui plus est, l\u2019\u00e9tablissement secondaire de cette SCI, NTS-SolAspres, est d\u00e9tenu \u00e0 99% par Nos Terroirs Solaires D\u00e9veloppement qui a pour objet\u00a0<i>\u00ab l\u2019acquisition de domaines viticoles et agricoles \u00bb<\/i>. Antoine Nogier en est aussi le pr\u00e9sident.<\/p>\n<p>De nouveau<span lang=\"fr-FR\">\u00a0questionn\u00e9,\u00a0<\/span><span lang=\"fr-FR\">il r\u00e9fute\u00a0<\/span><span lang=\"fr-FR\">encore\u00a0:<\/span><span lang=\"fr-FR\"><i>\u00ab Sun\u2019R n\u2019ach\u00e8te pas de vigne\u00a0\u00bb,<\/i><\/span><i>\u00a0<\/i><span lang=\"fr-FR\">avant d\u2019admettre \u00e0 demi-mots :\u00a0<\/span><span lang=\"fr-FR\"><i>\u00ab Je suis engag\u00e9 dans une initiative \u00e0 but social, consistant \u00e0 remettre en \u00e9tat d\u2019exploitation des vignes d\u00e9laiss\u00e9es ou sans repreneur, pour y installer de jeunes agriculteurs, dans une exploitation modernis\u00e9e et p\u00e9rennis\u00e9e. C\u2019est dans ce cadre et avec un partenaire financier tiers que l\u2019achat a \u00e9t\u00e9 r\u00e9alis\u00e9 \u00bb.<\/i><\/span><span lang=\"fr-FR\">\u00a0C\u2019est donc \u00e0 minima une trentaine d\u2019hectares que Nogier rach\u00e8te en quelques mois dans les Aspres.<\/span><\/p>\n<p><span lang=\"fr-FR\">Quant au projet \u00e0 Terrats, l\u2019\u00e9missaire de Sun Agri est plus prompt aux aveux.\u00a0<\/span><span lang=\"fr-FR\">\u00ab<\/span><span lang=\"fr-FR\"><i>\u00a0Ces terres ont \u00e9t\u00e9 propos\u00e9es 3000 euros l\u2019hectare, et nous on les a rachet\u00e9es aux alentours de 10 000 euros l\u2019hectare \u00bb<\/i><\/span><span lang=\"fr-FR\">\u00a0m\u2019avoue Christophe Koch, qui ajoute\u00a0: \u00ab<\/span><span lang=\"fr-FR\"><i>\u00a0C\u2019est des montages. Vous prenez le groupe Sun\u2019R, ils ach\u00e8tent avec une SCI. Il y a des structures d\u00e9di\u00e9es au foncier, mais l\u00e0 c\u2019est fiscal, et d\u2019un point de vue fiscal, on ach\u00e8te avec des SCI\u00a0\u00bb.\u00a0<\/i><\/span>Mais en plus de racheter des terres \u00e0 des prix mirobolants, Sun\u2019 Agri les obtient alors que la Cave du Terrassou \u00e9tait int\u00e9ress\u00e9e afin de les redistribuer aux coop\u00e9rateurs. En outre, la SAFER octroie ces m\u00eames terres \u00e0 Sun\u2019 Agri alors qu\u2019il existait \u00e0 minima une autre candidature officielle d\u2019un jeune agriculteur.\u00a0<span lang=\"fr-FR\">L\u2019ex-pr\u00e9sident des JA<\/span><span lang=\"fr-FR\"><i>,<\/i><\/span>\u00a0Pierre Pagnon<span lang=\"fr-FR\"><i>,<\/i><\/span>\u00a0nous confirme cette histoire :\u00a0\u00ab<i>\u00a0Je trouve cette situation regrettable\u00a0<\/i><i>et j\u2019aurais aim\u00e9 \u00e9viter ce rachat par Sun\u2019Agri.<\/i><i>\u00a0Ce genre de projet, on a beau les refuser, il y en a de plus en plus \u00bb.\u00a0<\/i><span lang=\"fr-FR\">Ce que d\u00e9plore<\/span><i>\u00a0<\/i><span lang=\"fr-FR\">Agathe Triaire de la Chambre : \u00ab<\/span><span lang=\"fr-FR\"><i>\u00a0Forc\u00e9ment, le rachat des terres par les porteurs de projets implique qu\u2019il y a du foncier bloqu\u00e9, du foncier qui est plus cher. Une terre agricole, c\u2019est grand, c\u2019est plat, c\u2019est une carte blanche pour faire ce qu\u2019ils veulent. C\u2019est s\u00fbr que ce n<\/i><\/span><span lang=\"fr-FR\"><i>\u2019<\/i><\/span><span lang=\"fr-FR\"><i>est pas du tout la bonne solution<\/i><\/span><span lang=\"fr-FR\"><i>.\u00a0<\/i><\/span><span lang=\"fr-FR\"><i>Toutes les soci\u00e9t\u00e9s se tournent vers les terres agricoles, on est bien oblig\u00e9s de rentrer dans ce jeu-l\u00e0, en tout cas de donner notre avis \u00bb.<\/i><\/span><\/p>\n<p><strong><span lang=\"fr-FR\"><b>Convergences d\u2019int\u00e9r\u00eats<\/b><\/span><\/strong><\/p>\n<p>Comment la SAFER a-t-elle pu attribuer des terres \u00e0 Antoine Nogier ? Plusieurs hypoth\u00e8ses apparaissent. Selon Pierre Pagnon, \u00ab<i>\u00a0quand un investisseur ne fait pas de chichis pour acheter une terre qui est \u00e0 c\u00f4t\u00e9, alors que le jeune agriculteur va \u00eatre en difficult\u00e9 financi\u00e8re pour aller racheter des lots complets, la SAFER, elle va favoriser le plus offrant. C\u2019est une distorsion de concurrence, mine de rien, qui est claire. \u00bb<\/i><\/p>\n<p>Le r\u00f4le des \u00e9lu\u00b7es de la R\u00e9gion issu\u00b7es des P-O pose aussi question. La vice-pr\u00e9sidente Agn\u00e8s Langevine souhaite faire sauter tous les verrous de l\u2019implantation du PV (10), c\u2019est donc tout naturellement que sa coll\u00e8gue qui si\u00e8ge \u00e0 la SAFER, Judith Carmona, se retrouve radieuse et c\u00f4te \u00e0 c\u00f4te avec Antoine Nogier pour couper le ruban d\u2019inauguration de la centrale de Sun\u2019 Agri \u00e0 Llupia. Alors m\u00eame que la Conf\u00e9d\u00e9ration Paysanne affirme que\u00a0<i>\u00ab notre m\u00e9tier n\u2019est pas de produire de l\u2019\u00e9nergie \u00bb<\/i>\u00a0et qu\u2019elle d\u00e9nonce Sun\u2019 Agri (11)<b>,\u00a0<\/b>cette ancienne secr\u00e9taire nationale du syndicat a refus\u00e9 de s\u2019exprimer.<\/p>\n<p>Mais on va le voir, comme partout en France, ce sont les m\u00eames personnes qui tiennent la FNSEA, la chambre d\u2019agriculture, les banques agricoles et\u2026 la SAFER. Quand ils ne sont pas aussi des investisseurs dans toutes sortes de soci\u00e9t\u00e9s li\u00e9es \u00e0 l\u2019industrie \u00e9nerg\u00e9tique. C\u2019est ainsi que Sun\u2019 R a fait entrer dans son capital le Cr\u00e9dit Agricole via sa filiale du Languedoc. Parall\u00e8lement, Groupama entre au capital de la filiale \u00e9nergie renouvelable du Cr\u00e9dit Agricole. Cette derni\u00e8re filiale est associ\u00e9e \u00e0 Engie\u2026 qui s\u2019est elle-m\u00eame associ\u00e9e \u00e0 Sun\u2019 R en 2022.<\/p>\n<p>Mieux encore, le pr\u00e9sident de la SAFER des P-O, Denis Basserie, est membre du bureau de la FNSEA des P-O et administrateur de Groupama M\u00e9diterran\u00e9e<span lang=\"fr-FR\">.\u00a0<\/span><span lang=\"fr-FR\">Parmi les autres membres de la SAFER, on retrouve\u00a0<\/span>G\u00e9rard Majoral, pr\u00e9sident de Groupama des P-O,\u00a0Roger Pailles, qui en fut un dirigeant national,\u00a0Annie Conte, administratrice r\u00e9gionale du Cr\u00e9dit Agricole, ou\u00a0Andr\u00e9 Tomas qui dirige les affaires m\u00e9diterran\u00e9ennes de cette banque, par ailleurs ardent d\u00e9fenseur\u00a0du photovolta\u00efque.<\/p>\n<p>On constate aussi que des membres de la Chambre d\u2019Agriculture, qui si\u00e8gent \u00e0 la SAFER, ont des liens avec l\u2019industrie de l\u2019\u00e9nergie. Ainsi Jean-Pierre Bails, 1er secr\u00e9taire g\u00e9n\u00e9ral, est administrateur du Cr\u00e9dit Agricole Sud-M\u00e9diterran\u00e9e.\u00a0Mathieu Maury, secr\u00e9taire adjoint, dirige jusqu\u2019en 2017\u00a0\u00ab\u00a0La Garbelouse\u00a0\u00bb, une soci\u00e9t\u00e9 dans le secteur des \u00e9nergies renouvelables<i>.<\/i>\u00a0Mais l<span lang=\"fr-FR\">e plus int\u00e9ressant est Bruno Vila, secr\u00e9taire adjoint \u00e0 la Chambre, pr\u00e9sident de la FNSEA des P-O et mandataire de plus de 50 soci\u00e9t\u00e9s\u2026<\/span><\/p>\n<p><strong><span lang=\"fr-FR\"><b>Bienvenue \u00e0 Dollars Agri City<\/b><\/span><\/strong><\/p>\n<p><span lang=\"fr-FR\">Le patron de la FNSEA locale dirige les entreprises<\/span>\u00a0<span lang=\"fr-FR\">L\u00e9gum city et Horta de la mar, laquelle a pour objet<\/span><span lang=\"fr-FR\"><i>\u00a0\u00ab\u00a0l\u2019 acquisition d\u2019 exploitations agricoles pour la production d\u2019\u00e9lectricit\u00e9 \u00bb.\u00a0<\/i><\/span><span lang=\"fr-FR\">Ces bo\u00eetes d\u00e9tiennent Solar Agri City, toujours pr\u00e9sid\u00e9e par Vila, et celle-ci est associ\u00e9e avec Tenergie, le deuxi\u00e8me producteur d\u2019\u00e9lectricit\u00e9 solaire en France\u00a0: notre homme a le sens des montages financiers\u00a0! La soci\u00e9t\u00e9\u00a0<\/span>Saint Laurent Solar \u00e9tait aussi entre les mains de Bruno Vila, avant qu\u2019il ne d\u00e9missionne \u2013 mais il reste au capital \u2013 et laisse la place \u00e0 Eric Gay, propri\u00e9taire du groupe Valeco, un des plus grands acteurs du photovolta\u00efque.<b>\u00a0<\/b>Citons encore Vertisolar,\u00a0avec laquelle il s\u2019ach\u00e8te un ch\u00e2teau \u00e0 500 000 euros, ou Sud Roussillon Agri Solar, fond\u00e9e en 2011 par Vila et qui se fait absorb\u00e9e par Tenaoc-Battle pour la coquette somme de 7 millions d\u2019euros\u2026 Surprise, cette derni\u00e8re soci\u00e9t\u00e9 est li\u00e9e \u00e0 Pierre Battle, \u00e9galement au bureau de la FNSEA \u00e0 ses c\u00f4t\u00e9s, et dont l\u2019entreprise est majoritairement d\u00e9tenue par T\u00e9nergie. Autant dire qu\u2019en r\u00e9union de bureau de la FNSEA \u00e0 Perpignan, on parle plus de T\u00e9nergie et du march\u00e9 de l\u2019\u00e9lectricit\u00e9 que de paysannerie\u00a0!<\/p>\n<p><span lang=\"fr-FR\">Signalons que c\u2019est chez Pierre Battle \u00e0 Llupia que Sun\u2019 Agri vient d\u2019 inaugurer sa centrale sur poirier, dont le ruban a \u00e9t\u00e9 coup\u00e9 par Judith Carmona, \u00e9lue de la R\u00e9gion. Sun\u2019Agri qui vient de se lier \u00e0 Tenergie via sa filiale Volterres\u2026\u00a0<\/span><span lang=\"fr-FR\">Nous n\u2019oublions pas le pr\u00e9sident de la Coordination rurale si\u00e9geant \u00e0 la SAFER, Philippe Maydat, qui a sign\u00e9 deux baux sur ses terres pour installer des centrales de PV de Tenergie.\u00a0<\/span><span lang=\"fr-FR\">Bref, l\u2019\u00e9cosyst\u00e8me \u00ab\u00a0vertueux\u00a0\u00bb des barons de la FNSEA et de la Coordination Rurale \u2013 dont Sun\u2019 Agri recueille les fruits \u2013 fiche une insolation\u00a0!<\/span><\/p>\n<p><img loading=\"lazy\" decoding=\"async\" class=\"alignnone size-full wp-image-1266 lazy-loaded\" src=\"https:\/\/lempaille.fr\/wp-content\/uploads\/2022\/12\/Capture-de%CC%81cran-2022-12-11-a%CC%80-07.58.21.png\" sizes=\"auto, (max-width: 694px) 100vw, 694px\" srcset=\"https:\/\/lempaille.fr\/wp-content\/uploads\/2022\/12\/Capture-de\u0301cran-2022-12-11-a\u0300-07.58.21.png 694w, https:\/\/lempaille.fr\/wp-content\/uploads\/2022\/12\/Capture-de\u0301cran-2022-12-11-a\u0300-07.58.21-300x244.png 300w\" alt=\"\" width=\"694\" height=\"564\" data-lazy-type=\"image\" data-src=\"https:\/\/lempaille.fr\/wp-content\/uploads\/2022\/12\/Capture-de\u0301cran-2022-12-11-a\u0300-07.58.21.png\" data-srcset=\"\" \/><\/p>\n<p><strong><span lang=\"fr-FR\"><b>Du noir ou du vert\u00a0?<\/b><\/span><\/strong><\/p>\n<p><span lang=\"fr-FR\">Au vu des critiques port\u00e9es \u00e0 l\u2019agrivolta\u00efsme, on est en droit de s\u2019\u00e9tonner de la position de\u00a0<\/span><span lang=\"fr-FR\">France Nature Environnement qui n\u2019appelle pas \u00e0 l\u2019interdiction du PV au sol, \u00e9tant m\u00eame partenaire d\u2019une centrale en Provence d\u00e9frichant 600 oliviers (12).<\/span>\u00a0<span lang=\"fr-FR\">Quant \u00e0 Greenpeace, qui se contente de pr\u00f4ner un encadrement plus strict des projets au sol,\u00a0<\/span><span lang=\"fr-FR\">elle<\/span><span lang=\"fr-FR\">\u00a0soutient la premi\u00e8re centrale agrivolta\u00efque d\u2019Europe dans les P-O, construite par Christophe Koch, et se f\u00e9licite que\u00a0<\/span><span lang=\"fr-FR\"><i>\u00ab\u00a0l\u2019exploitant du parc [prenne] en charge la taxe fonci\u00e8re et paie un loyer [aux paysan\u00b7nes] de 1950\u20ac par hectare et par an \u00bb.<\/i><\/span>\u00a0<span lang=\"fr-FR\">Pis encore, ces projets prosp\u00e8rent sur la baisse des dotations de l\u2019\u00c9tat aux communes. Ainsi l\u2019industriel Juwi\u2019 Enr effectue un don de 1,25 millions d\u2019euros \u00e0 la mairie, et l\u2019ONG jubile que la commune puisse ainsi construire\u00a0<\/span><span lang=\"fr-FR\"><i>\u00ab\u00a0une aire de jeux pour les enfants de 300 000 euros \u00bb<\/i><\/span><span lang=\"fr-FR\">\u00a0(13).<\/span><\/p>\n<p><span lang=\"fr-FR\">Mais Beno\u00eet Bousquet, responsable des JA, r\u00e9alise\u00a0<\/span><span lang=\"fr-FR\">qu\u2019en travaillant pour<\/span><span lang=\"fr-FR\">\u00a0Sun\u2019 Agri,\u00a0<\/span><span lang=\"fr-FR\"><i>\u00ab\u00a0<\/i><\/span><span lang=\"fr-FR\"><i>si, du jour au lendemain, cela ne marche pas, les terres sont plus \u00e0 nous. Cela me pla\u00eet pas trop que je doive rendre des comptes \u00e0 quelqu\u2019un. Cela d\u00e9nature un peu le m\u00e9tier, niveau paysage, niveau tout\u00a0<\/i><\/span><span lang=\"fr-FR\">\u00bb.<\/span><i>\u00a0<\/i><span lang=\"fr-FR\">A<\/span><span lang=\"fr-FR\">\u00a0l\u2019 INAO, Gilles Flutet abonde dans ce sens\u00a0: \u00ab<\/span><span lang=\"fr-FR\"><i>\u00a0Il faut que l\u2019agriculteur reste ma\u00eetre de sa production et ne doit pas d\u00e9pendre d\u2019un producteur d\u2019\u00e9nergie renouvelable. L\u2019origine de la propri\u00e9t\u00e9 est un vrai sujet qui fait partie des questions que l\u2019on se pose dans les instances.\u00a0<\/i><\/span><span lang=\"fr-FR\">\u00bb\u00a0<\/span><span lang=\"fr-FR\">Beno\u00eet Bousquet conclue :<\/span><span lang=\"fr-FR\"><i>\u00a0\u00ab<\/i><\/span><span lang=\"fr-FR\"><i>\u00a0Au lieu d\u2019avoir du vert, y\u2019 aura du noir, on verra d\u2019abord les panneaux photovolta\u00efques \u00bb.<\/i><\/span><\/p>\n<p><span lang=\"fr-FR\">En pleine fi\u00e8vre agrivolt\u00e9e dans les Pyr\u00e9n\u00e9es-Orientales et alors que l\u2019ombre des panneaux grandit dans tous les d\u00e9partements,\u00a0<\/span><span lang=\"fr-FR\">La Conf\u2019 affirme\u00a0<\/span><span lang=\"fr-FR\">qu\u2019en<\/span><span lang=\"fr-FR\"><i>\u00a0\u00ab\u00a0mettant notre outil de production \u00e0 leur disposition, nous les enrichissons et d\u00e9poss\u00e9dons les paysan\u00b7nes de leur autonomie. Favoriser le photovolta\u00efque sur les terres agricoles est un choix politique que rien, dans un budget \u00e9tatique, ne peut justifier. Nous appelons \u00e0 refuser massivement ces projets et exigeons leur interdiction sur toutes les terres agricoles, naturelles et foresti\u00e8res\u00a0\u00bb.<\/i><\/span><\/p>\n<p>texte : Lo\u00efc Santiago \/ Images : Pierro<\/p>\n<p><span lang=\"fr-FR\">Enqu\u00eate enti\u00e8re sur CCAVES.ORG\/photovolta\u00efque<\/span><\/p>\n<p>&nbsp;<\/p>\n<p><a name=\"article-titre\"><\/a><span lang=\"fr-FR\">1 : \u00ab\u00a0Christiane Lambert, Il faut identifier des terres o\u00f9 produire du solaire \u00bb,\u00a0<\/span><span lang=\"fr-FR\"><i>Terre.net<\/i><\/span><span lang=\"fr-FR\">, 11\/11\/22.<\/span><\/p>\n<p>2: \u00ab\u00a0Abris photovolta\u00efques\u00a0\u00bb,\u00a0<i>L\u2019Agri<\/i>, 01\/10\/22.<\/p>\n<p>3 : Journal de 20h,\u00a0<i>France 2<\/i>, 09\/11\/2022.<\/p>\n<p><i>4: \u00ab<\/i>\u00a0Pourquoi le producteur d\u2019\u00e9nergie Qair s\u2019associe \u00e0 Sun\u2019Agri\u00a0\u00bb,<i>\u00a0<\/i><i>La Tribune,<\/i><i>\u00a0<\/i>08\/04\/22.<\/p>\n<p><i>5:\u00a0<\/i>\u00ab\u00a0Vendanges 2022. Mill\u00e9simes, s\u00e9cheresses et fum\u00e9e\u00a0\u00bb,<i>\u00a0France Inter,\u00a0<\/i>01\/09\/2022.<\/p>\n<p>6 : Institut National de l\u2019Origine et de la Qualit\u00e9<\/p>\n<p>7 : Commission D\u00e9partementale de Pr\u00e9servation des Espaces Naturels Agricoles et Forestiers.<\/p>\n<p><span lang=\"fr-FR\">8: \u00ab\u00a0La difficile qu\u00eate de terrains \u00bb,<\/span><span lang=\"fr-FR\"><i>\u00a0Le Monde,<\/i><\/span><span lang=\"fr-FR\">\u00a010\/03\/21.<\/span><\/p>\n<p>9: Soci\u00e9t\u00e9 d\u2019am\u00e9nagement foncier et d\u2019\u00e9tablissement rural<\/p>\n<p>10: \u00ab\u00a0Contre l\u2019agrivolta\u00efsme, l\u2019agriculture paysanne\u00a0\u00bb,\u00a0<i>L\u2019Empaill\u00e9 n\u00b07.<\/i><\/p>\n<p>11\u00a0: \u00ab\u00a0Paysans, notre m\u00e9tier n\u2019est pas de produire de l\u2019\u00e9nergie\u00a0\u00bb,\u00a0<i>Reporterre,<\/i>\u00a002\/12\/22.<\/p>\n<p><span lang=\"fr-FR\">12\u00a0: \u00abVisite d\u2019un parc photovolta\u00efque\u00a0\u00bb, Linkedln de FNE, juin 2022.<\/span><\/p>\n<p>13 : \u00ab\u00a0La manne inexploit\u00e9e des Enr. 4 territoires en avance\u00a0\u00bb, Greenpeace, 2015<\/p>\n<p>&nbsp;<\/p>\n","protected":false},"excerpt":{"rendered":"<p>Tout le monde d\u00e9teste Sun&rsquo; Agri &nbsp; Dans notre pr\u00e9c\u00e9dent num\u00e9ro, nous pr\u00e9sentions comment les margoulins de l\u2019agro-industrie tentent de<\/p>\n","protected":false},"author":4,"featured_media":0,"comment_status":"open","ping_status":"open","sticky":false,"template":"","format":"standard","meta":{"colormag_page_container_layout":"default_layout","colormag_page_sidebar_layout":"default_layout","footnotes":""},"categories":[55],"tags":[],"class_list":["post-4837","post","type-post","status-publish","format-standard","hentry","category-photovoltaique-causse-comtal"],"yoast_head":"<!-- This site is optimized with the Yoast SEO plugin v27.5 - https:\/\/yoast.com\/product\/yoast-seo-wordpress\/ -->\n<title>Tout le monde d\u00e9teste Sun\u2019 Agri, journal L&#039;Empaill\u00e9 - CCAVES<\/title>\n<meta name=\"description\" content=\"Plateforme d&#039;\u00e9changes et de Coordination des Collectifs et Associations Volontaires en Environnement Sant\u00e9 et Soci\u00e9t\u00e9\" \/>\n<meta name=\"robots\" content=\"index, follow, max-snippet:-1, max-image-preview:large, max-video-preview:-1\" \/>\n<link rel=\"canonical\" href=\"https:\/\/ccaves.org\/blog\/tout-le-monde-deteste-sun-agri-journal-lempaille\/\" \/>\n<meta property=\"og:locale\" content=\"fr_FR\" \/>\n<meta property=\"og:type\" content=\"article\" \/>\n<meta property=\"og:title\" content=\"Tout le monde d\u00e9teste Sun\u2019 Agri, journal L&#039;Empaill\u00e9 - CCAVES\" \/>\n<meta property=\"og:description\" content=\"Plateforme d&#039;\u00e9changes et de Coordination des Collectifs et Associations Volontaires en Environnement Sant\u00e9 et Soci\u00e9t\u00e9\" \/>\n<meta property=\"og:url\" content=\"https:\/\/ccaves.org\/blog\/tout-le-monde-deteste-sun-agri-journal-lempaille\/\" \/>\n<meta property=\"og:site_name\" content=\"CCAVES\" \/>\n<meta property=\"article:published_time\" content=\"2022-12-12T21:44:02+00:00\" \/>\n<meta property=\"og:image\" content=\"https:\/\/lempaille.fr\/wp-content\/uploads\/2022\/12\/Capture-de%CC%81cran-2022-12-11-a%CC%80-07.58.21.png\" \/>\n<meta name=\"author\" content=\"collectifvallon\" \/>\n<meta name=\"twitter:card\" content=\"summary_large_image\" \/>\n<meta name=\"twitter:label1\" content=\"\u00c9crit par\" \/>\n\t<meta name=\"twitter:data1\" content=\"collectifvallon\" \/>\n\t<meta name=\"twitter:label2\" content=\"Dur\u00e9e de lecture estim\u00e9e\" \/>\n\t<meta name=\"twitter:data2\" content=\"19 minutes\" \/>\n<script type=\"application\/ld+json\" class=\"yoast-schema-graph\">{\"@context\":\"https:\\\/\\\/schema.org\",\"@graph\":[{\"@type\":\"Article\",\"@id\":\"https:\\\/\\\/ccaves.org\\\/blog\\\/tout-le-monde-deteste-sun-agri-journal-lempaille\\\/#article\",\"isPartOf\":{\"@id\":\"https:\\\/\\\/ccaves.org\\\/blog\\\/tout-le-monde-deteste-sun-agri-journal-lempaille\\\/\"},\"author\":{\"name\":\"collectifvallon\",\"@id\":\"https:\\\/\\\/ccaves.org\\\/blog\\\/#\\\/schema\\\/person\\\/d776b30895ca193bcb27a7923f266e29\"},\"headline\":\"Tout le monde d\u00e9teste Sun\u2019 Agri, journal L&rsquo;Empaill\u00e9\",\"datePublished\":\"2022-12-12T21:44:02+00:00\",\"mainEntityOfPage\":{\"@id\":\"https:\\\/\\\/ccaves.org\\\/blog\\\/tout-le-monde-deteste-sun-agri-journal-lempaille\\\/\"},\"wordCount\":4045,\"commentCount\":0,\"publisher\":{\"@id\":\"https:\\\/\\\/ccaves.org\\\/blog\\\/#organization\"},\"image\":{\"@id\":\"https:\\\/\\\/ccaves.org\\\/blog\\\/tout-le-monde-deteste-sun-agri-journal-lempaille\\\/#primaryimage\"},\"thumbnailUrl\":\"https:\\\/\\\/lempaille.fr\\\/wp-content\\\/uploads\\\/2022\\\/12\\\/Capture-de%CC%81cran-2022-12-11-a%CC%80-07.58.21.png\",\"articleSection\":[\"photovolta\u00efque causse comtal\"],\"inLanguage\":\"fr-FR\",\"potentialAction\":[{\"@type\":\"CommentAction\",\"name\":\"Comment\",\"target\":[\"https:\\\/\\\/ccaves.org\\\/blog\\\/tout-le-monde-deteste-sun-agri-journal-lempaille\\\/#respond\"]}]},{\"@type\":\"WebPage\",\"@id\":\"https:\\\/\\\/ccaves.org\\\/blog\\\/tout-le-monde-deteste-sun-agri-journal-lempaille\\\/\",\"url\":\"https:\\\/\\\/ccaves.org\\\/blog\\\/tout-le-monde-deteste-sun-agri-journal-lempaille\\\/\",\"name\":\"Tout le monde d\u00e9teste Sun\u2019 Agri, journal L'Empaill\u00e9 - CCAVES\",\"isPartOf\":{\"@id\":\"https:\\\/\\\/ccaves.org\\\/blog\\\/#website\"},\"primaryImageOfPage\":{\"@id\":\"https:\\\/\\\/ccaves.org\\\/blog\\\/tout-le-monde-deteste-sun-agri-journal-lempaille\\\/#primaryimage\"},\"image\":{\"@id\":\"https:\\\/\\\/ccaves.org\\\/blog\\\/tout-le-monde-deteste-sun-agri-journal-lempaille\\\/#primaryimage\"},\"thumbnailUrl\":\"https:\\\/\\\/lempaille.fr\\\/wp-content\\\/uploads\\\/2022\\\/12\\\/Capture-de%CC%81cran-2022-12-11-a%CC%80-07.58.21.png\",\"datePublished\":\"2022-12-12T21:44:02+00:00\",\"description\":\"Plateforme d'\u00e9changes et de Coordination des Collectifs et Associations Volontaires en Environnement Sant\u00e9 et Soci\u00e9t\u00e9\",\"breadcrumb\":{\"@id\":\"https:\\\/\\\/ccaves.org\\\/blog\\\/tout-le-monde-deteste-sun-agri-journal-lempaille\\\/#breadcrumb\"},\"inLanguage\":\"fr-FR\",\"potentialAction\":[{\"@type\":\"ReadAction\",\"target\":[\"https:\\\/\\\/ccaves.org\\\/blog\\\/tout-le-monde-deteste-sun-agri-journal-lempaille\\\/\"]}]},{\"@type\":\"ImageObject\",\"inLanguage\":\"fr-FR\",\"@id\":\"https:\\\/\\\/ccaves.org\\\/blog\\\/tout-le-monde-deteste-sun-agri-journal-lempaille\\\/#primaryimage\",\"url\":\"https:\\\/\\\/lempaille.fr\\\/wp-content\\\/uploads\\\/2022\\\/12\\\/Capture-de%CC%81cran-2022-12-11-a%CC%80-07.58.21.png\",\"contentUrl\":\"https:\\\/\\\/lempaille.fr\\\/wp-content\\\/uploads\\\/2022\\\/12\\\/Capture-de%CC%81cran-2022-12-11-a%CC%80-07.58.21.png\"},{\"@type\":\"BreadcrumbList\",\"@id\":\"https:\\\/\\\/ccaves.org\\\/blog\\\/tout-le-monde-deteste-sun-agri-journal-lempaille\\\/#breadcrumb\",\"itemListElement\":[{\"@type\":\"ListItem\",\"position\":1,\"name\":\"Accueil\",\"item\":\"https:\\\/\\\/ccaves.org\\\/blog\\\/\"},{\"@type\":\"ListItem\",\"position\":2,\"name\":\"Tout le monde d\u00e9teste Sun\u2019 Agri, journal L&rsquo;Empaill\u00e9\"}]},{\"@type\":\"WebSite\",\"@id\":\"https:\\\/\\\/ccaves.org\\\/blog\\\/#website\",\"url\":\"https:\\\/\\\/ccaves.org\\\/blog\\\/\",\"name\":\"CCAVES\",\"description\":\"Plateforme d&#039;\u00e9changes et de Coordination des Collectifs et Associations Volontaires en Environnement Sant\u00e9 et Soci\u00e9t\u00e9\",\"publisher\":{\"@id\":\"https:\\\/\\\/ccaves.org\\\/blog\\\/#organization\"},\"alternateName\":\"Coordination des Collectifs et Associations Volontaires en Environnement Sant\u00e9 et Soci\u00e9t\u00e9\",\"potentialAction\":[{\"@type\":\"SearchAction\",\"target\":{\"@type\":\"EntryPoint\",\"urlTemplate\":\"https:\\\/\\\/ccaves.org\\\/blog\\\/?s={search_term_string}\"},\"query-input\":{\"@type\":\"PropertyValueSpecification\",\"valueRequired\":true,\"valueName\":\"search_term_string\"}}],\"inLanguage\":\"fr-FR\"},{\"@type\":\"Organization\",\"@id\":\"https:\\\/\\\/ccaves.org\\\/blog\\\/#organization\",\"name\":\"Plateforme d'\u00e9changes et de Coordination des Collectifs et Associations Volontaires en Environnement Sant\u00e9 et Soci\u00e9t\u00e9\",\"alternateName\":\"Plateforme d'\u00e9changes et de Coordination des Collectifs et Associations Volontaires en Environnement Sant\u00e9 et Soci\u00e9t\u00e9\",\"url\":\"https:\\\/\\\/ccaves.org\\\/blog\\\/\",\"logo\":{\"@type\":\"ImageObject\",\"inLanguage\":\"fr-FR\",\"@id\":\"https:\\\/\\\/ccaves.org\\\/blog\\\/#\\\/schema\\\/logo\\\/image\\\/\",\"url\":\"https:\\\/\\\/ccaves.org\\\/blog\\\/wp-content\\\/uploads\\\/Oedicneme-criard-IMP-1024x631.png\",\"contentUrl\":\"https:\\\/\\\/ccaves.org\\\/blog\\\/wp-content\\\/uploads\\\/Oedicneme-criard-IMP-1024x631.png\",\"width\":1024,\"height\":631,\"caption\":\"Plateforme d'\u00e9changes et de Coordination des Collectifs et Associations Volontaires en Environnement Sant\u00e9 et Soci\u00e9t\u00e9\"},\"image\":{\"@id\":\"https:\\\/\\\/ccaves.org\\\/blog\\\/#\\\/schema\\\/logo\\\/image\\\/\"}},{\"@type\":\"Person\",\"@id\":\"https:\\\/\\\/ccaves.org\\\/blog\\\/#\\\/schema\\\/person\\\/d776b30895ca193bcb27a7923f266e29\",\"name\":\"collectifvallon\",\"image\":{\"@type\":\"ImageObject\",\"inLanguage\":\"fr-FR\",\"@id\":\"https:\\\/\\\/secure.gravatar.com\\\/avatar\\\/fb252f144334c6af21b3edf929630a011715a9a10cebad3a3dc971a32be991db?s=96&d=mm&r=g\",\"url\":\"https:\\\/\\\/secure.gravatar.com\\\/avatar\\\/fb252f144334c6af21b3edf929630a011715a9a10cebad3a3dc971a32be991db?s=96&d=mm&r=g\",\"contentUrl\":\"https:\\\/\\\/secure.gravatar.com\\\/avatar\\\/fb252f144334c6af21b3edf929630a011715a9a10cebad3a3dc971a32be991db?s=96&d=mm&r=g\",\"caption\":\"collectifvallon\"},\"url\":\"https:\\\/\\\/ccaves.org\\\/blog\\\/author\\\/loic\\\/\"}]}<\/script>\n<!-- \/ Yoast SEO plugin. -->","yoast_head_json":{"title":"Tout le monde d\u00e9teste Sun\u2019 Agri, journal L'Empaill\u00e9 - CCAVES","description":"Plateforme d'\u00e9changes et de Coordination des Collectifs et Associations Volontaires en Environnement Sant\u00e9 et Soci\u00e9t\u00e9","robots":{"index":"index","follow":"follow","max-snippet":"max-snippet:-1","max-image-preview":"max-image-preview:large","max-video-preview":"max-video-preview:-1"},"canonical":"https:\/\/ccaves.org\/blog\/tout-le-monde-deteste-sun-agri-journal-lempaille\/","og_locale":"fr_FR","og_type":"article","og_title":"Tout le monde d\u00e9teste Sun\u2019 Agri, journal L'Empaill\u00e9 - CCAVES","og_description":"Plateforme d'\u00e9changes et de Coordination des Collectifs et Associations Volontaires en Environnement Sant\u00e9 et Soci\u00e9t\u00e9","og_url":"https:\/\/ccaves.org\/blog\/tout-le-monde-deteste-sun-agri-journal-lempaille\/","og_site_name":"CCAVES","article_published_time":"2022-12-12T21:44:02+00:00","og_image":[{"url":"https:\/\/lempaille.fr\/wp-content\/uploads\/2022\/12\/Capture-de%CC%81cran-2022-12-11-a%CC%80-07.58.21.png","type":"","width":"","height":""}],"author":"collectifvallon","twitter_card":"summary_large_image","twitter_misc":{"\u00c9crit par":"collectifvallon","Dur\u00e9e de lecture estim\u00e9e":"19 minutes"},"schema":{"@context":"https:\/\/schema.org","@graph":[{"@type":"Article","@id":"https:\/\/ccaves.org\/blog\/tout-le-monde-deteste-sun-agri-journal-lempaille\/#article","isPartOf":{"@id":"https:\/\/ccaves.org\/blog\/tout-le-monde-deteste-sun-agri-journal-lempaille\/"},"author":{"name":"collectifvallon","@id":"https:\/\/ccaves.org\/blog\/#\/schema\/person\/d776b30895ca193bcb27a7923f266e29"},"headline":"Tout le monde d\u00e9teste Sun\u2019 Agri, journal L&rsquo;Empaill\u00e9","datePublished":"2022-12-12T21:44:02+00:00","mainEntityOfPage":{"@id":"https:\/\/ccaves.org\/blog\/tout-le-monde-deteste-sun-agri-journal-lempaille\/"},"wordCount":4045,"commentCount":0,"publisher":{"@id":"https:\/\/ccaves.org\/blog\/#organization"},"image":{"@id":"https:\/\/ccaves.org\/blog\/tout-le-monde-deteste-sun-agri-journal-lempaille\/#primaryimage"},"thumbnailUrl":"https:\/\/lempaille.fr\/wp-content\/uploads\/2022\/12\/Capture-de%CC%81cran-2022-12-11-a%CC%80-07.58.21.png","articleSection":["photovolta\u00efque causse comtal"],"inLanguage":"fr-FR","potentialAction":[{"@type":"CommentAction","name":"Comment","target":["https:\/\/ccaves.org\/blog\/tout-le-monde-deteste-sun-agri-journal-lempaille\/#respond"]}]},{"@type":"WebPage","@id":"https:\/\/ccaves.org\/blog\/tout-le-monde-deteste-sun-agri-journal-lempaille\/","url":"https:\/\/ccaves.org\/blog\/tout-le-monde-deteste-sun-agri-journal-lempaille\/","name":"Tout le monde d\u00e9teste Sun\u2019 Agri, journal L'Empaill\u00e9 - CCAVES","isPartOf":{"@id":"https:\/\/ccaves.org\/blog\/#website"},"primaryImageOfPage":{"@id":"https:\/\/ccaves.org\/blog\/tout-le-monde-deteste-sun-agri-journal-lempaille\/#primaryimage"},"image":{"@id":"https:\/\/ccaves.org\/blog\/tout-le-monde-deteste-sun-agri-journal-lempaille\/#primaryimage"},"thumbnailUrl":"https:\/\/lempaille.fr\/wp-content\/uploads\/2022\/12\/Capture-de%CC%81cran-2022-12-11-a%CC%80-07.58.21.png","datePublished":"2022-12-12T21:44:02+00:00","description":"Plateforme d'\u00e9changes et de Coordination des Collectifs et Associations Volontaires en Environnement Sant\u00e9 et Soci\u00e9t\u00e9","breadcrumb":{"@id":"https:\/\/ccaves.org\/blog\/tout-le-monde-deteste-sun-agri-journal-lempaille\/#breadcrumb"},"inLanguage":"fr-FR","potentialAction":[{"@type":"ReadAction","target":["https:\/\/ccaves.org\/blog\/tout-le-monde-deteste-sun-agri-journal-lempaille\/"]}]},{"@type":"ImageObject","inLanguage":"fr-FR","@id":"https:\/\/ccaves.org\/blog\/tout-le-monde-deteste-sun-agri-journal-lempaille\/#primaryimage","url":"https:\/\/lempaille.fr\/wp-content\/uploads\/2022\/12\/Capture-de%CC%81cran-2022-12-11-a%CC%80-07.58.21.png","contentUrl":"https:\/\/lempaille.fr\/wp-content\/uploads\/2022\/12\/Capture-de%CC%81cran-2022-12-11-a%CC%80-07.58.21.png"},{"@type":"BreadcrumbList","@id":"https:\/\/ccaves.org\/blog\/tout-le-monde-deteste-sun-agri-journal-lempaille\/#breadcrumb","itemListElement":[{"@type":"ListItem","position":1,"name":"Accueil","item":"https:\/\/ccaves.org\/blog\/"},{"@type":"ListItem","position":2,"name":"Tout le monde d\u00e9teste Sun\u2019 Agri, journal L&rsquo;Empaill\u00e9"}]},{"@type":"WebSite","@id":"https:\/\/ccaves.org\/blog\/#website","url":"https:\/\/ccaves.org\/blog\/","name":"CCAVES","description":"Plateforme d&#039;\u00e9changes et de Coordination des Collectifs et Associations Volontaires en Environnement Sant\u00e9 et Soci\u00e9t\u00e9","publisher":{"@id":"https:\/\/ccaves.org\/blog\/#organization"},"alternateName":"Coordination des Collectifs et Associations Volontaires en Environnement Sant\u00e9 et Soci\u00e9t\u00e9","potentialAction":[{"@type":"SearchAction","target":{"@type":"EntryPoint","urlTemplate":"https:\/\/ccaves.org\/blog\/?s={search_term_string}"},"query-input":{"@type":"PropertyValueSpecification","valueRequired":true,"valueName":"search_term_string"}}],"inLanguage":"fr-FR"},{"@type":"Organization","@id":"https:\/\/ccaves.org\/blog\/#organization","name":"Plateforme d'\u00e9changes et de Coordination des Collectifs et Associations Volontaires en Environnement Sant\u00e9 et Soci\u00e9t\u00e9","alternateName":"Plateforme d'\u00e9changes et de Coordination des Collectifs et Associations Volontaires en Environnement Sant\u00e9 et Soci\u00e9t\u00e9","url":"https:\/\/ccaves.org\/blog\/","logo":{"@type":"ImageObject","inLanguage":"fr-FR","@id":"https:\/\/ccaves.org\/blog\/#\/schema\/logo\/image\/","url":"https:\/\/ccaves.org\/blog\/wp-content\/uploads\/Oedicneme-criard-IMP-1024x631.png","contentUrl":"https:\/\/ccaves.org\/blog\/wp-content\/uploads\/Oedicneme-criard-IMP-1024x631.png","width":1024,"height":631,"caption":"Plateforme d'\u00e9changes et de Coordination des Collectifs et Associations Volontaires en Environnement Sant\u00e9 et Soci\u00e9t\u00e9"},"image":{"@id":"https:\/\/ccaves.org\/blog\/#\/schema\/logo\/image\/"}},{"@type":"Person","@id":"https:\/\/ccaves.org\/blog\/#\/schema\/person\/d776b30895ca193bcb27a7923f266e29","name":"collectifvallon","image":{"@type":"ImageObject","inLanguage":"fr-FR","@id":"https:\/\/secure.gravatar.com\/avatar\/fb252f144334c6af21b3edf929630a011715a9a10cebad3a3dc971a32be991db?s=96&d=mm&r=g","url":"https:\/\/secure.gravatar.com\/avatar\/fb252f144334c6af21b3edf929630a011715a9a10cebad3a3dc971a32be991db?s=96&d=mm&r=g","contentUrl":"https:\/\/secure.gravatar.com\/avatar\/fb252f144334c6af21b3edf929630a011715a9a10cebad3a3dc971a32be991db?s=96&d=mm&r=g","caption":"collectifvallon"},"url":"https:\/\/ccaves.org\/blog\/author\/loic\/"}]}},"_links":{"self":[{"href":"https:\/\/ccaves.org\/blog\/wp-json\/wp\/v2\/posts\/4837","targetHints":{"allow":["GET"]}}],"collection":[{"href":"https:\/\/ccaves.org\/blog\/wp-json\/wp\/v2\/posts"}],"about":[{"href":"https:\/\/ccaves.org\/blog\/wp-json\/wp\/v2\/types\/post"}],"author":[{"embeddable":true,"href":"https:\/\/ccaves.org\/blog\/wp-json\/wp\/v2\/users\/4"}],"replies":[{"embeddable":true,"href":"https:\/\/ccaves.org\/blog\/wp-json\/wp\/v2\/comments?post=4837"}],"version-history":[{"count":1,"href":"https:\/\/ccaves.org\/blog\/wp-json\/wp\/v2\/posts\/4837\/revisions"}],"predecessor-version":[{"id":4838,"href":"https:\/\/ccaves.org\/blog\/wp-json\/wp\/v2\/posts\/4837\/revisions\/4838"}],"wp:attachment":[{"href":"https:\/\/ccaves.org\/blog\/wp-json\/wp\/v2\/media?parent=4837"}],"wp:term":[{"taxonomy":"category","embeddable":true,"href":"https:\/\/ccaves.org\/blog\/wp-json\/wp\/v2\/categories?post=4837"},{"taxonomy":"post_tag","embeddable":true,"href":"https:\/\/ccaves.org\/blog\/wp-json\/wp\/v2\/tags?post=4837"}],"curies":[{"name":"wp","href":"https:\/\/api.w.org\/{rel}","templated":true}]}}