{"id":903,"date":"2018-08-19T13:10:06","date_gmt":"2018-08-19T11:10:06","guid":{"rendered":"http:\/\/ccaves.org\/blog\/?p=903"},"modified":"2021-04-01T12:45:05","modified_gmt":"2021-04-01T10:45:05","slug":"antennes-relais-4g-5g-micro-antennes-antennes-relais-directive-photonique","status":"publish","type":"post","link":"https:\/\/ccaves.org\/blog\/antennes-relais-4g-5g-micro-antennes-antennes-relais-directive-photonique\/","title":{"rendered":"Antenne-relais 4G \/ 5G . Pistes juridiques m\u00e9diatiques et politiques"},"content":{"rendered":"<h1 style=\"text-align: center;\"><strong>Antennes-relais <\/strong><\/h1>\n<h1 style=\"text-align: center;\"><strong>4G \/ 5G\u00a0<\/strong><\/h1>\n<h1 style=\"text-align: center;\"><strong>* Pistes juridiques (milieu de page), m\u00e9diatiques et politiques<\/strong><\/h1>\n<h1 style=\"text-align: center;\"><strong>* R\u00e9sum\u00e9 en plusieurs points quant \u00e0 la 5 G r\u00e9guli\u00e8rement mis \u00e0 jour<\/strong><\/h1>\n<p>&nbsp;<\/p>\n<p>&nbsp;<\/p>\n<p>&nbsp;<\/p>\n<h2 style=\"text-align: center;\">&#8230;&#8230;&#8230;&#8230;&#8230;&#8230;&#8230;&#8230;&#8230;&#8230;&#8230;<\/h2>\n<p>&nbsp;<\/p>\n<h1 style=\"text-align: center;\"><strong>5G- quand l&rsquo;essentiel n&rsquo;est pas dans l&rsquo;essentiel<\/strong><\/h1>\n<h1 style=\"text-align: center;\"><strong>Adresse aux maires et \u00e0 tous les \u00e9lus locaux<\/strong><\/h1>\n<h2 style=\"text-align: center;\">par Matthieu Amiech, \u00e9lu municipal du Tarn<\/h2>\n<h2 style=\"text-align: center;\">R\u00e9ponse au document du gouvernement \u00ab\u00a0L&rsquo;essentiel sur la 5G\u00a0\u00bb envoy\u00e9 par Bruno Le Maire et C\u00e9dric O \u00e0 tous les \u00e9lu.es de France<\/h2>\n<h2 style=\"text-align: center;\">Matthieu Amiech est un des animateurs des \u00e9ditions <a href=\"https:\/\/reporterre.net\/Matthieu-Amiech-le-Numerique-devient-le-coeur-de-la-catastrophe-ecologique\">La Lenteur<\/a>. Il participe aux activit\u00e9s du collectif \u00c9cran total, qui f\u00e9d\u00e8re des r\u00e9sistances \u00e0 l\u2019informatisation du travail et de la vie quotidienne. Il est co-auteur du livre \u00ab\u00a0La libert\u00e9 dans le Coma\u00a0\u00bb.<\/h2>\n<h2><\/h2>\n<h2 style=\"text-align: center;\"><a href=\"https:\/\/ccaves.org\/blog\/wp-content\/uploads\/5G-pas-dans-lessentiel_VDEF_coul.pdf\" target=\"_blank\" rel=\"noopener\">Lire ici<\/a><\/h2>\n<p>&nbsp;<\/p>\n<p style=\"text-align: center;\">Cette brochure de 20 pages contient tout un ensemble d\u2019informations et de partis pris qui m\u00e9ritent d\u2019\u00eatre comment\u00e9s, confront\u00e9s \u00e0 d\u2019autres sources et \u00e0 une vision plus compl\u00e8te des enjeux du<br \/>\ntr\u00e8s haut d\u00e9bit mobile. Lisez la brochure du gouvernement si vous ne l\u2019avez pas fait ; puis lisez les pages qui suivent, pour \u00eatre en mesure de r\u00e9pondre justement aux sollicitations des habitants de<br \/>\nvos communes.<\/p>\n<p style=\"text-align: center;\">(&#8230;)<\/p>\n<p style=\"text-align: center;\">CONCLUSION<br \/>\nMesdames, Messieurs, si vous d\u00e9sirez en savoir plus sur tous ces points et quelques autres, vous pouvez lire les articles cit\u00e9s, ou<br \/>\nr\u00e9f\u00e9renc\u00e9s dans les notes. Pour avoir une vue d\u2019ensemble approfondie, deux ouvrages me semblent particuli\u00e8rement pertinents sur le sujet : le livre du journaliste Nicolas B\u00e9rard, 5G, mon amour.<br \/>\nEnqu\u00eate sur la face cach\u00e9e des r\u00e9seaux mobiles (\u00e9ditions Le Passager clandestin\/L\u2019Age de faire, 2020) ; et le rapport en ligne sp\u00e9cialement d\u00e9di\u00e9 aux \u00e9lus locaux par son auteur, Gauthier Roussilhe, La Controverse de la 5G. Comprendre, r\u00e9fl\u00e9chir, d\u00e9cider ensemble ( juillet 2020, http:\/\/gauthierroussilhe.com\/fr\/projects\/controverse-dela-<br \/>\n5g).<br \/>\nSurtout, \u00e9coutez vos administr\u00e9s, y compris celles et ceux qui sont inquiets. Car, contrairement \u00e0 ce que sous-entendent avec condescendance Bruno Le Maire et C\u00e9dric O dans leur lettre aux<br \/>\nmaires, il y a des raisons de l\u2019\u00eatre. Comme vous avez pu vous en rendre compte en lisant ces quelques paragraphes, il y a mati\u00e8re \u00e0 d\u00e9bat. Il y a (il y aurait&#8230;) besoin de temps pour r\u00e9f l\u00e9chir, et \u00e9viter de se retrouver bient\u00f4t devant le fait accompli, comme trop souvent ces derni\u00e8res d\u00e9cennies.<br \/>\nLes \u00e9lus locaux ont peu de pouvoir face aux op\u00e9rateurs de t\u00e9l\u00e9phonie mobile, la plupart de leurs pr\u00e9rogatives ont \u00e9t\u00e9 supprim\u00e9es par des lois ou d\u00e9crets successifs. Face aux projets de nouvelles<br \/>\nantennes, il leur reste quelques marges de manoeuvre en termes d\u2019urbanisme. Et il leur reste leur parole, qui comme \u00e0 propos des compteurs Linky, peut donner une l\u00e9gitimit\u00e9 au d\u00e9bat. Il est<br \/>\nurgent d\u2019arr\u00eater de consid\u00e9rer le d\u00e9veloppement technologique comme une fatalit\u00e9, car il est en r\u00e9alit\u00e9 le r\u00e9sultat d\u2019un incroyable volontarisme industriel et politique. Il est temps de le mettre en<br \/>\ndiscussion, et de s\u2019y opposer, quand il est clairement porteur de r\u00e9gressions.<\/p>\n<p>&nbsp;<\/p>\n<p>&nbsp;<\/p>\n<h2 style=\"text-align: center;\">&#8230;&#8230;&#8230;&#8230;&#8230;&#8230;&#8230;&#8230;&#8230;..<\/h2>\n<p>&nbsp;<\/p>\n<p>&nbsp;<\/p>\n<h1 class=\"access\" style=\"text-align: center;\"><strong>Le directeur g\u00e9n\u00e9ral de la F\u00e9d\u00e9ration fran\u00e7aise des T\u00e9l\u00e9coms <\/strong><\/h1>\n<h1 class=\"access\" style=\"text-align: center;\"><strong>annonce que des antennes relais ne seront pas install\u00e9es sur les communes qui les auront refus\u00e9es<\/strong><\/h1>\n<p style=\"text-align: center;\">\u00c9mission Terra Terre\u00a0<em>\u00ab\u00a0Ondes \u00e9lectromagn\u00e9tiques, pour le meilleur et pour le pire ?\u00a0\u00bb<\/em>\u00a0diffus\u00e9e le 12 mai 2020 sur la cha\u00eene Public S\u00e9nat, avec comme invit\u00e9s\u00a0<strong>Mich\u00e8le Rivasi<\/strong>, d\u00e9put\u00e9e EELV, et\u00a0<strong>Michel Combot<\/strong>, Directeur g\u00e9n\u00e9ral de la F\u00e9d\u00e9ration fran\u00e7aise des T\u00e9l\u00e9coms.<\/p>\n<p>Au cours de l\u2019\u00e9mission, le Directeur g\u00e9n\u00e9ral de la F\u00e9d\u00e9ration fran\u00e7aise des T\u00e9l\u00e9coms s\u2019apitoie sur le sort des EHS et leur \u00ab\u00a0<em>grande souffrance<\/em>\u00a0\u00bb.<\/p>\n<p style=\"text-align: center;\">Il d\u00e9clare notamment que\u00a0:<\/p>\n<h2 style=\"text-align: center;\">\u00ab<strong><em>\u00a0Si un maire d\u00e9cide demain d&rsquo;\u00eatre, de rester en zone blanche, c&rsquo;est effectivement sa d\u00e9cision et des antennes relais ne seront pas install\u00e9es sur la commune.\u00a0\u00bb<\/em><\/strong><\/h2>\n<p style=\"text-align: center;\">(* \u00e0 partir de 8\u201932 de l\u2019\u00e9mission).<\/p>\n<p style=\"text-align: center;\">Nous invitons tous les maires qui refusent ou ont refus\u00e9 l\u2019installation d\u2019antennes relais sur leur commune d\u2019envoyer une copie de leur dossier, en faisant r\u00e9f\u00e9rence \u00e0 cette d\u00e9claration, \u00e0\u00a0:<br \/>\nM. Michel Combot<br \/>\nDirecteur g\u00e9n\u00e9ral<br \/>\nF\u00c9D\u00c9RATION FRAN\u00c7AISE DES T\u00c9L\u00c9COMS<br \/>\n11-17 rue de l&rsquo;Amiral Hamelin<br \/>\n75116 PARIS<br \/>\nT\u00e9l. 33 (0)1 47 27 72 69<br \/>\nMail\u00a0:\u00a0<a class=\"liens\">s&#101;&#99;&#x72;&#x65;&#x74;&#x61;r&#105;&#97;&#116;&#x40;&#x66;&#x66;te&#108;&#101;&#x63;&#x6f;&#x6d;s&#46;&#111;&#114;&#x67;<\/a><\/p>\n<p style=\"text-align: center;\">*Lien de la vid\u00e9o :\u00a0<a class=\"liens\" href=\"https:\/\/www.publicsenat.fr\/emission\/terra-terre\/terra-terre-181764?fbclid=IwAR2VGJ_PPj5t3FwJHtpwA22MLVfUBvNr-E2YH7mferN3Rx9qD4AZK6zBeG8#.XrueRN-c23g.facebook\" target=\"_blank\" rel=\"noopener\">https:\/\/www.publicsenat.fr\/emission\/terra-terre\/terra-terre-181764?fbclid=IwAR2VGJ_PPj5t3FwJHtpwA22MLVfUBvNr-E2YH7mferN3Rx9qD4AZK6zBeG8#.XrueRN-c23g.facebook<\/a><\/p>\n<p style=\"text-align: center;\"><em>Robin des Toits &#8211; 22 juin 2020<\/em><\/p>\n<p>&nbsp;<\/p>\n<h1 style=\"text-align: center;\">&#8230;&#8230;&#8230;&#8230;&#8230;.<\/h1>\n<p>&nbsp;<\/p>\n<h1 class=\"entry-title\" style=\"text-align: center;\"><strong>5G : DES DIZAINES DE COMMUNES et collectivit\u00e9s S\u2019OPPOSENT<\/strong><\/h1>\n<h2 style=\"text-align: center;\"><strong>liste exhaustive r\u00e9alis\u00e9e par Nicolas B\u00e9rard de l&rsquo;Age de Faire<\/strong><\/h2>\n<p style=\"text-align: center;\"><span style=\"color: #222222;\">\u00a0<\/span><a href=\"https:\/\/refuser-compteur-linky.fr\/liste-des-communes-opposees-a-la-5g\/\" target=\"_blank\" rel=\"noopener\"><span style=\"color: #1155cc;\"><span style=\"font-family: trebuchet ms, geneva, sans-serif;\"><span style=\"font-size: small;\">https:\/\/refuser-compteur-linky.fr\/liste-des-communes-opposees-a-la-5g\/<\/span><\/span><\/span><\/a><span style=\"color: #222222;\">\u00a0<\/span><\/p>\n<p>&nbsp;<\/p>\n<h1 style=\"text-align: center;\">&#8230;&#8230;&#8230;..<\/h1>\n<p>&nbsp;<\/p>\n<h1 style=\"text-align: center;\"><strong>Premier Arr\u00eat\u00e9 anti 5 G<\/strong><\/h1>\n<h1 style=\"text-align: center;\"><strong> \u00e0 proposer aux \u00e9lus<\/strong><\/h1>\n<h1 style=\"text-align: center;\"><strong> sur le mod\u00e8le de Fontenay-sous-bois du 26 novembre 2020<\/strong><\/h1>\n<p style=\"text-align: center;\"><a href=\"https:\/\/ccaves.org\/blog\/wp-content\/uploads\/Fontenay-sous-boisMoratoire5g261120_texte.docx\" target=\"_blank\" rel=\"noopener\">Lire ici en version modifiable<\/a><\/p>\n<p>&nbsp;<\/p>\n<p>&nbsp;<\/p>\n<h2 style=\"text-align: center;\"><strong>&#8230;&#8230;&#8230;&#8230;&#8230;<\/strong><\/h2>\n<p>&nbsp;<\/p>\n<h1 style=\"text-align: center;\"><strong>5G &#8211; aper\u00e7u de la question <\/strong><\/h1>\n<h1 style=\"text-align: center;\"><strong>mis \u00e0 jour mars 2021<\/strong><\/h1>\n<p>&nbsp;<\/p>\n<ul>\n<li style=\"text-align: left;\"><strong>50 000 satellites \u00e0 basses altitudes (400 points lumineux mouvants pour tous les terriens), des micro-antennes tous les 100 m\u00e8tres, des milliards d&rsquo;objets connect\u00e9s fonctionnant par ondes artificielles puls\u00e9es.<\/strong><\/li>\n<li style=\"text-align: left;\"><strong>A terme dans le monde, des fr\u00e9quences tr\u00e8s \u00e9lev\u00e9es utilis\u00e9es par la 5G proches de celles des radars et armes militaires (en France jusqu&rsquo;\u00e0 26 Ghz)<\/strong><\/li>\n<li><strong>La fibre optique servira de base \u00e0 l\u2019infrastructure de communication des antennes 5G qui ont une port\u00e9e d&rsquo;\u00e9mission faible, la communication entre deux villes se fera par fibre.<\/strong><\/li>\n<li><strong>Avec la 5 G l&rsquo; ANFR (Agence Nationale des Fr\u00e9quences) explique que 10 Go pourrait \u00eatre consomm\u00e9s en 3 minutes et qu&rsquo;en moyenne 83 Gigaoctet seront consomm\u00e9s par mois et par personne (contre 6,7 GO aujourd&rsquo;hui) <em>(Ericsson \u00ab 5G consumer potential\u00bb de mai 2019).<\/em><\/strong><\/li>\n<li><strong>Un \u00e9quipement 5G consomme trois fois plus qu\u2019un \u00e9quipement 4G (et avec la 5 G) la<\/strong><br \/>\n<strong>consommation d\u2019\u00e9nergie des op\u00e9rateurs mobiles serait multipli\u00e9e par 2,5 \u00e0 3 dans les cinq ans \u00e0 venir (\u2026) il repr\u00e9senterait environ 10 TWh suppl\u00e9mentaires, soit une augmentation de 2 % de la consommation d\u2019\u00e9lectricit\u00e9 du pays.<em> (Jancovici- The Shift Project- Le Monde des Id\u00e9es).<\/em><\/strong><\/li>\n<li><strong>L&rsquo;ARCEP explique que la 5 G \u00ab pourrait engendrer une augmentation des \u00e9missions de GES des op\u00e9rateurs puisqu\u2019il a \u00e9t\u00e9 estim\u00e9 au cours d\u2019une audition que l\u2019am\u00e9lioration de l\u2019efficacit\u00e9 \u00e9nerg\u00e9tique ne suffira pas, \u00e0 long terme, \u00e0 contrebalancer l\u2019augmentation du trafic \u00bb (<em><a href=\"https:\/\/www.arcep.fr\/actualites\/les-communiques-de-presse\/detail\/n\/reseaux-du-futur-2.html\">https:\/\/www.arcep.fr\/actualites\/les-communiques-de-presse\/detail\/n\/reseaux-du-futur-2.html<\/a>).<\/em><\/strong><\/li>\n<li>\n<div><strong>La 5G d\u00e9ploy\u00e9e en phase 1\u00a0 : 3,5 GHz, longueur d&rsquo;onde 10cm, en phase 2 : 26 GHz, longueur d&rsquo;onde environ 1 cm. Sans oublier la 5G bas d\u00e9bit 700MHz pour les zones rurales, longueur d&rsquo;onde environ 50cm&#8230;. 1mm de longueur d&rsquo;onde vaut pour 300 GHz. <\/strong><strong>Il faut arr\u00eater, en Europe de copier ce qui s&rsquo;\u00e9crit sur le continent am\u00e9ricain: aux USA et Canada, la 5g se d\u00e9ploiera entre autres sur le bande des 95Ghz, donc environ 3 mm de longueur d&rsquo;onde. <\/strong><strong>Donc eux peuvent parler d&rsquo;ondes millim\u00e9triques, pas nous en Europe.<\/strong><\/div>\n<\/li>\n<li><strong>Les antennes relais 5G dans la bande 3400 \u00e0 3800 Mhz \u00e9mettront \u00e0 elles seules des rayonnements \u00e9lectromagn\u00e9tiques 3 fois plus forts que la somme des antennes relais des technologies 2G, 3G et 4G r\u00e9unies <em>(<a href=\"https:\/\/www.ondes-expertise.com\/antennes-relais\/puissance-reelle-emission-5g\/\">https:\/\/www.ondes-expertise.com\/antennes-relais\/puissance-reelle-emission-5g\/<\/a>)<\/em><\/strong><\/li>\n<li><strong>De plus, d\u2019autres bandes de fr\u00e9quences 5G sont pr\u00e9vues: 1427 Mhz \u00e0 1517 Mhz : 24.25 \u00e0 27.5 GHz \u00e9galement <em>(<a href=\"https:\/\/www.ondes-expertise.com\/antennes-relais\/puissance-reelle-emission-5g\/\">https:\/\/www.ondes-expertise.com\/antennes-relais\/puissance-reelle-emission-5g\/<\/a><\/em><\/strong><em><strong>)<\/strong><\/em><\/li>\n<li><strong>Les populations qui semblent les plus r\u00e9ceptives \u00e0 la 5G sont les jeunes hommes (43%), les personnes vivant en zone urbaine dense (41%) et les personnes disposant d\u2019un revenu sup\u00e9rieur \u00e0 100 000$ par mois (40%) (PwC, \u201c5G is coming. Consumers are ready,\u201d 5G Consumer Intelligence Series, 2018, , cit\u00e9 dans <\/strong><strong><em><u style=\"font-size: medium; font-family: 'Times New Roman', serif; color: #000000;\">\u00ab La controverse de la 5G \u00bb par Gauthier Roussilhe <a href=\"https:\/\/drive.infomaniak.com\/app\/share\/128619\/10817fe0-1423-48f3-9f92-03414aa97771\">https:\/\/drive.infomaniak.com\/app\/share\/128619\/10817fe0-1423-48f3-9f92-03414aa97771<\/a> <\/u>PwC, \u201c5G is coming. Consumers are ready,\u201d 5G Consumer Intelligence Series, 2018)<\/em><\/strong><\/li>\n<li><strong>La probl\u00e9matique \u00e9nerg\u00e9tique de la 5G est la suivante : d\u00e9ployer la 5G va augmenter les capacit\u00e9s du r\u00e9seau donc va augmenter le trafic, jusqu\u2019\u00e0 1000 fois d\u00e8s 2025-2030.30 (<em><u style=\"font-size: medium; font-family: 'Times New Roman', serif; color: #000000;\">Gauthier Roussilhe op.cit<\/u><\/em>).<\/strong><\/li>\n<li><strong>On estime aujourd\u2019hui que l\u2019efficacit\u00e9 \u00e9nerg\u00e9tique des r\u00e9seaux 5G sera multipli\u00e9e par 10 en 10 ans, l\u00e0 o\u00f9 le trafic sera multipli\u00e9 entre 100 et 1000 fois (op.cit <em><u style=\"font-size: medium; font-family: 'Times New Roman', serif; color: #000000;\">Gauthier Roussilhe<\/u><\/em>).<\/strong><\/li>\n<li><strong>D\u2019apr\u00e8s Huawei, la consommation \u00e9nerg\u00e9tique d\u2019un \u00e9quipement 5G augmente de 300% compar\u00e9e \u00e0 celle d\u2019une configuration similaire en 4G (op.cit <em><u style=\"font-size: medium; font-family: 'Times New Roman', serif; color: #000000;\">Gauthier Roussilhe<\/u><\/em>)<\/strong><\/li>\n<li><strong>La seule estimation que nous pouvons produire aujourd\u2019hui, c\u2019est la fabrication nette des <\/strong><strong>\u00e9quipements suivants due \u00e0 la 5G : 6,6 \u00e0 13,1 millions de nouvelles antennes entre 2019 et 2025, 6,6 \u00e0 13,1 millions de nouveaux fronthaul\/backhaul55 sur la m\u00eame p\u00e9riode, 16,7 milliards d\u2019objets connect\u00e9s entre 2018 et 2024, 707 millions \u00e0 5 milliards de smartphones 5G entre 2019 et 2025 (op.cit <em><u style=\"font-size: medium; font-family: 'Times New Roman', serif; color: #000000;\">Gauthier Roussilhe<\/u><\/em>)<\/strong><\/li>\n<li><strong>D\u2019apr\u00e8s un \u00e9quipementier en r\u00e9seaux fibr\u00e9s pour la 5G, la proportion d\u2019antennes serait <\/strong><strong>multipli\u00e9e par 20 pour permettre une couverture de 95% dans une zone urbaine dense (en 3,5 et 26 GHz) (op.cit <em><u style=\"font-size: medium; font-family: 'Times New Roman', serif; color: #000000;\">Gauthier Roussilhe<\/u><\/em>)<\/strong><\/li>\n<li><strong>En somme, si toutes les projections d\u2019augmentation du trafic mobile ne sont bas\u00e9es que sur l\u2019hypoth\u00e8se de d\u00e9ploiement du r\u00e9seau 5G, on peut donc supposer que sans d\u00e9ploiement de la 5G la hausse du trafic se stabiliserait et ne justifierait plus ledit d\u00e9ploiement. Une rh\u00e9torique malsaine s\u2019est mise en place vis-\u00e0-vis des usagers : on explique qu\u2019ils sont pr\u00eats ou pas, sous-entendant <\/strong><strong>que le d\u00e9ploiement est in\u00e9vitable, que le consentement est \u00e0 construire et les usages \u00e0 d\u00e9montrer. Or les besoins exprim\u00e9s par les usagers sont une meilleure vitesse, une meilleure couverture et fiabilit\u00e9 : tout cela est r\u00e9alisable par le biais de la 4G. Les industriels essayent de cr\u00e9er du consentement plut\u00f4t que de prouver concr\u00e8tement l\u2019utilit\u00e9 soci\u00e9tale de cette infrastructure. (op.cit <em><u style=\"font-size: medium; font-family: 'Times New Roman', serif; color: #000000;\">Gauthier Roussilhe<\/u><\/em>)<\/strong><\/li>\n<li><strong>\u00ab\u00a0La bande des 3 500 MHz, de loin la plus utilis\u00e9e au monde pour la 5G. En la compl\u00e9tant par la bande des 700 MHz, qui op\u00e8re \u00e0 une fr\u00e9quence beaucoup plus basse, la 5G pourra \u00e0 la fois couvrir des zones plus vastes et p\u00e9n\u00e9trer beaucoup mieux dans les b\u00e2timents, comme le signale l\u2019Agence nationale des fr\u00e9quences (ANFR), qui y voit un compl\u00e9ment logique \u00e0 la bande des 3 500 MHz. L\u2019ANFR nous a confirm\u00e9 qu\u2019en France, la bande des 700 MHz \u00e9tait \u00ab utilisable d\u00e8s \u00e0 pr\u00e9sent \u00bb en 5G par les op\u00e9rateurs (&#8230;) En 2023, les op\u00e9rateurs fran\u00e7ais pourront investir une nouvelle bande, celle des 1 500 MHz, qui pr\u00e9sente un compromis int\u00e9ressant entre vitesse et couverture, comme l\u2019a annonc\u00e9 l\u2019Arcep, l\u2019autorit\u00e9 de r\u00e9gulation des t\u00e9l\u00e9coms (<a href=\"https:\/\/www.lemonde.fr\/pixels\/article\/2020\/09\/17\/tour-du-monde-des-reseaux-mobiles-5g-les-particuliers-ne-sont-pas-conquis_6052635_4408996.html\">https:\/\/www.lemonde.fr\/pixels\/article\/2020\/09\/17\/tour-du-monde-des-reseaux-mobiles-5g-les-particuliers-ne-sont-pas-conquis_6052635_4408996.html<\/a>)<\/strong><\/li>\n<li><strong>Multiplication par 8 des points atypiques de plus de 6 V\/m. \u00ab Si dans son dernier rapport l\u2019Anses a reconnu la r\u00e9alit\u00e9 des souffrance caus\u00e9es par cette pathologie, l\u2019association Priartem, qui lutte contre l\u2019\u00e9lectrosensibilit\u00e9, s\u2019inqui\u00e8te d\u00e9sormais du r\u00e9seau 5G. Selon certaines projections collect\u00e9es par l&rsquo;association, les points atypiques, des zones o\u00f9 l\u2019exposition prolong\u00e9e aux ondes pr\u00e9sente des risques, pourraient \u00eatre multipli\u00e9s par huit. (<a href=\"https:\/\/france3-regions.francetvinfo.fr\/nouvelle-aquitaine\/gironde\/bordeaux\/antennes-5g-bordeaux-metropole-se-questionnent-leur-implantation-veulent-debat-public-septembre-1862570.html\">https:\/\/france3-regions.francetvinfo.fr\/nouvelle-aquitaine\/gironde\/bordeaux\/antennes-5g-bordeaux-metropole-se-questionnent-leur-implantation-veulent-debat-public-septembre-1862570.html<\/a>). \u00ab L\u2019ANFR consid\u00e8re qu\u2019un point est atypique si son niveau global d\u2019exposition atteint ou d\u00e9passe 6 V\/m et s\u2019il se situe dans des locaux d&rsquo;habitation ou des lieux accessibles au public. Pour la troisi\u00e8me ann\u00e9e cons\u00e9cutive, l\u2019ANFR publie un bilan des points atypiques ainsi que leur trajectoire de r\u00e9sorption \u00bb. <a href=\"https:\/\/www.anfr.fr\/toutes-les-actualites\/actualites\/lanfr-publie-la-liste-des-points-atypiques-recenses-en-2019-lieux-ou-le-niveau-dexposition-aux-ondes-radioelectriques-est-plus-eleve\/#:~:text=L'ANFR%20consid%C3%A8re%20qu'un,que%20leur%20trajectoire%20de%20r%C3%A9sorption\">https:\/\/www.anfr.fr\/toutes-les-actualites\/actualites\/lanfr-publie-la-liste-des-points-atypiques-recenses-en-2019-lieux-ou-le-niveau-dexposition-aux-ondes-radioelectriques-est-plus-eleve\/#:~:text=L&rsquo;ANFR%20consid%C3%A8re%20qu&rsquo;un,que%20leur%20trajectoire%20de%20r%C3%A9sorption<\/a><\/strong><\/li>\n<li><strong>\u00ab\u00a0Nous refusons le r\u00eave d\u2019Ericsson pour qui la 5G ouvrira \u00e0 la \u00ab smart surveillance \u00bb un march\u00e9 de 47 milliards de dollars d\u2019ici 2026. Nous refusons que la vid\u00e9osurveillance puisse repr\u00e9senter le march\u00e9 le plus important des objets connect\u00e9s permis par la 5G, estim\u00e9 \u00e0 70% en 2020, puis 32% en 2023\u00a0\u00bb <a href=\"https:\/\/www.laquadrature.net\/2020\/10\/09\/brisons-le-totem-de-la-5g\/\">https:\/\/www.laquadrature.net\/2020\/10\/09\/brisons-le-totem-de-la-5g\/<\/a><\/strong><\/li>\n<li><strong>Il existe deux mani\u00e8res de d\u00e9ployer la 5G qui aboutissent de facto \u00e0 deux types de 5G : \u25ba1 &#8211; le mode Non-StandAlone (NSA) qui s\u2019appuie sur les structures les r\u00e9seaux existants en UHF Ultra Hautes Fr\u00e9quences centim\u00e9triques micro-ondes MHz jusqu\u2019\u00e0 2,68 GHz notamment en interconnections avec ceux des RAN (R\u00e9seau Acc\u00e8s Radio) de la 3G\/LTE(4G) et qui repr\u00e9sente une solution partielle et financi\u00e8rement attractive pour les op\u00e9rateurs en boostant les capacit\u00e9s et les d\u00e9bits \u25baEn cours de d\u00e9ploiement actuellement en France. \u25ba2 &#8211; Par contre le mode StandAlone (SA) qui est totalement nouveau est le vrai r\u00e9seau 5G appel\u00e9 5G Coeur (5GC) demande une infrastructure sp\u00e9cifique de masse (antennes relais tous les 100m), appel\u00e9e massive MiMo acronyme de (Multiple-in Multiple-out), technique qui utilise des centaines d\u2019antennes relais afin de multiplier simultan\u00e9ment les entr\u00e9es et sorties ceci afin de renforcer significativement le signal et les d\u00e9bits tout en r\u00e9duisant les interf\u00e9rences, la latence, etc &#8230; La 5G Coeur (5GC) utilise les fr\u00e9quences millim\u00e9triques micro-ondes des spectres des SHF acronyme de Supers Hautes Fr\u00e9quences de 3 GHz \u00e0 30 GHz, mais aussi celles des EHF Extr\u00eamement Hautes Fr\u00e9quences dans le d\u00e9but de la bande de 30 GHz \u00e0 60 GHz, les EHF allant jusqu\u2019\u00e0 300 GHz, puis c\u2019est la fin du spectre artificiel micro-ondes, avec le d\u00e9but du retour de la bande naturelle du spectre avec les infrarouges. La 5GC sera d\u00e9ploy\u00e9e uniquement et progressivement dans des aires g\u00e9ographiques limit\u00e9es notamment en zones urbaines et axes routiers (voitures autonomes), elle n\u00e9cessitera aussi des terminaux (t\u00e9l\u00e9phones mobiles) sp\u00e9cifiques pour la migration des utilisateurs vers la 5GC. <em>(Dossier 5G et 5GC, Serge Sargentini, Next-up Organisation 18 08 2020)<\/em><\/strong><\/li>\n<li><strong>L&rsquo;ann\u00e9e derni\u00e8re, le Conseil FTTH Europe a r\u00e9alis\u00e9 une \u00e9tude sur les \u00e9conomies r\u00e9alis\u00e9es, qui a r\u00e9v\u00e9l\u00e9 qu&rsquo;entre 65 et 96 % des co\u00fbts de la fibre optique pour la construction du r\u00e9seau d&rsquo;acc\u00e8s radio RAN 5G pourraient \u00eatre \u00e9limin\u00e9s en d\u00e9ployant un r\u00e9seau de fibre optique convergent optimis\u00e9 et \u00e9volutif<\/strong>\u00a0 (Cit\u00e9 par Next-up, idem ci-dessus, <a href=\"https:\/\/www.ftthcouncil.eu\/documents\/COM-190313-FibreFor5G-ConvergenceStudy-Presentation-RafMeersman%20-%20v4%20-%20publish.pdf)\"><em>https:\/\/www.ftthcouncil.eu\/documents\/COM-190313-FibreFor5G-ConvergenceStudy-Presentation-RafMeersman%20-%20v4%20-%20publish.pdf)<\/em><\/a><\/li>\n<li><strong>\u00a0Le CRIIREM explique que\u00a0 la technologie 5G, c\u2019est la technologie utilis\u00e9e par les radars civils et militaires : <\/strong><strong>2\u00b0) D\u00e8s 1980, le symposium international \u00ab Electromagnetic Waves and Biology \u00bb de Jouy-en-Josas organis\u00e9 par l\u2019Union Radio Scientifique Internationale (URSI), le Centre National de Recherche Scientifique (CNRS), l\u2019International Radiation Protection Association (IRPA), la Bioelectromagnetics Society (BEMS-USA) et l\u2019Organisation Mondiale de la Sant\u00e9, faisait \u00e9tat de r\u00e9sultats alarmants concernant les effets athermiques des rayonnements \u00e9mis par les Radars.<\/strong><strong>Des \u00e9tudes ont \u00e9t\u00e9 pr\u00e9sent\u00e9es, elles concluaient que l\u2019exposition n\u00e9onatale aux hyperfr\u00e9quences Radars\u00a0perturbait d\u00e9finitivement chez l\u2019animal devenu adulte la physiologie de la reproduction, la physiologie de l\u2019adaptation au Stress et portait aussi atteinte \u00a0au syst\u00e8me neurov\u00e9g\u00e9tatif hypothalamique.<\/strong><strong>De plus, le Bureau International du Travail (BIT) de Gen\u00e8ve dans son opuscule 57 sur la protection des travailleurs contre les rayonnements des hyperfr\u00e9quences des Radars indiquait que les effets athermiques probables chez l\u2019homme correspondent \u00e0 ceux prouv\u00e9s par l\u2019exp\u00e9rimentation animale, notamment pour ce qui est des impacts sur l\u2019oeil (cataracte et l\u00e9sions r\u00e9tiniennes), sur l\u2019audition (effet Frey), sur la reproduction et les effets g\u00e9n\u00e9tiques.<\/strong><strong>Finalement le BIT concluait que les effets observ\u00e9s et les effets probables doivent \u00eatre consid\u00e9r\u00e9s comme dangereux et donc que la s\u00e9curit\u00e9 sanitaire devait \u00eatre renforc\u00e9e par un facteur additionnel.<\/strong><strong>Aujourd\u2019hui, le Rapport sur l\u2019attaque par hyperfr\u00e9quences de l\u2019Ambassade Am\u00e9ricaine \u00e0 Moscou est d\u00e9classifi\u00e9. Il r\u00e9v\u00e8le que les employ\u00e9s avaient \u00e9t\u00e9 expos\u00e9s chroniquement pendant 9 heures par jour \u00e0 des faibles signaux Radars allant de 9 \u00e0 19 V\/m.\u00a0Des aberrations chromosomiques et des taux de leuc\u00e9mies \u00e9lev\u00e9es avaient \u00e9t\u00e9 d\u00e9tect\u00e9s chez les enfants et les adultes\u00a0expos\u00e9s dans l\u2019Ambassade Am\u00e9ricaine.<\/strong><strong>De plus, ce Rapport met fin \u00e0 la controverse sur le syndrome des micro-ondes ou maladie des hyperfr\u00e9quences affectant certains travailleurs et\u00a0 militaires. Il corrobore aussi le fait que l\u2019OMS classe les hyperfr\u00e9quences ou micro-ondes dans le groupe 2B des agents canc\u00e9rog\u00e8ne et que leurs effets sont r\u00e9pertori\u00e9s dans la Classification Internationale des Maladies au chapitre XII en index L57-8 et L58-9.\u00a0 <a href=\"https:\/\/www.criirem.org\/5g\/5g-radars-cem.\">https:\/\/www.criirem.org\/5g\/5g-radars-cem.<\/a><\/strong><\/li>\n<li><strong>\u00ab\u00a0\u00a0Un d\u00e9ploiement de la 5G sur tout le territoire se traduirait par une augmentation des \u00e9missions hexagonales de CO2 de 6,7 millions de tonnes de CO2, soit dix fois les \u00e9missions de gaz \u00e0 effet de serre de l&rsquo;ensemble de l&rsquo;\u00e9clairage publique ou pr\u00e8s d&rsquo;une fois et demie les \u00e9missions de gaz \u00e0 effet de serre du transport int\u00e9rieur a\u00e9rien ! Selon le Haut Conseil pour le Climat, la consommation \u00e9lectrique suppl\u00e9mentaire avoisinerait 17 \u00e0 40 TWh d&rsquo;ici 2030, soit la production de 3 \u00e0 7 r\u00e9acteurs nucl\u00e9aires \u00bb <span style=\"font-size: small;\">(Communiqu\u00e9 de presse Priartem 19 d\u00e9cembre 2020. Rapport du Haut conseil pour le climat sur la 5 G)<\/span><\/strong><\/li>\n<li><strong>En zone rurale : ce sont des antennes 4G\/5G utilisant le 700 Mhz qui sont utilis\u00e9es. C&rsquo;est ce qui s&rsquo;appelle du \u00ab\u00a0refarming\u00a0\u00bb : l&rsquo;utilisation de fr\u00e9quences d\u00e9j\u00e0 attribu\u00e9es pour une utilisation en 5G (principe de neutralit\u00e9 technologique des attributions de fr\u00e9quences). Les op\u00e9rateurs ont la possibilit\u00e9 logicielle de faire, sur la m\u00eame antenne, de la 4G et de la 5G. Quelles sont les impacts sur les puissances, modulation, sur l&rsquo;exposition ? pas de r\u00e9ponses r\u00e9ellement convaincantes. On essaye de nous faire croire qu&rsquo;on va cumuler 4G et 5G sur une m\u00eame antenne sans augmentation de l&rsquo;exposition. Mais oui, bien s\u00fbr ! Le profil de l&rsquo;exposition va n\u00e9cessairement \u00e9voluer \u00e0 la hausse, dans la dur\u00e9e, dans les niveaux. Mais pour l&rsquo;instant, on n&rsquo;a aucune donn\u00e9e \u00e0 se mettre sous la dent.<\/strong><\/li>\n<\/ul>\n<p>&nbsp;<\/p>\n<p>&nbsp;<\/p>\n<h1 style=\"text-align: center;\">&#8230;&#8230;&#8230;&#8230;&#8230;&#8230;&#8230;&#8230;<\/h1>\n<p>&nbsp;<\/p>\n<h1 style=\"text-align: center;\"><strong>Pistes juridiques contre la 5G<\/strong><\/h1>\n<p>&nbsp;<\/p>\n<p>&nbsp;<\/p>\n<p style=\"text-align: center;\">Le livre de Ma\u00eetre Cachard, doyen honoraire de la facult\u00e9 de Nancy,\u00a0 <em><strong>\u00ab Le droit face aux ondes \u00e9lectromagn\u00e9tiques \u00bb<\/strong>,<\/em> ed Lexis Nexis 2016<\/p>\n<p style=\"text-align: center;\">A compl\u00e9ter par l&rsquo;indispensable<\/p>\n<h2 style=\"text-align: center;\"><strong>*article de Ma\u00eetre Cachard sur 20 ann\u00e9es de r\u00e9gulations d&rsquo;antennes-relais<\/strong><\/h2>\n<h2 style=\"text-align: center;\"><a href=\"https:\/\/ccaves.org\/blog\/wp-content\/uploads\/regultation-antenne-relai-cachard-3g-5g-23.pdf\" target=\"_blank\" rel=\"noopener\">Lire ici<\/a><\/h2>\n<p>&nbsp;<\/p>\n<p style=\"text-align: center;\">Et par son article<\/p>\n<h2 style=\"text-align: center;\">*\u00a0\u00bb<strong><em>La preuve des risques associ\u00e9s \u00e0 l&rsquo;exposition aux champs \u00e9lectromagn\u00e9tiques\u00a0\u00bb<\/em><\/strong>,<\/h2>\n<p style=\"text-align: center;\">Lexis Nexis, La semaine Juridiques, 11 septembre 2017 N.37<\/p>\n<h2 style=\"text-align: center;\"><a href=\"https:\/\/ccaves.org\/blog\/wp-content\/uploads\/Preuverisques.pdf\" target=\"_blank\" rel=\"noopener\">Lire ici<\/a><\/h2>\n<p>&nbsp;<\/p>\n<p>&nbsp;<\/p>\n<h2 style=\"text-align: center;\"><strong>*Fiche de synth\u00e8se de Robin des Toits<\/strong><\/h2>\n<p style=\"text-align: center;\"><a href=\"https:\/\/ccaves.org\/blog\/wp-content\/uploads\/FICHE-DE-SYNTHESE-RDT-final-vers-Antennes-relais.pdf\" target=\"_blank\" rel=\"noopener\">Lire ici<\/a><\/p>\n<p>&nbsp;<\/p>\n<h2 style=\"text-align: center;\"><strong>&#8230;&#8230;&#8230;&#8230;&#8230;&#8230;&#8230;&#8230;&#8230;<\/strong><\/h2>\n<p>&nbsp;<\/p>\n<h1 style=\"text-align: center;\"><strong>Elu.e.s et habitant.e.s prenez exemple la commune de Plerin <\/strong><\/h1>\n<h1 style=\"text-align: center;\"><strong>qui gr\u00e2ce \u00e0 l&rsquo;application de son PLU <\/strong><\/h1>\n<h1 style=\"text-align: center;\"><strong>a prit un Arr\u00eat\u00e9 d&rsquo;opposition \u00e0 la d\u00e9claration pr\u00e9alable d\u00e9pos\u00e9 par l&rsquo;op\u00e9rateur.<\/strong><\/h1>\n<h1 style=\"text-align: center;\"><strong>La Cour Administrative d&rsquo;Appel de Nantes en f\u00e9vrier 2020 <\/strong><\/h1>\n<h1 style=\"text-align: center;\"><strong>a donn\u00e9 raison \u00e0 cette commune<\/strong><\/h1>\n<h2 style=\"text-align: center;\"><a href=\"https:\/\/ccaves.org\/blog\/wp-content\/uploads\/arrete-opposition-DP-ORANGE-rue-Lequier-1.pdf\" target=\"_blank\" rel=\"noopener\"><strong>Lire ici l&rsquo;Arr\u00eat\u00e9 d&rsquo;opposition<\/strong><\/a><\/h2>\n<h2 style=\"text-align: center;\"><a href=\"https:\/\/ccaves.org\/blog\/wp-content\/uploads\/CAA-de-NANTES-5eme-chambre-07-02-2020-19NT00771-1.pdf\"><strong>Lire ici la jurisprudence de Nantes<\/strong><\/a><\/h2>\n<h2 style=\"text-align: center;\"><\/h2>\n<p style=\"text-align: center;\">&#8230;&#8230;&#8230;&#8230;&#8230;&#8230;&#8230;&#8230;&#8230;&#8230;.<\/p>\n<p>&nbsp;<\/p>\n<h1 style=\"text-align: center;\"><strong>Ramonville (31), exemple d&rsquo;une mairie face \u00e0 des op\u00e9rateurs<\/strong><\/h1>\n<p style=\"text-align: center;\"><a href=\"https:\/\/www.ramonville.fr\/votre-ville\/cadre-de-vie\/rencontres-publiques-5g\">https:\/\/www.ramonville.fr\/votre-ville\/cadre-de-vie\/rencontres-publiques-5g<\/a><\/p>\n<p>&nbsp;<\/p>\n<p>Les pouvoirs du maire en mati\u00e8re de police sp\u00e9ciale de l\u2019urbanisme et ceux de la commune en mati\u00e8re de planification d\u2019urbanisme sont \u00e9galement restreints m\u00eame si les op\u00e9rateurs de t\u00e9l\u00e9phonie mobile doivent respecter l\u2019ensemble des prescriptions du code de l\u2019urbanisme et des documents d\u2019urbanisme.<\/p>\n<p>L\u2019implantation comme la modification substantielle d\u2019antennes-relais de radiot\u00e9l\u00e9phonie sont soumises \u00e0 autorisation d\u2019urbanisme et doivent faire l\u2019objet d\u2019un d\u00e9p\u00f4t de d\u00e9claration pr\u00e9alable ou de demande de permis de construire. Les modifications mineures des installations \u00e9chappent \u00e0 cette contrainte.<\/p>\n<hr \/>\n<h4>D\u00e9marches des op\u00e9rateurs<\/h4>\n<p><strong>Le d\u00e9ploiement de la 5G ne n\u00e9cessite pas obligatoirement l\u2019installation de nouvelles antennes ou de modification substantielle de l\u2019antenne. L\u2019installation d\u2019un simple bo\u00eetier \u00e9lectronique sur une antenne d\u00e9j\u00e0 existante peut suffire.<\/strong><\/p>\n<p>Dans le cas d\u2019un projet de nouvelle implantation d\u2019antenne ou d\u2019une modification substantielle d\u2019une antenne relais n\u00e9cessitant une autorisation aupr\u00e8s de l\u2019Agence nationale des Fr\u00e9quences (ANFR), les op\u00e9rateurs doivent informer le maire par l\u2019envoi d\u2019un dossier d\u2019information mairie (DIM).<\/p>\n<p>Ce DIM est adress\u00e9 au maire dans un d\u00e9lai d\u2019un mois avant la date de d\u00e9p\u00f4t de la demande de permis de construire, de d\u00e9claration pr\u00e9alable ou de tout d\u00e9but des travaux si le projet ne n\u00e9cessite aucune autorisation d\u2019urbanisme.<\/p>\n<hr \/>\n<h4>D\u00e9marche de la mairie<\/h4>\n<ul>\n<li>Le dossier d\u2019information mairie doit \u00eatre mis \u00e0 la disposition de la population de la commune au plus tard 10 jours apr\u00e8s la r\u00e9ception du dossier en mairie.<\/li>\n<li>Dans les 8 jours \u00e0 compter de la r\u00e9ception du dossier, le maire peut demander une simulation de l\u2019exposition aux champs \u00e9lectromagn\u00e9tiques g\u00e9n\u00e9r\u00e9e par l\u2019installation concern\u00e9e. Si une simulation est demand\u00e9e, elle doit \u00eatre rendue publique dans les 10 jours apr\u00e8s r\u00e9ception.<\/li>\n<li>Le maire a la possibilit\u00e9 de recueillir les observations des habitant\u00b7es sur le sujet sans que cela ne soit pour autant une obligation (lire ci-dessous D\u00e9marches des citoyen\u00b7nes).<\/li>\n<li>La mairie a \u00e9galement la possibilit\u00e9 de signer une charte relative \u00e0 l\u2019implantation des antennes relais avec les op\u00e9rateurs afin d\u2019\u00e9tablir un cadre de concertation sur leur implantation et l\u2019exposition de la population communale aux champs \u00e9lectromagn\u00e9tiques. Cette id\u00e9e est actuellement en cours de travail, dans le cadre de l\u2019organisation d\u2019un cycle de rencontres publiques qui permettront de recenser les attentes des citoyen\u00b7nes et de la commune \u00e0 int\u00e9grer dans cette charte.<\/li>\n<\/ul>\n<p>La port\u00e9e juridique de ces conventions est limit\u00e9e puisque leurs dispositions sont inopposables aux d\u00e9cisions administratives prise par les autorit\u00e9s comp\u00e9tentes en mati\u00e8re d\u2019implantation des antennes-relais.<\/p>\n<hr \/>\n<h4>D\u00e9marches des citoyen\u00b7nes<\/h4>\n<p><strong>Dans une d\u00e9marche de transparence et d\u2019information, la mairie de Ramonville souhaite permettre aux Ramonvilloi\u00b7ses de s\u2019exprimer sur les demandes des op\u00e9rateurs.<\/strong><\/p>\n<p>Les observations formul\u00e9es par la population doivent \u00eatre fournies sous 3 semaines \u00e0 la mairie qui les transmettra \u00e0 l\u2019instance de concertation d\u00e9partementale.<br \/>\nCette instance est r\u00e9unie par le Pr\u00e9fet du d\u00e9partement de sa propre initiative ou \u00e0 la demande du maire lorsqu\u2019il estime qu\u2019une m\u00e9diation est requise concernant une installation radio \u00e9lectrique existante ou projet\u00e9e. Une demande de m\u00e9diation a \u00e9t\u00e9 formul\u00e9e aupr\u00e8s de M. le Pr\u00e9fet par M. le Maire le 21 d\u00e9cembre 2020, sans avoir re\u00e7u de r\u00e9ponse \u00e0 ce jour (22 f\u00e9vrier 2021).<\/p>\n<p>* Composition de l\u2019instance d\u00e9partementale\u00a0: le Pr\u00e9fet, repr\u00e9sentants des services d\u00e9concentr\u00e9s de l\u2019\u00c9tat, collectivit\u00e9 territoriale concern\u00e9e, des associations, Agence r\u00e9gionale de sant\u00e9, des bailleurs.<\/p>\n<hr \/>\n<h4>Comment faire\u00a0?<\/h4>\n<p>Vous trouverez ci-dessous :<\/p>\n<ul>\n<li>les courriers des op\u00e9rateurs pour chaque demande.<\/li>\n<li>les \u00e9ventuels courriers du maire relatifs aux demandes compl\u00e9mentaires comme la simulation de l\u2019exposition aux champs \u00e9lectromagn\u00e9tiques g\u00e9n\u00e9r\u00e9e par l\u2019installation concern\u00e9e).<\/li>\n<li>Les courriers des op\u00e9rateurs, en r\u00e9ponse aux demandes compl\u00e9mentaires \u00e9mises par la mairie.<\/li>\n<\/ul>\n<p>&nbsp;<\/p>\n<p>Vous pouvez formuler des observations pour chaque demande des op\u00e9rateurs :<\/p>\n<ul>\n<li>dans\u00a0<strong>un d\u00e9lai de 21 jours \u00e0 compter de la date de r\u00e9ception indiqu\u00e9e<\/strong><\/li>\n<li>par\u00a0<strong>mail \u00e0 l&rsquo;adresse :\u00a0<span id=\"cloak1afab50dab96b290163485e3f4c18bf7\"><a href=\"&#109;&#x61;&#x69;l&#116;&#x6f;&#x3a;s&#101;&#x63;t&#101;&#x75;&#x72;&#46;&#117;&#x72;b&#97;&#x6e;&#x69;s&#109;&#x65;&#x40;&#109;&#x61;&#x69;r&#105;&#x65;&#x2d;r&#97;&#x6d;o&#110;&#x76;&#x69;l&#108;&#x65;&#46;&#102;&#x72;\">s&#101;&#99;&#x74;&#x65;u&#114;&#46;&#x75;&#x72;&#x62;a&#110;&#105;&#x73;&#x6d;e&#64;&#109;&#x61;&#x69;&#x72;i&#101;&#45;&#x72;&#x61;mo&#110;&#x76;&#x69;&#x6c;l&#101;&#46;&#x66;&#x72;<\/a><\/span><\/strong><\/li>\n<\/ul>\n<p><a class=\"bouton\" href=\"https:\/\/www.ramonville.fr\/mediatheque\/documents\/Votre-Ville\/cadre_de_vie\/5G\/Courrier_001_-_Re%C3%A7u_le_11_Mars_2021_-_Op%C3%A9rateur_Free_Mobile_BD.pdf\" target=\"_blank\" rel=\"noopener\">COURRIER N\u00b0001 &#8211; RE\u00c7U LE 11.03.2021 &#8211; OP\u00c9RATEUR FREE MOBILE<\/a><\/p>\n<p><a class=\"bouton\" href=\"https:\/\/www.ramonville.fr\/mediatheque\/documents\/Votre-Ville\/cadre_de_vie\/5G\/Courrier_Mairie_001_-_Informations_compl%C3%A9mentaires_au_courrier_du_11_mars_2021_-_Free_Mobile.pdf\" target=\"_blank\" rel=\"noopener\">COURRIER MAIRIE N\u00b0001 &#8211; DEMANDE INFORMATIONS COMPL\u00c9MENTAIRES 16.03.2021 &#8211; FREE MOBILE<\/a><\/p>\n<p>&nbsp;<\/p>\n<p>&nbsp;<\/p>\n<p style=\"text-align: center;\">&#8230;&#8230;&#8230;&#8230;&#8230;&#8230;&#8230;&#8230;&#8230;&#8230;&#8230;..<\/p>\n<p>&nbsp;<\/p>\n<h1 style=\"text-align: center;\"><strong>\u00a0Sam\u00e9on, ANTENNES-RELAIS<\/strong><\/h1>\n<h1 style=\"text-align: center;\"><strong> PREMI\u00c8RES PRISES EN COMPTE DES PAYSAGES<\/strong><\/h1>\n<p>&nbsp;<\/p>\n<div>\n<h1 id=\"m_-9169499206132357298m_-5043722275670136604gmail-mainContent\" style=\"text-align: center;\">Pourquoi le combat de Sam\u00e9on contre \u00ab\u00a0l&rsquo;antenne Free\u00a0\u00bb de TDF pourrait faire des \u00e9mules en France<\/h1>\n<\/div>\n<div style=\"text-align: center;\"><a href=\"https:\/\/france3-regions.francetvinfo.fr\/hauts-de-france\/nord-0\/pourquoi-combat-sameon-contre-antenne-free-tdf-pourrait-faire-emules-france-1617961.html\" target=\"_blank\" rel=\"noopener\" data-saferedirecturl=\"https:\/\/www.google.com\/url?q=https:\/\/france3-regions.francetvinfo.fr\/hauts-de-france\/nord-0\/pourquoi-combat-sameon-contre-antenne-free-tdf-pourrait-faire-emules-france-1617961.html&amp;source=gmail&amp;ust=1613818299831000&amp;usg=AFQjCNEhhMU7peWM4igi_FLmc9X1lTS1VQ\">https:\/\/france3-regions.<wbr \/>francetvinfo.fr\/hauts-de-<wbr \/>france\/nord-0\/pourquoi-combat-<wbr \/>sameon-contre-antenne-free-<wbr \/>tdf-pourrait-faire-emules-<wbr \/>france-1617961.html<\/a><\/div>\n<div style=\"text-align: center;\">(&#8230;)<\/div>\n<div style=\"text-align: center;\">Le propri\u00e9taire du terrain a beau avoir donn\u00e9 son accord, le maire (Divers droite) Yves Lefebvre, lui, d\u00e9pose un arr\u00eat\u00e9 d&rsquo;opposition. \u00ab\u00a0Lorsqu\u2019une d\u00e9claration pr\u00e9alable est d\u00e9pos\u00e9e, le maire peut ne rien dire \u2013 et au bout d\u2019un mois c\u2019est accept\u00e9 \u2013 ou bien prendre un avis d\u2019opposition\u00a0\u00bb explique Me Manuel Gros. \u00ab\u00a0TDF a attaqu\u00e9 cet avis d\u2019opposition.\u00a0\u00bb<\/div>\n<div style=\"text-align: center;\">(&#8230;)<\/div>\n<div style=\"text-align: center;\">L&rsquo;arr\u00eat\u00e9 pris par la mairie s&rsquo;appuie notamment sur le fait que \u00ab\u00a0<em>l&rsquo;urgence\u00a0<\/em>[de l&rsquo;installation]\u00a0<em>n\u2019est pas caract\u00e9ris\u00e9e d\u00e8s lors que\u00a0<strong>la commune jouit d\u00e9j\u00e0 d\u2019une tr\u00e8s bonne couverture r\u00e9seau 3G et 4G et d\u2019une excellente desserte en fibre optique<\/strong>\u00a0et tr\u00e8s haut d\u00e9bit<\/em>\u00ab\u00a0. Mais aussi sur le fait que \u00ab\u00a0<em>le projet est de nature \u00e0 porter atteinte \u00e0 son environnement par son volume et sa localisatio<\/em>n\u00a0\u00bb, peut-on lire dans l&rsquo;ordonnance rendue par le juge des r\u00e9f\u00e9r\u00e9s du tribunal administratif de Lille.<\/div>\n<div style=\"text-align: center;\">\u00a0(&#8230;.)<\/div>\n<div style=\"text-align: center;\">Pourtant, le parc naturel Scarpe-Escaut, sur lequel se trouve la commune a bel et bien rendu un avis d\u00e9favorable au projet. En fin de compte, le juge des r\u00e9f\u00e9r\u00e9s a tranch\u00e9 le\u00a0<strong>24 janvier<\/strong>\u00a0en rejetant la requ\u00eate de TDF et en le condamnant \u00e0 verser\u00a0<strong>1500 euros \u00e0 la commune de Sam\u00e9on.<\/strong><\/div>\n<div style=\"text-align: center;\">(&#8230;)<\/div>\n<div style=\"text-align: center;\">\u00ab\u00a0<em><strong>C\u2019est la premi\u00e8re fois\u00a0<\/strong>\u00e0 ma connaissance\u00a0<strong>que le juge retient le crit\u00e8re paysager<\/strong>, du moins dans la r\u00e9gion<\/em>\u00a0\u00bb\u00a0 confie M<sup>e<\/sup>\u00a0Gros.\u00a0 \u00ab\u00a0<em>On ne juge pas sur le fond, que sur l&rsquo;aspect de l&rsquo;atteinte au paysage<\/em>\u00ab\u00a0<em>\u00a0<\/em>se r\u00e9jouit de son c\u00f4t\u00e9 Thierry Hot, de l&rsquo;APRESam\u00e9on.\u00a0<em>C&rsquo;est le seul argument qui a \u00e9t\u00e9 retenu par le tribunal administratif de Lille.\u00a0<strong>C&rsquo;est fou comme truc !<\/strong><\/em>\u00ab\u00a0<\/div>\n<div style=\"text-align: center;\"><\/div>\n<div style=\"text-align: center;\"><\/div>\n<div style=\"text-align: center;\">&#8230;&#8230;&#8230;&#8230;&#8230;&#8230;&#8230;&#8230;&#8230;&#8230;<wbr \/>&#8230;&#8230;&#8230;&#8230;&#8230;&#8230;&#8230;&#8230;&#8230;&#8230;<wbr \/>&#8230;&#8230;&#8230;&#8230;&#8230;&#8230;&#8230;.<\/div>\n<div><\/div>\n<h2 style=\"text-align: center;\"><strong>Antennes-relais<\/strong><br \/>\n<strong>Premi\u00e8res prises en compte des paysages des Hauts de France.<\/strong><\/h2>\n<div style=\"text-align: center;\"><\/div>\n<div style=\"text-align: center;\"><a href=\"http:\/\/www.cabinet-gros-hicter.fr\/fr\/notre-jurisprudence\/precisions-jurisprudentielles\/antennes-relais-premieres-prises-en-compte-des\" target=\"_blank\" rel=\"noopener\" data-saferedirecturl=\"https:\/\/www.google.com\/url?q=http:\/\/www.cabinet-gros-hicter.fr\/fr\/notre-jurisprudence\/precisions-jurisprudentielles\/antennes-relais-premieres-prises-en-compte-des&amp;source=gmail&amp;ust=1613818299831000&amp;usg=AFQjCNGdnG8o_N60RRWhJBicC-uNBB7rHw\">http:\/\/www.cabinet-gros-<wbr \/>hicter.fr\/fr\/notre-<wbr \/>jurisprudence\/precisions-<wbr \/>jurisprudentielles\/antennes-<wbr \/>relais-premieres-prises-en-<wbr \/>compte-des<\/a><\/div>\n<div style=\"text-align: center;\"><\/div>\n<div style=\"text-align: center;\">\n<p>Par une ordonnance en date du 24 janvier 2019 rejetant la demande de suspension de la d\u00e9cision d\u2019opposition \u00e0 d\u00e9claration pr\u00e9alable pr\u00e9sent\u00e9e par la soci\u00e9t\u00e9 TDF sur la commune de Sam\u00e9on, le juge des r\u00e9f\u00e9r\u00e9s du tribunal administratif de Lille a consacr\u00e9, sur le territoire pourtant souvent sous-estim\u00e9, de la r\u00e9gion Hauts\u00a0 de France, un principe essentiel de protection des paysages au regard des atteintes port\u00e9es par les antennes relais.<\/p>\n<p>Le juge des r\u00e9f\u00e9r\u00e9s de Lille, dans cette d\u00e9cision courageuse, reconna\u00eet qu\u2019un projet d\u2019antenne \u00ab e<em>st de nature \u00e0 porter atteint \u00e0 son environnement par son volume et sa localisation, en m\u00e9connaissance des dispositions des articles R 111 \u2013 27 du code de l\u2019urbanisme<\/em>\u00a0. \u00bb<br \/>\nCette prise en compte du paysage, sans \u00eatre une premi\u00e8re, est importante dans notre r\u00e9gion.<br \/>\nEn effet les op\u00e9rateurs invoquent souvent l\u2019absence de caract\u00e8re exceptionnel du paysage des Hauts de France.<br \/>\nEn l\u2019esp\u00e8ce concern\u00e9e, la commune de Sam\u00e9on, le paysage est un simple paysage rural, le village de Sam\u00e9on \u00e9tant un village rural \u00ab ordinaire \u00bb, et typique des paysages du parc naturel de l\u2019Escaut, caract\u00e9ris\u00e9 par une absence d\u2019immeuble de hauteur et une certaine forme de douceur paysag\u00e8re.<br \/>\nC\u2019est exactement l\u2019application par le juge des r\u00e9f\u00e9r\u00e9s de la jurisprudence en la mati\u00e8re.<\/p>\n<p>Par une ordonnance n\u00b01900166 du 11 f\u00e9vrier 2019\u00a0 ordonnant cette fois la suspension de la d\u00e9cision de non opposition \u00e0 d\u00e9claration pr\u00e9alable pr\u00e9sent\u00e9e par la soci\u00e9t\u00e9 TDF sur la commune de Bourghelles, le juge des r\u00e9f\u00e9r\u00e9s du tribunal administratif de Lille a \u00e0 nouveau consacr\u00e9, sur le territoire pourtant souvent sous-estim\u00e9, de la r\u00e9gion eau de France, un principe essentiel de protection des paysages au regard des atteintes port\u00e9es par les antennes relais.<br \/>\nIl y a\u00a0 ajout\u00e9 une application dans l\u2019hypoth\u00e8se de concordance entre r\u00e8gles du code l\u2019urbanisme (R 111-27 ) et r\u00e8gles du PLU.<\/p>\n<\/div>\n<div style=\"text-align: center;\">&#8230;&#8230;&#8230;&#8230;&#8230;&#8230;&#8230;&#8230;&#8230;&#8230;<wbr \/>&#8230;&#8230;&#8230;&#8230;&#8230;&#8230;&#8230;&#8230;&#8230;&#8230;<wbr \/>&#8230;&#8230;&#8230;&#8230;&#8230;&#8230;<\/div>\n<div><\/div>\n<div>\n<h1 style=\"text-align: center;\">T\u00c9L\u00c9PHONIE MOBILE\u00a0: LES ANTENNES- RELAIS LIMIT\u00c9ES PAR LE PAYSAGE.<\/h1>\n<\/div>\n<div style=\"text-align: center;\"><\/div>\n<div style=\"text-align: center;\"><a href=\"https:\/\/www.village-justice.com\/articles\/telephonie-mobile-les-antennes-relais-limitees-par-paysage,34781.html\" target=\"_blank\" rel=\"noopener\" data-saferedirecturl=\"https:\/\/www.google.com\/url?q=https:\/\/www.village-justice.com\/articles\/telephonie-mobile-les-antennes-relais-limitees-par-paysage,34781.html&amp;source=gmail&amp;ust=1613818299831000&amp;usg=AFQjCNGQDOoKyZJZtQqBQZQWt4uZL7w5iw\">https:\/\/www.village-justice.<wbr \/>com\/articles\/telephonie-<wbr \/>mobile-les-antennes-relais-<wbr \/>limitees-par-paysage,34781.<wbr \/>html<\/a><\/div>\n<div>\n<blockquote><p>Les lignes de cr\u00eates, privil\u00e9gi\u00e9es par les op\u00e9rateurs de t\u00e9l\u00e9phonie mobile, pour installer les stations relais pr\u00e9sentent un enjeu paysager qui peut primer sur l\u2019objectif de couverture du territoire national et justifier un refus d\u2019autorisation d\u2019urbanisme.<\/p><\/blockquote>\n<\/div>\n<p style=\"text-align: center;\"><i>Par Adrien Colas, Avocat.<\/i><\/p>\n<div dir=\"ltr\" style=\"text-align: center;\" data-smartmail=\"gmail_signature\">\n<div dir=\"ltr\">\n<div dir=\"ltr\">\n<div><span class=\"gmail_default\">(&#8230;) <\/span>Cette relative bienveillance du droit de l\u2019urbanisme n\u2019a toutefois pas pour effet de conf\u00e9rer aux op\u00e9rateurs un blanc-seing leur permettant de s\u2019affranchir de toute exigence. C\u2019est pr\u00e9cis\u00e9ment ce que vient de rappeler le Tribunal Administratif de Rennes dans un jugement du 6 mars 2020\u00a0[<a id=\"m_-9169499206132357298m_-5043722275670136604gmail-nh2-2\" title=\"n\u00b01900151\" href=\"https:\/\/www.village-justice.com\/articles\/telephonie-mobile-les-antennes-relais-limitees-par-paysage,34781.html#nb2-2\" target=\"_blank\" rel=\"appendix noopener\" data-saferedirecturl=\"https:\/\/www.google.com\/url?q=https:\/\/www.village-justice.com\/articles\/telephonie-mobile-les-antennes-relais-limitees-par-paysage,34781.html%23nb2-2&amp;source=gmail&amp;ust=1613818299832000&amp;usg=AFQjCNG_WcBtUVib0h2AbH47kH0F7YMXLQ\">2<\/a>]\u00a0en faisant application de l\u2019article R.111-27 du code de l\u2019urbanisme.<\/div>\n<div>\n<p>Dans cette affaire, le Maire d\u2019une commune finist\u00e9rienne avait fait le choix de s\u2019opposer \u00e0 la d\u00e9claration pr\u00e9alable d\u00e9pos\u00e9e par un op\u00e9rateur en vue de l\u2019implantation d\u2019une station relais de t\u00e9l\u00e9phonie mobile, \u00e0 raison de son impact paysager. L\u2019op\u00e9rateur d\u00e9\u00e7u avait contest\u00e9 cette d\u00e9cision devant la juridiction administrative.<\/p>\n<\/div>\n<p dir=\"ltr\">L\u2019article R.111-27 du Code de l\u2019Urbanisme, ici appliqu\u00e9 par la collectivit\u00e9, pr\u00e9voit que \u00ab\u00a0<i>\u00a0Le projet peut \u00eatre refus\u00e9 ou n\u2019\u00eatre accept\u00e9 que sous r\u00e9serve de l\u2019observation de prescriptions sp\u00e9ciales si les constructions, par leur situation, leur architecture, leurs dimensions ou l\u2019aspect ext\u00e9rieur des b\u00e2timents ou ouvrages \u00e0 \u00e9difier ou \u00e0 modifier, sont de nature \u00e0 porter atteinte au caract\u00e8re ou \u00e0 l\u2019int\u00e9r\u00eat des lieux avoisinants, aux sites, aux paysages naturels ou urbains ainsi qu\u2019\u00e0 la conservation des perspectives monumentales.<\/i>\u00a0\u00bb<\/p>\n<div dir=\"ltr\">\n<p>Cette disposition, int\u00e9gr\u00e9e au R\u00e8glement National d\u2019Urbanisme et ainsi opposable sur l\u2019ensemble du territoire national, permet aux Maires de s\u2019opposer \u00e0 un projet de construction lorsque, compte tenu de sa localisation et de ses caract\u00e9ristiques, son int\u00e9gration dans le paysage ne serait pas assur\u00e9e. Pour son application, le Conseil d\u2019Etat a d\u00e9gag\u00e9 une grille d\u2019analyse en deux temps\u00a0[<a id=\"m_-9169499206132357298m_-5043722275670136604gmail-nh2-3\" title=\"par exemple : Conseil d\u2019Etat, 26 juillet 2018, n\u00b0411.386\" href=\"https:\/\/www.village-justice.com\/articles\/telephonie-mobile-les-antennes-relais-limitees-par-paysage,34781.html#nb2-3\" target=\"_blank\" rel=\"appendix noopener\" data-saferedirecturl=\"https:\/\/www.google.com\/url?q=https:\/\/www.village-justice.com\/articles\/telephonie-mobile-les-antennes-relais-limitees-par-paysage,34781.html%23nb2-3&amp;source=gmail&amp;ust=1613818299832000&amp;usg=AFQjCNGpMrt-kF1Dq21kGK-sYdLC7GV11w\">3<\/a>], aux termes de laquelle le service instructeur (et le juge administratif lorsqu\u2019il est saisi) doit\u00a0:<\/p>\n<ol>\n<li>\u00ab\u00a0<i>Appr\u00e9cier la qualit\u00e9 du site urbain ou naturel sur lequel la construction est projet\u00e9e<\/i>\u00a0\u00bb, c\u2019est-\u00e0-dire jauger la sensibilit\u00e9 paysag\u00e8re du secteur d\u2019implantation. Le d\u00e9faut de caract\u00e9risation d\u2019une telle sensibilit\u00e9 fait ainsi obstacle \u00e0 toute application de l\u2019article R.111-27 du C.U.\u00a0[<a id=\"m_-9169499206132357298m_-5043722275670136604gmail-nh2-4\" title=\"par exemple : CAA Marseille, 30 juin 2017, n\u00b016MA00614 \u00ab Consid\u00e9rant, d\u2019une\u00a0(...)\" href=\"https:\/\/www.village-justice.com\/articles\/telephonie-mobile-les-antennes-relais-limitees-par-paysage,34781.html#nb2-4\" target=\"_blank\" rel=\"appendix noopener\" data-saferedirecturl=\"https:\/\/www.google.com\/url?q=https:\/\/www.village-justice.com\/articles\/telephonie-mobile-les-antennes-relais-limitees-par-paysage,34781.html%23nb2-4&amp;source=gmail&amp;ust=1613818299832000&amp;usg=AFQjCNHpk5Z1oPMnKZnL4hFOM18Cu2-yxg\">4<\/a>].<\/li>\n<li>\u00ab\u00a0<i>Evaluer l\u2019impact que cette construction, compte tenu de sa nature et de ses effets, pourrait avoir sur le site<\/i>\u00a0\u00bb, c\u2019est-\u00e0-dire \u00e9valuer si le paysage pr\u00e9c\u00e9demment caract\u00e9ris\u00e9 sera affect\u00e9 par le projet au regard, notamment, de sa localisation et de ses caract\u00e9ristiques (dispositions prises pour assurer son insertion, tels que le volume, le choix des mat\u00e9riaux et coloris ou encore la plantation de v\u00e9g\u00e9taux).<\/li>\n<\/ol>\n<p><span style=\"color: #666666; font-family: Roboto, Helvetica, Arial, sans-serif;\">\u00a0<\/span><\/p>\n<p>Appliquant cette grille d\u2019analyse \u00e0 la situation qui lui \u00e9tait soumise, le Tribunal Administratif de Rennes a tout d\u2019abord admis que, bien que situ\u00e9 en dehors de tout zonage protecteur (en dehors des abords d\u2019un monument historique,\u2026), le terrain d\u2019assiette du projet int\u00e9grait une entit\u00e9 paysag\u00e8re sensible. Pour fonder cette appr\u00e9ciation, les magistrats ont retenu \u00e0 la fois la proximit\u00e9 avec un monument historique (alors m\u00eame que le projet est situ\u00e9 en dehors de son p\u00e9rim\u00e8tre de protection) et l\u2019existence de perspectives visuelles sur une vall\u00e9e caract\u00e9ris\u00e9e par un couvert bois\u00e9.\u00a0[<a id=\"m_-9169499206132357298m_-5043722275670136604gmail-nh2-5\" title=\"\u00ab Le terrain d\u2019assiette du projet, cadastr\u00e9 G 861, est situ\u00e9 lieu-dit L \u00e0 RM\u00a0(...)\" href=\"https:\/\/www.village-justice.com\/articles\/telephonie-mobile-les-antennes-relais-limitees-par-paysage,34781.html#nb2-5\" target=\"_blank\" rel=\"appendix noopener\" data-saferedirecturl=\"https:\/\/www.google.com\/url?q=https:\/\/www.village-justice.com\/articles\/telephonie-mobile-les-antennes-relais-limitees-par-paysage,34781.html%23nb2-5&amp;source=gmail&amp;ust=1613818299832000&amp;usg=AFQjCNEbI8KQM4s68zA_Yb-RiDo_8i1Muw\">5<\/a>]<\/p>\n<p><span style=\"color: #666666; font-family: Roboto, Helvetica, Arial, sans-serif;\">\u00a0<\/span><\/p>\n<div>\n<p>Evaluant ensuite les incidences du projet, la juridiction administrative rel\u00e8ve que le projet consiste \u00e0 \u00e9difier un pyl\u00f4ne d\u2019une quarantaine de m\u00e8tres de hauteur sur une des lignes de cr\u00eates formant la vall\u00e9e ainsi identifi\u00e9e. Compte tenu des caract\u00e9ristiques du secteur, ce pyl\u00f4ne sera alors la seule construction \u00e9mergeant du couvert bois\u00e9 de la vall\u00e9e.\u00a0[<a id=\"m_-9169499206132357298m_-5043722275670136604gmail-nh2-6\" title=\"\u00ab Le pyl\u00f4ne projet\u00e9 par l\u2019op\u00e9rateur est implant\u00e9 sur le versant nord de la vall\u00e9e\u00a0(...)\" href=\"https:\/\/www.village-justice.com\/articles\/telephonie-mobile-les-antennes-relais-limitees-par-paysage,34781.html#nb2-6\" target=\"_blank\" rel=\"appendix noopener\" data-saferedirecturl=\"https:\/\/www.google.com\/url?q=https:\/\/www.village-justice.com\/articles\/telephonie-mobile-les-antennes-relais-limitees-par-paysage,34781.html%23nb2-6&amp;source=gmail&amp;ust=1613818299832000&amp;usg=AFQjCNHhqhlIWOJ15Rh-nXIPlhhPJntTLg\">6<\/a>]<\/p>\n<p>Les magistrats en concluent que le projet serait de nature \u00e0 alt\u00e9rer le grand paysage et les vues qu\u2019il offre. Ils valident en cons\u00e9quence l\u2019opposition \u00e0 d\u00e9claration pr\u00e9alable sign\u00e9e par le Maire sur le fondement de l\u2019article R.111-27 du code de l\u2019urbanisme et rejette le recours de l\u2019op\u00e9rateur.<\/p>\n<p>Si elle n\u2019est pas in\u00e9dite, cette d\u00e9cision rappelle que les lignes de cr\u00eates, privil\u00e9gi\u00e9es par les op\u00e9rateurs de t\u00e9l\u00e9phonie mobile, pr\u00e9sentent un enjeu paysager qui, lorsque les conditions sont r\u00e9unies, prime sur l\u2019objectif de couverture du territoire national.<\/p>\n<p>&nbsp;<\/p>\n<p><span style=\"font-size: large;\">[<a title=\"Notes 2-4\" href=\"https:\/\/www.village-justice.com\/articles\/telephonie-mobile-les-antennes-relais-limitees-par-paysage,34781.html#nh2-4\" target=\"_blank\" rel=\"noopener\" rev=\"appendix\" data-saferedirecturl=\"https:\/\/www.google.com\/url?q=https:\/\/www.village-justice.com\/articles\/telephonie-mobile-les-antennes-relais-limitees-par-paysage,34781.html%23nh2-4&amp;source=gmail&amp;ust=1613818299832000&amp;usg=AFQjCNE7WJyAP5YVX64LwdoYSNe_X3IUVw\">4<\/a>]\u00a0par exemple\u00a0: CAA Marseille, 30 juin 2017, n\u00b016MA00614 \u00ab\u00a0<i>Consid\u00e9rant, d\u2019une part, qu\u2019il ressort des pi\u00e8ces du dossier, notamment des photographies et des photomontages, que le terrain d\u2019assiette du projet en litige, qui se situe dans une zone agricole avec quelques constructions diffuses et hors le p\u00e9rim\u00e8tre d\u2019un site Natura 2000, ne pr\u00e9sente ni un caract\u00e8re remarquable ni un int\u00e9r\u00eat particulier<\/i>\u00a0\u00bb\u00a0\u00a0<\/span><\/p>\n<\/div>\n<div><span style=\"font-size: large;\"><br \/>\n<\/span><span style=\"font-size: large;\">[<a title=\"Notes 2-5\" href=\"https:\/\/www.village-justice.com\/articles\/telephonie-mobile-les-antennes-relais-limitees-par-paysage,34781.html#nh2-5\" target=\"_blank\" rel=\"noopener\" rev=\"appendix\" data-saferedirecturl=\"https:\/\/www.google.com\/url?q=https:\/\/www.village-justice.com\/articles\/telephonie-mobile-les-antennes-relais-limitees-par-paysage,34781.html%23nh2-5&amp;source=gmail&amp;ust=1613818299832000&amp;usg=AFQjCNErhWxmpd6PdsUQ7Nulpqm58q2Vtg\">5<\/a>]\u00a0\u00ab\u00a0<i>Le terrain d\u2019assiette du projet, cadastr\u00e9 G 861, est situ\u00e9 lieu-dit L \u00e0 RM sur le versant nord de la vall\u00e9e de l\u2019\u00c9lorn. Cette vall\u00e9e, qui accueille au sud du projet le bourg de RM, est surplomb\u00e9e sur son versant sud par le ch\u00e2teau du Roc\u2019h , dont les restes ont \u00e9t\u00e9 inscrits en 1926 au titre des monuments historiques. Ce ch\u00e2teau dispose de plusieurs perspectives visuelles sur les vall\u00e9es de l\u2019\u00c9lorn et de l\u2019un de ses affluents et, notamment sur l\u2019\u00e9crin de verdure de ces vall\u00e9es. Ainsi, les restes du ch\u00e2teau du Roc\u2019h, qui conf\u00e8rent un caract\u00e8re pittoresque \u00e0 ces vall\u00e9es et au bourg de RM, pr\u00e9sentent un int\u00e9r\u00eat permettant de justifier la conservation de ses perspectives monumentales. Cet int\u00e9r\u00eat peut justifier l\u2019utilisation des pouvoirs conf\u00e9r\u00e9s par l\u2019article R. 111-27 du code de l\u2019urbanisme, y compris au-del\u00e0 de la zone de protection de 500 m\u00e8tres institu\u00e9e par le code du patrimoine dans la stricte mesure n\u00e9cessaire \u00e0 la conservation de ces perspectives et de l\u2019int\u00e9r\u00eat des lieux.<\/i>\u00a0\u00bb<\/span><\/div>\n<div><\/div>\n<div><span style=\"font-size: large;\">\u00a0<\/span><span style=\"font-size: large;\">\u00a0<a title=\"Notes 2-6\" href=\"https:\/\/www.village-justice.com\/articles\/telephonie-mobile-les-antennes-relais-limitees-par-paysage,34781.html#nh2-6\" target=\"_blank\" rel=\"noopener\" rev=\"appendix\" data-saferedirecturl=\"https:\/\/www.google.com\/url?q=https:\/\/www.village-justice.com\/articles\/telephonie-mobile-les-antennes-relais-limitees-par-paysage,34781.html%23nh2-6&amp;source=gmail&amp;ust=1613818299832000&amp;usg=AFQjCNGA-yaMwJtixdpNixJgRVx04NGhfQ\">6<\/a>]\u00a0\u00ab\u00a0<i>Le pyl\u00f4ne projet\u00e9 par l\u2019op\u00e9rateur est implant\u00e9 sur le versant nord de la vall\u00e9e de l\u2019\u00c9lorn \u00e0 seulement un peu plus de 500 m\u00e8tres du ch\u00e2teau du Roc\u2019h, soit l\u00e9g\u00e8rement en dehors du p\u00e9rim\u00e8tre de protection institu\u00e9 par le code du patrimoine. Compte-tenu de ses dimensions, notamment de sa hauteur de quarante m\u00e8tres, et conform\u00e9ment aux documents graphiques annex\u00e9s au dossier de d\u00e9claration pr\u00e9alable, cette installation sera visible depuis le Ch\u00e2teau du Roc\u2019h, et ce malgr\u00e9 la pr\u00e9sence d\u2019une couverture bois\u00e9e au sommet du versant nord de la vall\u00e9e de l\u2019\u00c9lorn, cette couverture bois\u00e9e n\u2019occultant que la partie basse du pyl\u00f4ne. Or, dans ces conditions, le pyl\u00f4ne litigieux sera le seul \u00e9l\u00e9ment de construction d\u00e9passant de la couverture bois\u00e9e des hauteurs de la vall\u00e9e de l\u2019\u00c9lorn, d\u00e9notant avec le caract\u00e8re jusqu\u2019ici pr\u00e9serv\u00e9 des vues port\u00e9es depuis le ch\u00e2teau sur les versants de cette vall\u00e9e. Ainsi, d\u00e8s lors que le projet g\u00e9n\u00e8re une atteinte visuelle sur le paysage naturel entourant le ch\u00e2teau du Roc\u2019h lequel permet la mise en valeur de ce patrimoine et de ses perspectives monumentales, l\u2019op\u00e9rateur n\u2019est pas fond\u00e9e \u00e0 soutenir que le maire de RM aurait fait une inexacte application des dispositions de l\u2019article R. 111-27 du code de l\u2019urbanisme.<\/i>\u00a0\u00bb<br \/>\n<\/span><\/div>\n<div><\/div>\n<\/div>\n<\/div>\n<\/div>\n<\/div>\n<p style=\"text-align: center;\">&#8230;&#8230;&#8230;&#8230;&#8230;&#8230;&#8230;&#8230;&#8230;&#8230;&#8230;&#8230;&#8230;&#8230;&#8230;&#8230;&#8230;&#8230;&#8230;&#8230;&#8230;&#8230;&#8230;&#8230;&#8230;&#8230;.<\/p>\n<p>&nbsp;<\/p>\n<h2 style=\"text-align: center;\"><strong>* \u201cVademecum \u00e0 l&rsquo;usage des collectivit\u00e9s et des associations pour contester la 5G\u201d<\/strong><\/h2>\n<h2 style=\"text-align: center;\"><strong> par Pierre-Alain Mogenier, Avocat au Barreau de Lyon<\/strong><\/h2>\n<p>&nbsp;<\/p>\n<p style=\"text-align: center;\"><a href=\"https:\/\/www.asea-avocats.com\/wp-content\/uploads\/2020\/12\/C\">https:\/\/www.asea-avocats.com\/wp-content\/uploads\/2020\/12\/C<\/a><\/p>\n<p style=\"text-align: center;\">(&#8230;) Mais la loi n\u00b02018-1021 du 23 novembre 2018 portant \u00e9volution du logement, de l\u2019am\u00e9nagement et du num\u00e9rique a consid\u00e9rablement simplifi\u00e9 les contraintes d\u2019implantation des<\/p>\n<p style=\"text-align: center;\">antennes relais, qui \u00e9taient \u00e0 la charge des op\u00e9rateurs. Principalement, l\u2019instruction des demandes faites par les op\u00e9rateurs a \u00e9t\u00e9 grandement simplifi\u00e9e et les d\u00e9lais de r\u00e9ponse pour les<\/p>\n<p style=\"text-align: center;\">maires sont pass\u00e9s de deux mois \u00e0 un mois.<\/p>\n<p style=\"text-align: center;\">Toutefois, il existe deux biais permettant aux Maires de s\u2019opposer \u00e0 l\u2019implantation d\u2019antennes<\/p>\n<p style=\"text-align: center;\">relais sur leur territoire :<\/p>\n<p style=\"text-align: center;\"><strong>&#8211; les dispositions contenues dans les documents d\u2019urbanisme (i) ;<\/strong><\/p>\n<p style=\"text-align: center;\"><strong>&#8211; l\u2019instruction de la d\u00e9claration pr\u00e9alable (ii) ;<\/strong><\/p>\n<p>&nbsp;<\/p>\n<p style=\"text-align: center;\"><strong>Les dispositions contenues dans les documents d\u2019urbanisme<\/strong><\/p>\n<p style=\"text-align: center;\">On le sait, les communes sont couvertes par des documents d\u2019urbanisme (principalement un PLU communal ou intercommunal), qui peuvent imposer un certain nombre de contraintes pour l\u2019implantation de ces \u00e9quipements. Il s\u2019agit, \u00e0 ce stade, de mettre en oeuvre des m\u00e9canismes contraignants afin d\u2019entraver la facult\u00e9 d\u2019implantation des antennes relais. En d\u2019autres termes, il faut dissuader l\u2019agence nationale des fr\u00e9quences d\u2019identifier la commune comme un lieu permettant l\u2019implantation d\u2019une antenne relais. N\u00e9anmoins, ces contraintes doivent \u00eatre juridiquement fond\u00e9es, \u00e0 peine des les voir contest\u00e9es et annul\u00e9es par le juge administratif. Il appara\u00eet n\u00e9cessaire, au regard des dispositions de l\u2019article L.151-4 du code de l\u2019urbanisme de justifier le refus ou les contraintes d\u2019implantation sur la commune de ces antennes relais. Cette justification se retrouvera donc dans le rapport de pr\u00e9sentation, qui fait partie int\u00e9grante du PLU.\u00a0 De m\u00eame, les r\u00e8gles d\u2019urbanisme fournissent un certain nombre de solutions pour emp\u00eacher l\u2019implantation de ces \u00e9quipements. Une commune pourra donc \u00e9mettre certaines contraintes<\/p>\n<p style=\"text-align: center;\">d\u2019implantation en raison de r\u00e8gles relatives :<\/p>\n<p style=\"text-align: center;\"><strong>&#8211; aux monuments historiques ;<\/strong><\/p>\n<p style=\"text-align: center;\"><strong>&#8211; \u00e0 l\u2019existence d\u2019un site remarquable ;<\/strong><\/p>\n<p style=\"text-align: center;\"><strong>&#8211; \u00e0 l\u2019existence de sites class\u00e9s ou inscrits ;<\/strong><\/p>\n<p style=\"text-align: center;\"><strong>&#8211; aux r\u00e9serves naturelles;<\/strong><\/p>\n<p style=\"text-align: center;\"><strong>&#8211; \u00e0 la protection de la navigation a\u00e9rienne.<\/strong><\/p>\n<p style=\"text-align: center;\">Eu \u00e9gard \u00e0 la multiplicit\u00e9 des r\u00e8gles \u00e9dictables sur les fondements pr\u00e9cit\u00e9s, il appara\u00eet possible d\u2019emp\u00eacher ou \u00e0 tout le moins de contraindre fortement les op\u00e9rateurs d\u2019installer des antennes relais sur le territoire d\u2019une commune.<\/p>\n<p style=\"text-align: center;\">(&#8230;)<\/p>\n<p style=\"text-align: center;\">En conclusion, il appara\u00eet possible pour les maires de s\u2019opposer \u00e0 l\u2019implantation, sur leur commune, d\u2019antennes relais. N\u00e9anmoins, la r\u00e9ussite d\u2019une telle op\u00e9ration n\u00e9cessite un examen approfondi des documents d\u2019urbanisme afin de contr\u00f4ler l\u2019existence de r\u00e8gles pouvant faire opposition \u00e0 une telle implantation. En tout \u00e9tat de cause, les refus d\u2019autorisation d\u2019urbanisme ou les d\u00e9cisions d\u2019opposition devront \u00eatre juridiquement fond\u00e9es et r\u00e9fl\u00e9chies afin d\u2019emp\u00eacher toute annulation ult\u00e9rieure par les juridictions administratives.<\/p>\n<p style=\"text-align: center;\"><strong>&#8230;&#8230;&#8230;&#8230;.<\/strong><\/p>\n<p>&nbsp;<\/p>\n<h2 style=\"text-align: center;\"><strong>Agir en amont sur les PLU et PLUI<\/strong><\/h2>\n<p>&nbsp;<\/p>\n<p lang=\"fr-FR\" style=\"text-align: center;\">L\u2019ANFR doit identifier un certain nombre de sites susceptibles d\u2019accueillir ces antennes.<\/p>\n<p lang=\"fr-FR\" style=\"text-align: center;\">Lorsqu\u2019une collectivit\u00e9 constate qu\u2019elle risque d\u2019avoir une antenne 5 G sur son territoire, elle doit normalement pouvoir identifier quel site de son territoire sera concern\u00e9 par son implantation.<\/p>\n<p lang=\"fr-FR\" style=\"text-align: center;\">A ce stade, il s\u2019agit de prendre des mesures emp\u00eachant cette implantation. Il s\u2019agit donc de \u00ab\u00a0couper l\u2019herbe sous le pied\u00a0\u00bb des op\u00e9rateurs en amont de tout projet d\u2019implantation.<\/p>\n<p lang=\"fr-FR\" style=\"text-align: center;\">Une fois ces zones identifi\u00e9es, il s\u2019agit de prendre des dispositions urbanistiques (cr\u00e9ation de emplacements r\u00e9serves, modification des r\u00e8gles d\u2019urbanisme et du zonage sur les sites susceptibles d\u2019accueillir ces antennes). Vous l\u2019aurez donc compris, il s\u2019agit d\u2019un travail prospectif en amont de toute implantation.<\/p>\n<p>&nbsp;<\/p>\n<p style=\"text-align: center;\">&#8230;&#8230;&#8230;&#8230;&#8230;&#8230;&#8230;&#8230;&#8230;&#8230;&#8230;&#8230;&#8230;&#8230;&#8230;.<\/p>\n<p>&nbsp;<\/p>\n<p style=\"text-align: center;\">\u00ab\u00a0Il n\u2019y a pas r\u00e9ellement d\u2019outil \u00e0 disposition des maires, sauf peut-\u00eatre les r\u00e8gles de l\u2019urbanisme. Certains peuvent s\u2019appuyer sur le Plan local d\u2019urbanisme (PLU) pour tenter de refuser l\u2019installation d\u2019antennes. Mais cela n\u2019est pas fr\u00e9quent d\u2019avoir pr\u00e9vu cela dans les\u00a0PLU\u00a0\u00bb,\u00a0explique \u00e0\u00a0Reporterre\u00a0l\u2019Association des maires de France.<\/p>\n<p style=\"text-align: center;\"><a href=\"https:\/\/reporterre.net\/5G-l-impossible-moratoire-des-maires\"><strong>https:\/\/reporterre.net\/5G-l-impossible-moratoire-des-maires<\/strong><\/a><\/p>\n<h1><\/h1>\n<h2 style=\"text-align: center;\"><strong>*Ma\u00eetre David Deharbe<\/strong><\/h2>\n<p style=\"text-align: center;\">sur France info\u00a0:<\/p>\n<p style=\"text-align: center;\">\u00ab\u00a0Toutefois, pour l&rsquo;avocat sp\u00e9cialis\u00e9 en droit de l&rsquo;environnement David Deharbe,\u00a0\u00ab\u00a0le principe de pr\u00e9caution reste certainement utilisable. [&#8230;] La 5G va \u00eatre un renouvellement [&#8230;] C&rsquo;est une technologie dont on n&rsquo;a pas encore la preuve qu&rsquo;elle n&rsquo;est pas dangereuse.\u00a0\u00bb\u00a0Et dont on n&rsquo;a pas la preuve, non plus, qu&rsquo;elle est dangereuse&#8230;<\/p>\n<p style=\"text-align: center;\">Car voil\u00e0 le probl\u00e8me\u00a0: il y a \u00ab\u00a0un manque important, voire une absence de donn\u00e9es\u00a0\u00bb\u00a0sur les effets biologiques et sanitaires potentiels\u00a0de la 5G,\u00a0souligne l&rsquo;Anses.\u00a0En septembre 2017, d\u00e9j\u00e0, plus de 170 scientifiques internationaux ont,\u00a0dans un appel\u00a0(PDF),\u00a0\u00ab\u00a0recommand\u00e9 un moratoire sur le d\u00e9ploiement de la 5e g\u00e9n\u00e9ration\u00a0\u00bb\u00a0afin que des scientifiques ind\u00e9pendants puissent \u00e9tudier\u00a0les dangers potentiels de la technologie sur la sant\u00e9 et l&rsquo;environnement.<\/p>\n<p style=\"text-align: center;\">(\u2026)<\/p>\n<p style=\"text-align: center;\">De son c\u00f4t\u00e9, Me David Deharbe identifie un canal d&rsquo;action possible pour les maires et les associations anti-5G\u00a0: l&rsquo;expertise judiciaire, ordonn\u00e9e avant un proc\u00e8s ou pendant une proc\u00e9dure.\u00a0\u00ab\u00a0L&rsquo;avantage, c&rsquo;est qu&rsquo;on aura un d\u00e9bat devant le juge avec des arguments, un temps o\u00f9 l&rsquo;on [pourra] discuter des diff\u00e9rentes \u00e9tudes. Mais faut-il encore que tout le monde ait int\u00e9r\u00eat \u00e0 le faire\u00a0\u00bb, nuance l&rsquo;avocat<\/p>\n<p style=\"text-align: center;\">(\u2026)<\/p>\n<p style=\"text-align: center;\">Plusieurs moyens, d\u00e9j\u00e0 \u00e9prouv\u00e9s par la 3G et la 4G, sont \u00e0 la disposition des maires qui souhaitent contrer le d\u00e9ploiement d&rsquo;antennes-relais. Ils peuvent prendre des arr\u00eat\u00e9s d&rsquo;opposition apr\u00e8s le d\u00e9p\u00f4t de la d\u00e9claration de travaux effectu\u00e9 par les op\u00e9rateurs, dans un d\u00e9lai d&rsquo;un mois.\u00a0\u00ab\u00a0Mais dans ce cas-l\u00e0, les op\u00e9rateurs attaquent devant le tribunal administratif s&rsquo;ils consid\u00e8rent que le motif invoqu\u00e9 n&rsquo;est pas valable\u00a0\u00bb, temp\u00e8re David Deharbe. Tel que l&rsquo;a affirm\u00e9 le Conseil d&rsquo;Etat, la seule construction d&rsquo;antennes-relais ne peut constituer une raison suffisante.<\/p>\n<p style=\"text-align: center;\">Autre voie de recours possible\u00a0: s&rsquo;il existe un Plan local d&rsquo;urbanisme (PLU) dans la commune, le projet d&rsquo;antenne-relais se doit de le respecter, notamment en ce qui concerne la hauteur des installations ou la nature de certains espaces comme les zones naturelles ou agricoles. Dans le cas contraire, le maire peut faire appel au juge administratif pour trancher.<\/p>\n<p style=\"text-align: center;\">Enfin, le\u00a0Code de l&rsquo;urbanisme\u00a0prot\u00e8ge les paysages naturels et urbains ainsi que les monuments. Les maires peuvent donc contester l&rsquo;installation d&rsquo;antennes \u00e0 proximit\u00e9 de sites class\u00e9s.\u00a0\u00ab\u00a0C&rsquo;est d&rsquo;autant plus facile s&rsquo;il existe des \u00e9l\u00e9ments de protection de ce paysage remarquable comme des monuments historiques. Et on peut agir m\u00eame s&rsquo;il n&rsquo;y a pas de PLU\u00a0\u00bb, note David Deharbe. Une voie qui a \u00e9t\u00e9 utilis\u00e9e dans la commune de Sam\u00e9on (Nord), o\u00f9 le juge des r\u00e9f\u00e9r\u00e9s du tribunal administratif de Lille\u00a0a reconnu\u00a0qu&rsquo;un projet d&rsquo;antenne \u00e9tait\u00a0\u00ab\u00a0de nature \u00e0 porter atteinte \u00e0 son environnement par son volume et sa localisation\u00a0\u00bb.<\/p>\n<p style=\"text-align: center;\"><a href=\"https:\/\/www.francetvinfo.fr\/monde\/environnement\/convention-citoyenne-sur-le-climat\/les-maires-ecologistes-peuvent-ils-s-opposer-au-deploiement-de-la-5g-dans-leur-commune_4028483.html\">https:\/\/www.francetvinfo.fr\/monde\/environnement\/convention-citoyenne-sur-le-climat\/les-maires-ecologistes-peuvent-ils-s-opposer-au-deploiement-de-la-5g-dans-leur-commune_4028483.html<\/a><\/p>\n<h1><\/h1>\n<h2 style=\"text-align: center;\"><strong>*Le principe de Sobri\u00e9t\u00e9 \u00e9lectromagn\u00e9tique de la Loi Abeille 2015<\/strong><\/h2>\n<p style=\"text-align: center;\">Selon Ma\u00eetre Cachard, doyen honoraire de la facult\u00e9 de Nancy, et auteur du livre \u00ab\u00a0Le droit face aux ondes \u00e9lectromagn\u00e9tiques\u00a0\u00bb, ed Lexis Nexis 2016, ce principe de Sobri\u00e9t\u00e9 \u00e9lectromagn\u00e9tique inscrit dans la loi Abeille, doit primer sur le d\u00e9veloppement des usages et donc sur la cr\u00e9ation de r\u00e9seaux d&rsquo;ondes artificielles.<\/p>\n<p style=\"text-align: center;\">Et selon ce principe de Sobri\u00e9t\u00e9, le niveau d&rsquo;exposition doit s&rsquo;adapter \u00e0 la vuln\u00e9rabilit\u00e9 propre des personnes.<\/p>\n<p style=\"text-align: center;\">Extraits de son livre\u00a0:<\/p>\n<p style=\"text-align: center;\">A. &#8211; La sobri\u00e9t\u00e9 de l\u2019exposition aux champs \u00e9lectromagn\u00e9tiques<\/p>\n<p style=\"text-align: center;\">31. \u2014 D\u00e9finition de la sobri\u00e9t\u00e9. La sobri\u00e9t\u00e9 de l\u2019exposition aux champs magn\u00e9tiques figure non seulement dans l&rsquo;intitul\u00e9 de la loi, mais aussi parmi les objectifs auxquels le ministre charg\u00e9 des t\u00e9l\u00e9communication et l\u2019Autorit\u00e9 de r\u00e9gulation des communications \u00e9lectroniques et des postes (ARCEP) doivent veiller au titre de l\u2019article L. 32-1 modifi\u00e9 du Code des postes et des communications \u00e9lectroniques. Il s\u2019ajoute, sans les remplacer, aux objectifs vis\u00e9s aux articles 12 et 12 bis a savoir 2 &lt;&lt; un niveau \u00e9lev\u00e9 de protection des consommateurs, conjointement avec le ministre charg\u00e9 de la consommation, gr\u00e2ce notamment a la fourniture d&rsquo;informations claires, notamment par la transparence des tarifs et des conditions d\u2019utilisation des services de communications \u00e9lectroniques accessibles au public \u00bb et &lt;&lt; un niveau \u00e9lev\u00e9 de protection de l\u2019en-vironnement et de la sant\u00e9 de la population \u00bb. Comme l\u2019illustrent les travaux pr\u00e9paratoires, la sobri\u00e9t\u00e9 n\u2019est pas la &lt;&lt; ma\u00eetrise &gt;&gt;, qui est un terme polys\u00e9mique. La sobri\u00e9t\u00e9 d\u00e9coule de la mod\u00e9ration (41) comme le souligne le rapporteur : &lt;&lt; La mod\u00e9ration permet d&rsquo;arriver a la sobri\u00e9t\u00e9<\/p>\n<p style=\"text-align: center;\">qui est bien l\u2019objectif fix\u00e9 par ce texte \u00bb. Ainsi la sobri\u00e9t\u00e9 postule la mod\u00e9ration et, comme le souligne un parlementaire, &lt;&lt; la mod\u00e9ration implique une limitation \u00bb. La sobri\u00e9t\u00e9 est donc un objectif v\u00e9rifiable dont il d\u00e9coule de la loi qu\u2019il peut s\u2019appr\u00e9cier par rapport &lt;&lt; au niveau g\u00e9n\u00e9ralement observ\u00e9 a l\u2019\u00e9chelle nationale \u00bb (C. P. et CE, art. L. 34-9-1, I, lettre G), et,subjectivement, par rapport a la vuln\u00e9rabilit\u00e9 des personnes concern\u00e9es (C. P. et CE, art. L. 34-9-1, I, lettre H). La sobri\u00e9t\u00e9 se distingue aussi de la lic\u00e9it\u00e9 : les valeurs limites des champs \u00e9lectromagn\u00e9tiques d\u00e9finies par d\u00e9cret \u00e9tant tr\u00e8s \u00e9lev\u00e9es, un champ \u00e9lectromagn\u00e9tique peut manquer \u00e0 la sobri\u00e9t\u00e9 tout en \u00e9tant licite.<\/p>\n<p style=\"text-align: center;\">32. \u2014 Primaut\u00e9 de la sobri\u00e9t\u00e9 sur l\u2019objectif de d\u00e9veloppement des r\u00e9seaux num\u00e9riques. Lors de l\u2019exercice de son appr\u00e9ciation, l\u2019autorit\u00e9 administrative, comme le juge, a tendance a mettre en balance les objectifs que le l\u00e9gislateur tient pour \u00e9quivalents. Parmi les amendements discut\u00e9s devant la commission des affaires \u00e9conomiques, un sous-amendement tendait a &lt;&lt; contrebalancer la notion de mod\u00e9ration par celle de d\u00e9veloppement des usages et des r\u00e9seaux \u00bb, ce qui aurait sin-<\/p>\n<p style=\"text-align: center;\">singuli\u00e8rement fragilis\u00e9 la sobri\u00e9t\u00e9, sacrifi\u00e9e au pro\ufb01t du d\u00e9veloppement. Ce sous-amendement n\u2019a pas \u00e9t\u00e9 retenu et, dans le Titre I de la loi, la sobri\u00e9t\u00e9 n\u2019est mise en concurrence avec aucun autre principe. Mieux, a \u00e9t\u00e9 \u00e9cart\u00e9e une r\u00e9daction qui limitait la mod\u00e9ration en consid\u00e9ration &lt;&lt; du bon niveau de service &gt;&gt;. Le choix de consacrer la sobri\u00e9t\u00e9, sans la consid\u00e9ration du &lt;&lt; d\u00e9veloppement des usages et des r\u00e9seaux \u00bb ni du maintien &lt;&lt; du bon niveau de service \u00bb atteste de la primaut\u00e9 de cet objectif de sobri\u00e9t\u00e9.<\/p>\n<p style=\"text-align: center;\">33. \u2014 La garantie institutionnelle de la sobri\u00e9t\u00e9. La sobri\u00e9t\u00e9 n&rsquo;est pas qu\u2019un objectif d\u00e9pourvu de sanction. I1 entre d\u00e9sormais dans les missions de l\u2019Autorit\u00e9 de r\u00e9gulation des communications \u00e9lectroniques et des postes (ARCEP) et du ministre charg\u00e9 des t\u00e9l\u00e9communications de<\/p>\n<p style=\"text-align: center;\">veiller a sa mise en \u0153uvre. I1 n&rsquo;est pas anodin que cette mission ait \u00e9t\u00e9 confi\u00e9e \u00e0 l\u2019ARCEP, qui est une autorit\u00e9 administrative ind\u00e9pendante, plut\u00f4t qu\u2019a l\u2019Agence nationale des fr\u00e9quences (ANFR), qui n&rsquo;est qu\u2019une agence.<\/p>\n<p>&nbsp;<\/p>\n<p>&nbsp;<\/p>\n<h1 style=\"text-align: center;\">&#8230;&#8230;&#8230;&#8230;&#8230;&#8230;&#8230;&#8230;&#8230;&#8230;&#8230;&#8230;&#8230;&#8230;&#8230;&#8230;&#8230;&#8230;&#8230;&#8230;&#8230;&#8230;&#8230;&#8230;&#8230;&#8230;&#8230;&#8230;&#8230;&#8230;&#8230;&#8230;&#8230;&#8230;&#8230;&#8230;&#8230;&#8230;..<\/h1>\n<p>&nbsp;<\/p>\n<h1 style=\"text-align: center;\"><strong>5 G<\/strong><\/h1>\n<h1 style=\"text-align: center;\"><strong>Dossier de synth\u00e8se \u00e9volutif sur la 5G \u00e0 destination des citoyens et \u00e9lus afin de reprendre du pouvoir d\u00e9lib\u00e9ratif sur les industriels<\/strong><\/h1>\n<p style=\"text-align: center;\">mis \u00e0 jour automne 2020<\/p>\n<h1 style=\"text-align: center;\"><a href=\"https:\/\/ccaves.org\/blog\/wp-content\/uploads\/Moratoire-5G-exemples-de-villes-2.pdf\" target=\"_blank\" rel=\"noopener\">Lire ici<\/a><\/h1>\n<p>&nbsp;<\/p>\n<h1 style=\"text-align: center;\">&#8230;&#8230;&#8230;&#8230;&#8230;&#8230;&#8230;&#8230;<\/h1>\n<p>&nbsp;<\/p>\n<h1 style=\"text-align: center;\"><strong>BRISONS LE TOTEM DE LA 5G<\/strong><\/h1>\n<p style=\"text-align: center;\">Le\u00a0manifeste\u00a0de la Quadrature du net contre la 5G<\/p>\n<p style=\"text-align: center;\">La Quadrature du Net refuse le futur promis par les promoteurs de la 5G.<\/p>\n<p>&nbsp;<\/p>\n<p style=\"text-align: center;\"><a href=\"https:\/\/www.laquadrature.net\/2020\/10\/09\/brisons-le-totem-de-la-5g\/\" target=\"_blank\" rel=\"noopener\">Lire ici<\/a><\/p>\n<p style=\"text-align: center;\">Nous refusons le\u00a0r\u00eave d\u2019Ericsson\u00a0pour qui la 5G ouvrira \u00e0 la \u00ab\u00a0smart surveillance\u00a0\u00bb un march\u00e9 de 47 milliards de dollars d\u2019ici 2026. Nous refusons que la vid\u00e9osurveillance puisse repr\u00e9senter le\u00a0march\u00e9 le plus important\u00a0des objets connect\u00e9s permis par la 5G, estim\u00e9 \u00e0 70% en 2020, puis 32% en 2023. Nous refusons le\u00a0fantasme s\u00e9curitaire\u00a0dans lequel \u00ab\u00a0l\u2019obtention d\u2019image d\u2019une tr\u00e8s haute qualit\u00e9 ouvre la voie \u00e0 l\u2019analyse intelligente de la vid\u00e9o via l\u2019IA\u00a0\u00bb. Nous refusons l\u2019ambition\u00a0de l\u2019ancien employ\u00e9 de Safran, C\u00e9dric O, de proc\u00e9der au d\u00e9ploiement de la 5G quoi qu\u2019il en co\u00fbte.<\/p>\n<p style=\"text-align: center;\">Peu importe que ces promesses soient cr\u00e9dibles ou non, nous mettons en garde contre ce qu\u2019elles repr\u00e9sentent. Elles sont le rappel, fait par une industrie techno-s\u00e9curitaire qui n\u2019existe que pour elle-m\u00eame et impose partout son agenda, que nous n\u2019avons jamais eu notre mot \u00e0 dire sur ces grands programmes industriels\u00a0; que cette industrie et ses relais au sein de l\u2019\u00c9tat s\u2019arrogent le droit de nous contr\u00f4ler au travers de leurs innombrables gadgets, quitte \u00e0 participer \u00e0 la ruine de ce monde\u00a0; quitte \u00e0 risquer ce qu\u2019il nous reste d\u2019humanit\u00e9.<\/p>\n<p style=\"text-align: center;\">Si l\u2019industrie de la surveillance a fait de la 5G le totem de son monde fantasm\u00e9, il nous faut briser ce totem.<\/p>\n<p style=\"text-align: center;\">(\u2026)<\/p>\n<p>&nbsp;<\/p>\n<p>&nbsp;<\/p>\n<h1 style=\"text-align: center;\">&#8230;&#8230;&#8230;&#8230;&#8230;&#8230;&#8230;&#8230;&#8230;<\/h1>\n<p>&nbsp;<\/p>\n<h1 class=\"title style-scope ytd-video-primary-info-renderer\" style=\"text-align: center;\"><strong>R\u00e9alit\u00e9 sur la 5G en Suisse, <\/strong><\/h1>\n<h1 class=\"title style-scope ytd-video-primary-info-renderer\" style=\"text-align: center;\"><strong>par David Bruno<\/strong><\/h1>\n<p>&nbsp;<\/p>\n\n<div data-mode=\"normal\" data-oembed=\"1\" data-provider=\"youtube\" id=\"arve-youtube-krpwjrb4yhy\" style=\"max-width:800px;\" class=\"arve\">\n\t<div class=\"arve-inner\">\n\t\t<div class=\"arve-embed arve-embed--has-aspect-ratio\">\n\t\t\t<div class=\"arve-ar\" style=\"padding-top:56.250000%\"><\/div>\n\t\t\t<iframe allow=\"accelerometer &#039;none&#039;;autoplay &#039;none&#039;;bluetooth &#039;none&#039;;browsing-topics &#039;none&#039;;camera &#039;none&#039;;clipboard-read &#039;none&#039;;clipboard-write;display-capture &#039;none&#039;;encrypted-media &#039;none&#039;;gamepad &#039;none&#039;;geolocation &#039;none&#039;;gyroscope &#039;none&#039;;hid &#039;none&#039;;identity-credentials-get &#039;none&#039;;idle-detection &#039;none&#039;;keyboard-map &#039;none&#039;;local-fonts;magnetometer &#039;none&#039;;microphone &#039;none&#039;;midi &#039;none&#039;;otp-credentials &#039;none&#039;;payment &#039;none&#039;;picture-in-picture;publickey-credentials-create &#039;none&#039;;publickey-credentials-get &#039;none&#039;;screen-wake-lock &#039;none&#039;;serial &#039;none&#039;;summarizer &#039;none&#039;;sync-xhr;usb &#039;none&#039;;web-share;window-management &#039;none&#039;;xr-spatial-tracking &#039;none&#039;;\" allowfullscreen=\"\" class=\"arve-iframe fitvidsignore\" credentialless data-arve=\"arve-youtube-krpwjrb4yhy\" data-lenis-prevent=\"\" data-src-no-ap=\"https:\/\/www.youtube.com\/embed\/krpwJrb4yhY?feature=oembed&amp;iv_load_policy=3&amp;modestbranding=1&amp;rel=0&amp;autohide=1&amp;playsinline=0&amp;autoplay=0\" frameborder=\"0\" height=\"450\" loading=\"lazy\" name=\"\" referrerpolicy=\"strict-origin-when-cross-origin\" sandbox=\"allow-scripts allow-same-origin allow-presentation allow-popups allow-popups-to-escape-sandbox\" scrolling=\"no\" src=\"https:\/\/www.youtube.com\/embed\/krpwJrb4yhY?feature=oembed&#038;iv_load_policy=3&#038;modestbranding=1&#038;rel=0&#038;autohide=1&#038;playsinline=0&#038;autoplay=0\" title=\"\" width=\"800\"><\/iframe>\n\t\t\t\n\t\t<\/div>\n\t\t\n\t<\/div>\n\t\n\t\n\t<script type=\"application\/ld+json\">{\"@context\":\"http:\\\/\\\/schema.org\\\/\",\"@id\":\"https:\\\/\\\/ccaves.org\\\/blog\\\/antennes-relais-4g-5g-micro-antennes-antennes-relais-directive-photonique\\\/#arve-youtube-krpwjrb4yhy\",\"type\":\"VideoObject\",\"embedURL\":\"https:\\\/\\\/www.youtube.com\\\/embed\\\/krpwJrb4yhY?feature=oembed&iv_load_policy=3&modestbranding=1&rel=0&autohide=1&playsinline=0&autoplay=0\"}<\/script>\n\t\n<\/div>\n<p style=\"text-align: center;\">Qu&rsquo;en est il du moratoire sur la 5G en Suisse? Quel est la r\u00e9alit\u00e9 sur le terrain. Je vous propose de vous informer en tant qu&rsquo;ing\u00e9nieur expert des ondes \u00e9lectromagn\u00e9tiques et militant contre l&rsquo;implantation massive des antennes relais. Cette vid\u00e9o est la premi\u00e8re d&rsquo;une suite de vid\u00e9o pour vous informer sur la 5G de mani\u00e8re claire, fiable et ind\u00e9pendante. Plus d&rsquo;information techniques sur mon site www.ondes-expertise.com<\/p>\n<h1 style=\"text-align: center;\"><strong>&#8230;&#8230;&#8230;&#8230;&#8230;&#8230;<\/strong><\/h1>\n<p>&nbsp;<\/p>\n<h1 style=\"text-align: center;\"><b>La controverse de la 5G<\/b><\/h1>\n<p>&nbsp;<\/p>\n<p style=\"text-align: center;\">\u00c9criture, recherche et illustrations &#8211; Gauthier Roussilhe<br \/>\nRelecture &#8211; Camille Madjarian, Lucie Noyons, Nicolas Nova, Romuald Priol, Richard Hanna, Geoffrey Riberry et Romain Carbou<br \/>\nDate &#8211; juillet 2020<\/p>\n<h2 style=\"text-align: center;\"><a href=\"https:\/\/drive.infomaniak.com\/app\/share\/128619\/10817fe0-1423-48f3-9f92-03414aa97771\" target=\"_blank\" rel=\"noopener noreferrer\">Lire ici<\/a><\/h2>\n<p style=\"text-align: center;\">La 5G est cens\u00e9e arriver en France d&rsquo;ici juillet 2020, mais au-del\u00e0 des discours promotionnels que sait-on des effets et des cons\u00e9quences de ce d\u00e9ploiement ? Ce rapport retrace l&rsquo;ensemble des probl\u00e9matiques \u00e9conomiques, \u00e9nerg\u00e9tiques, fonci\u00e8res, sanitaires, d&rsquo;usages et g\u00e9opolitiques autour de la 5G.<\/p>\n<p style=\"text-align: center;\">Le rapport a pour but de :<\/p>\n<ul style=\"text-align: center;\">\n<li>Fournir des informations claires et v\u00e9rifi\u00e9es \u00e0 l&rsquo;ensemble des fran\u00e7ais;<\/li>\n<li>Aider les \u00e9lus locaux et les citoyens \u00e0 comprendre les enjeux;<\/li>\n<li>Offrir une vision critique de cette infrastructure face aux discours positifs et sans nuances des op\u00e9rateurs, des cabinets de conseil et des \u00c9tats;<\/li>\n<li>Fournir une base documentaire pour assister les maires et les conseillers municipaux dans leur prise de d\u00e9cision face \u00e0 des sollicitations d&rsquo;acteurs de la 5G (op\u00e9rateurs, installateurs, \u00c9tat, r\u00e9gions, &#8230;);<\/li>\n<\/ul>\n<p style=\"text-align: center;\">Au m\u00eame titre que les grandes entreprises font appel aux on\u00e9reux services de cabinets de conseil pour les guider, ce document constitue une contre-consultation offerte \u00e0 l&rsquo;ensemble des fran\u00e7ais pour cr\u00e9er un d\u00e9bat et animer une d\u00e9cision collective. On peut s&rsquo;\u00e9tonner que les parties prenantes de l&rsquo;industrie, des t\u00e9l\u00e9coms, de la finance et de l&rsquo;\u00c9tat ne produisent majoritairement que des discours positifs \u00e0 l&rsquo;\u00e9gard de la 5G, il est donc n\u00e9cessaire de porter des discours nuanc\u00e9s, pragmatiques et pertinents sur le long terme pour contrebalancer le d\u00e9bat.<\/p>\n<p>&nbsp;<\/p>\n<p style=\"text-align: center;\">Extraits :<\/p>\n<p style=\"text-align: center;\">\u00ab\u00a0L\u2019obtention du permis par les autorit\u00e9s et la n\u00e9gociation des loyers sont des goulots d\u2019\u00e9tranglement d\u00e9j\u00e0<br \/>\nbien rep\u00e9r\u00e9s par tous les acteurs du secteur. Chaque op\u00e9rateur doit donc avancer au cas par cas pour l\u2019installation du r\u00e9seau \u00e0 un rythme impos\u00e9 par les municipalit\u00e9s, chaque retard ou rallongement de proc\u00e9dure augmentant les d\u00e9penses d\u2019investissement des op\u00e9rateurs. L\u00e0 o\u00f9 les autorit\u00e9s nationales<br \/>\nont d\u00e9cid\u00e9 la d\u00e9cision de d\u00e9ployer la 5G sans concertation nationale, la r\u00e9alit\u00e9 physique et fonci\u00e8re du r\u00e9seau 5G redonne du pouvoir aux autorit\u00e9s locales, notamment leur pouvoir d\u00e9cisionnaire. Par un retournement de situation inattendu, les maires, en accord avec leur consultation citoyenne, peuvent donc d\u00e9cider de d\u00e9ployer ou non l\u2019infrastructure 5G dans leur ville. On pourrait juger cette situation similaire au d\u00e9ploiement de la 4G, mais en 2010, la crise environnementale n\u2019\u00e9tait pas encore un sujet br\u00fblant, la crise de confiance envers les autorit\u00e9s nationales n\u2019\u00e9tait pas encore g\u00e9n\u00e9ralis\u00e9e, les impacts environnementaux du num\u00e9rique \u00e9taient encore mal compris, et les contestations envers le tout-num\u00e9rique ne s\u2019\u00e9taient pas encore rod\u00e9es (les pol\u00e9miques autour de Linky arriveront plus tard). Cette vuln\u00e9rabilit\u00e9 fonci\u00e8re du r\u00e9seau 5G donne aux municipalit\u00e9s un pouvoir d\u00e9cisionnaire sur une infrastructure cl\u00e9 dans un climat de contestation et de r\u00e9sistance in\u00e9dit.<\/p>\n<p style=\"text-align: center;\">(&#8230;) JCDecaux propose maintenant de louer des emplacements de small cells dans ses abribus, panneaux de publicit\u00e9, et autres.73 Face aux enjeux li\u00e9s \u00e0 la 5G, il semble inopportun de laisser un acteur priv\u00e9 affaiblir le pouvoir d\u00e9cisionnaire des municipalit\u00e9s, et encore moins de laisser un acteur priv\u00e9 d\u00e9cider de l\u2019installation de l\u2019infrastructure et de ses effets \u00e0 la place des \u00e9lus et des citoyens.<\/p>\n<p style=\"text-align: center;\">(&#8230;)<\/p>\n<p style=\"text-align: center;\">Vu qu\u2019aucune consultation n\u2019a \u00e9t\u00e9 organis\u00e9e concernant le d\u00e9ploiement de la 5G, il semble vraisemblable que des mouvements de r\u00e9sistance s\u2019organisent pour faire valoir le droit des citoyens \u00e0 d\u00e9cider sur des choix technologiques importants. Un mouvement de contestation a d\u00e9j\u00e0 pu \u00eatre observ\u00e9 en France<br \/>\nsur les compteurs Linky. Dans plusieurs pays, des groupes se sont structur\u00e9s pour rep\u00e9rer les antennes et organiser une lutte administrative et l\u00e9gale contre leur installation. G\u00e9n\u00e9ralement ces groupes ont deux angles d\u2019attaque, soit les risques sanitaires, soit la d\u00e9valuation fonci\u00e8re des propri\u00e9t\u00e9s \u00e0 proximit\u00e9<br \/>\ndes antennes. De plus, les small cells pr\u00e9sentent aussi une certaine fragilit\u00e9 : elles pourraient facilement \u00eatre endommag\u00e9es par des militants anti-5G car elles ne sont pas plac\u00e9es tr\u00e8s haut (\u00e0 hauteur de poteau) et plut\u00f4t visibles. Les op\u00e9rateurs et \u00e9quipementiers se sont donc attel\u00e9s \u00e0 r\u00e9pondre \u00e0 ces protestations.<br \/>\nPour \u00e9viter la d\u00e9gradation, la d\u00e9valuation fonci\u00e8re et att\u00e9nuer les peurs sanitaires, diff\u00e9rents mod\u00e8les d\u2019antennes ont \u00e9t\u00e9 con\u00e7us. Par exemple, la soci\u00e9t\u00e9 Raycap propose des mod\u00e8les d\u2019antennes con\u00e7us pour se camoufler dans le poteau qui le supporte,74 tandis qu\u2019Ericsson installe des small cells<br \/>\nsous les plaques d\u2019\u00e9gouts. Deutsche Telekom, en association avec une uni-versit\u00e9 de design et une entreprise de mat\u00e9riaux, a d\u00e9ploy\u00e9 des antennes en forme d\u2019oiseau ou d\u2019horloge afin d\u2019int\u00e9grer plus \u201cpacifiquement\u201d les antennes dans le paysage urbain.75<\/p>\n<p style=\"text-align: center;\">(&#8230;) Les r\u00e9sistances face \u00e0 la 5G r\u00e9v\u00e8lent un tournant r\u00e9cent dans l\u2019organisation de la vie politique : les derni\u00e8res infrastructures de taille (barrages, centrales, a\u00e9roports, autoroutes, etc) avaient \u00e9t\u00e9 impos\u00e9es sans r\u00e9sistance g\u00e9n\u00e9ralis\u00e9e lors du si\u00e8cle dernier tandis que ces derni\u00e8res ann\u00e9es, l\u2019occupation et l\u2019usage de l\u2019espace a \u00e9t\u00e9 syst\u00e9matiquement contest\u00e9 (Notre-Dame des Landes, incin\u00e9rateurs, Linky, transformateur RTE, autoroute \u00e0 Strasbourg, \u2026). Un point de rupture a peut-\u00eatre \u00e9t\u00e9 atteint dans ce que l\u2019\u00c9tat et les acteurs priv\u00e9s peuvent imposer comme infrastructures dans l\u2019espace commun et public. La 5G ne passera s\u00fbrement pas au travers de la r\u00e9sistance et de la reconqu\u00eate de l\u2019espace par des entit\u00e9s locales et territorialis\u00e9es, en tout cas la 5G pr\u00e9sente des propri\u00e9t\u00e9s physiques (courte port\u00e9e donc densification des antennes) qui la rendent vuln\u00e9rable \u00e0 une r\u00e9sistance fonci\u00e8re et<br \/>\ncitoyenne\u00a0\u00bb.<\/p>\n<p>&nbsp;<\/p>\n<h1 style=\"text-align: center;\"><strong>&#8230;&#8230;&#8230;&#8230;&#8230;&#8230;&#8230;&#8230;.<\/strong><\/h1>\n<p>&nbsp;<\/p>\n<h1 style=\"text-align: center;\"><b>Rapport de Monsieur le Pr\u00e9sident de l\u2019Assembl\u00e9e de Corse<\/b><b> : <\/b><\/h1>\n<h1 style=\"text-align: center;\"><b>moratoire approuv\u00e9e sur le d\u00e9ploiement de la 5G<\/b><\/h1>\n<p>&nbsp;<\/p>\n<p style=\"text-align: center;\"><a href=\"https:\/\/www.isula.corsica\/assemblea\/attachment\/1984174\/\">https:\/\/www.isula.corsica\/assemblea\/attachment\/1984174\/<\/a><\/p>\n<p>Extraits :<\/p>\n<p>La ministre d\u00e9l\u00e9gu\u00e9e \u00e0 l\u2019Industrie a m\u00eame confirm\u00e9 le 1er juillet 2020, le maintien du calendrier, faisant fi de la proposition d\u2019un moratoire sur la \u00ab 5G \u00bb formul\u00e9e par la Convention citoyenne pour le climat, pourtant approuv\u00e9e par le Pr\u00e9sident de la R\u00e9publique. Une question se pose alors. A l\u2019heure actuelle, le politique est-il encore en mesure de susciter et d\u2019animer un d\u00e9bat public, d\u00e9mocratique et citoyen, y compris lorsque des puissances financi\u00e8res et technologiques sont \u00e0 l\u2019oeuvre ?<\/p>\n<p>On pourrait d\u2019autant plus s\u2019interroger sur cette volont\u00e9 forcen\u00e9e que lorsqu\u2019il s\u2019agit de soigner, les proc\u00e9dures sont beaucoup plus contraignantes. En effet, le d\u00e9veloppement d\u2019un m\u00e9dicament, de la mol\u00e9cule \u00e0 sa commercialisation, n\u00e9cessite environ dix \u00e0 quinze ans. Les tests pr\u00e9cliniques, les essais cliniques puis le d\u00e9veloppement industriel, sont strictement encadr\u00e9s par la loi. Les essais cliniques n\u00e9cessitent une autorisation d\u00e9livr\u00e9e par l\u2019Agence nationale de s\u00e9curit\u00e9 du m\u00e9dicament (ANSM) qui pendant toute cette phase v\u00e9rifie les lieux de leur r\u00e9alisation, les modalit\u00e9s des tests de tol\u00e9rance effectu\u00e9s sur des sujets volontaires non malades, puis sur un nombre restreint de malades, enfin sur des centaines de malades voire des milliers. Qui plus est, une fois commercialis\u00e9, le m\u00e9dicament reste sous surveillance.<\/p>\n<p>(\u2026)<\/p>\n<p>La technologie de la \u00ab 5G \u00bb est efficace sur des petites distances seulement. Elle se transmet mal \u00e0 travers les solides. Il faudra de nombreuses nouvelles antennes-relais. La nouvelle architecture du r\u00e9seau exigera une nouvelle antenne toutes les 10 ou 12 maisons en zone urbaine cr\u00e9ant de fait, une exposition massive \u00e0 laquelle nul ne pourra se soustraire. Le d\u00e9ploiement de nouveaux transmetteurs pour la \u00ab 5G \u00bb (dans les foyers, les boutiques, les h\u00f4pitaux) devrait g\u00e9n\u00e9rer selon les estimations entre 10 et 20 milliards de connexions (r\u00e9frig\u00e9rateurs, machines \u00e0 laver, cam\u00e9ras de surveillance, voitures et bus sans conducteurs) et constituera l&rsquo;Internet des objets. Tout cela augmentera substantiellement l&rsquo;exposition permanente de l&rsquo;int\u00e9gralit\u00e9 de la population aux champs \u00e9lectromagn\u00e9tiques des technologies du sans-fil.<\/p>\n<p>(\u2026)<\/p>\n<p>De nombreuses \u00e9tudes scientifiques r\u00e9centes ont d\u00e9montr\u00e9 que ces champs \u00e9lectromagn\u00e9tiques affectaient les organismes vivants \u00e0 des niveaux d&rsquo;exposition bien en-dessous des valeurs limites internationales. 7<\/p>\n<p>Ces effets accroissent le risque de cancer, le stress cellulaire, augmentent l&rsquo;apparition de radicaux libres nocifs, de dommages g\u00e9n\u00e9tiques, de changements structurels et fonctionnels du syst\u00e8me reproductif, de d\u00e9ficits d&rsquo;apprentissage et de m\u00e9moire, de d\u00e9sordres neurologiques et d&rsquo;impacts n\u00e9gatifs sur le bien-\u00eatre. Ces dommages n&rsquo;affectent pas seulement l&rsquo;homme mais aussi la faune et la flore selon un nombre croissant d&rsquo;\u00e9tudes.<\/p>\n<p>Depuis l&rsquo;appel de scientifiques de 2015 de nouvelles recherches ont confirm\u00e9 les graves risques sanitaires li\u00e9s aux champs \u00e9lectromagn\u00e9tiques de radiofr\u00e9quences (RF-CEM). L&rsquo;\u00e9tude officielle am\u00e9ricaine du National Toxicology Program (NTP) montre un accroissement statistiquement significatif de cancer du cerveau et du coeur chez des animaux expos\u00e9s \u00e0 des niveaux de champs \u00e9lectromagn\u00e9tiques bien inf\u00e9rieurs aux valeurs limites pr\u00e9conis\u00e9es par la Commission Internationales de Protection contre les Champs \u00c9lectromagn\u00e9tiques (ICNIRP) et en vigueur dans la plupart des pays.<\/p>\n<p>(\u2026)<\/p>\n<p>Les pr\u00e9conisations de l&rsquo;EUROPAEM-EMF 2016 pr\u00e9cisent que \u00ab les preuves s&rsquo;accumulent qui montrent que l&rsquo;exposition permanente \u00e0 certains champs \u00e9lectromagn\u00e9tiques est un facteur de risque pour des affections telles que le cancer, la maladie d&rsquo;Alzheimer, l\u2019infertilit\u00e9 humaine&#8230; Les sympt\u00f4mes de l&rsquo;Electrohypersensibilit\u00e9 (EHS) qui comportent : c\u00e9phal\u00e9es intenses, troubles de la concentration, troubles du sommeil, \u00e9puisement ainsi que des sympt\u00f4mes similaires \u00e0 ceux de la grippe \u00bb.<\/p>\n<p>(\u2026)<\/p>\n<p>Les valeurs limites de l&rsquo;ICNIRP en vigueur sont inadapt\u00e9es. Toutes les preuves de dommages sanitaires surviennent bien en-dessous de ces valeurs. Il faudrait donc en \u00e9tablir de nouvelles. L&rsquo;inad\u00e9quation des valeurs limites de l&rsquo;ICNIRP r\u00e9sulte des conflits d&rsquo;int\u00e9r\u00eats de ses membres qui sont en lien avec l&rsquo;industrie ce qui met \u00e0 mal l&rsquo;impartialit\u00e9 qui devrait \u00eatre la r\u00e8gle lorsqu&rsquo;on fixe les seuls d&rsquo;exposition aux rayonnements non-ionisants.<\/p>\n<p>Les valeurs limites actuelles sont bas\u00e9es sur l&rsquo;hypoth\u00e8se d\u00e9pass\u00e9e que les seuls effets critiques pour la sant\u00e9 de l&rsquo;exposition aux champs \u00e9lectromagn\u00e9tiques, sont de nature thermiques alors que de nombreux scientifiques ont d\u00e9montr\u00e9 qu&rsquo;il y avait bien des affections et effets qui n&rsquo;ont absolument rien \u00e0 voir avec les effets thermiques (effets non thermiques ou sp\u00e9cifiques) \u00e0 des niveaux tr\u00e8s inf\u00e9rieurs aux seuils d&rsquo;exposition mis en place par l&rsquo;ICNIRP.<\/p>\n<p>(\u2026)<\/p>\n<p>Des mesures ont \u00e9t\u00e9 effectu\u00e9es (en chambre an\u00e9cho\u00efque) pour validation entre 22 et 40 GHz et entre 50 et 67 GHz afin de v\u00e9rifier que le mod\u00e8le choisi \u00e9tait adapt\u00e9 \u00e0 de petits \u00e9l\u00e9ments de v\u00e9g\u00e9tation dans un environnement urbain. La perte n\u2019est pas tr\u00e8s pr\u00e9occupante dans le cas sans feuilles car moins de 30% de la puissance est perdue. Dans le cas o\u00f9 il y a du feuillage, la perte est syst\u00e9matiquement de 90% sur toute la gamme de fr\u00e9quences.<\/p>\n<p>On veut v\u00e9g\u00e9taliser et reverdir les villes, notamment pour lutter contre les vagues de chaleur appel\u00e9es \u00e0 se multiplier et pour contribuer \u00e0 r\u00e9duire la pollution de l\u2019air, et dans le m\u00eame temps les op\u00e9rateurs se pr\u00e9parent \u00e0 d\u00e9ployer la \u00ab 5G \u00bb en milieu urbain. Ce rapport nous montre que les deux objectifs ne sont pas compatibles<\/p>\n<p>Les effets de l\u2019environnement naturel et b\u00e2ti sur les ondes radio millim\u00e9triques sont d\u00e9montr\u00e9s dans le rapport britannique sur les arbres et la \u00ab 5G \u00bb5.<\/p>\n<p>Les \u00e9tudes disponibles montrent \u00e9galement des effets inqui\u00e9tants sur les insectes. Par exemple que les rayonnements de la \u00ab 5G \u00bb peuvent faire grimper la temp\u00e9rature \u00e0 la surface des insectes, bien plus qu\u2019avec les ondes de la \u00ab 3G \u00bb ou de la \u00ab 4G \u00bb.<\/p>\n<p><a href=\"http:\/\/bit.ly\/Arbres_5G\">http:\/\/bit.ly\/Arbres_5G<\/a><\/p>\n<p>&nbsp;<\/p>\n<p>&nbsp;<\/p>\n<p>&nbsp;<\/p>\n<h1 style=\"text-align: center;\">&#8230;&#8230;&#8230;&#8230;&#8230;&#8230;&#8230;&#8230;&#8230;.<\/h1>\n<p>&nbsp;<\/p>\n<h1 style=\"text-align: center;\"><strong>\u00a0FICHE DE SYNTH\u00c8SE : ANTENNES RELAIS, QUE NOUS RESTE-T-IL POUR AGIR ? Par Robin des Toits<\/strong><\/h1>\n<h3 style=\"text-align: center;\">En PDF<\/h3>\n<h3 style=\"text-align: center;\"><a href=\"https:\/\/ccaves.org\/blog\/wp-content\/uploads\/FICHE-DE-SYNTH\u00c8SE-RDT-final-vers-Antennes-relais-1.pdf\" target=\"_blank\" rel=\"noopener noreferrer\">Lire ici<\/a><\/h3>\n<h3 style=\"text-align: center;\"><\/h3>\n<p style=\"text-align: center;\">Extraits\u00a0:<\/p>\n<p style=\"text-align: center;\">\u00ab\u00a0Les caract\u00e9ristiques techniques que l\u2019on trouve dans les DIM transmis par les op\u00e9rateurs, sont souvent<\/p>\n<p style=\"text-align: center;\">identiques et standard, ce qui donne approximativement, et de mani\u00e8re r\u00e9currente, les estimations<\/p>\n<p style=\"text-align: center;\">suivantes :<\/p>\n<p style=\"text-align: center;\">Les puissances cumul\u00e9es \u00e9mises dans une direction donn\u00e9e varient de 1000 \u00e0 2000 Watts, d\u2019o\u00f9 des valeurs<\/p>\n<p style=\"text-align: center;\">d\u2019exposition de:<\/p>\n<p style=\"text-align: center;\">&#8211; 1,5 \u00e0 3 V\/m \u00e0 100m<\/p>\n<p style=\"text-align: center;\">&#8211; 0,5 \u00e0 1 V\/m \u00e0 300m<\/p>\n<p style=\"text-align: center;\">Il faut se situer \u00e0 600m pour descendre en dessous de 0,6 V\/m.<\/p>\n<p style=\"text-align: center;\">La R\u00e9solution 1815 du Conseil de l&rsquo;Europe (27 mai 2011), qui prend en compte les effets biologiques,<\/p>\n<p style=\"text-align: center;\">pr\u00e9conise des valeurs &lt; 0,6V\/m, pour des dur\u00e9es &lt; 4h, et &lt; 0,2V\/m en permanence.<\/p>\n<p style=\"text-align: center;\">Par comparaison, les seuils officiels de valeurs limites d\u2019exposition (qui ne tiennent compte que de<\/p>\n<p style=\"text-align: center;\">l&rsquo;effet thermique) sont compris entre 41 V\/m et 61 V\/m selon les fr\u00e9quences, ce qui est \u00e9norme.<\/p>\n<p style=\"text-align: center;\">La puissance d\u2019\u00e9mission des antennes 5G est en moyenne 2 fois sup\u00e9rieure \u00e0 celle des antennes 4G.<\/p>\n<p>&nbsp;<\/p>\n<p style=\"text-align: center;\"><strong>Vouloir limiter la croissance du nombre d\u2019antennes relais dans notre environnement doit passer <\/strong><strong>n\u00e9cessairement par la limitation drastique du volume de nos donn\u00e9es mobiles.<\/strong><\/p>\n<p style=\"text-align: center;\">Voir cette fiche RDT :<\/p>\n<p style=\"text-align: center;\">https:\/\/www.robindestoits.org\/SMARTPHONES-CONSEILS-POUR-UN-USAGE-RAISONNE_a2856.html<\/p>\n<p>&nbsp;<\/p>\n<p style=\"text-align: center;\"><strong>Nous ne capitulons pas, mais nous pensons que le pouvoir est maintenant entre les mains des <\/strong><strong>consommateurs de technologies sans fil, \u00e0 qui nous conseillons de r\u00e9server l\u2019usage du mobile \u00e0 la <\/strong><strong>t\u00e9l\u00e9phonie vocale.<\/strong><\/p>\n<p style=\"text-align: center;\">https:\/\/www.robindestoits.org\/POLLUTION-ELECTROMAGNETIQUE-LIMITER-SON-EXPOSITION_a2661.html<\/p>\n<p>&nbsp;<\/p>\n<h1 style=\"text-align: center;\"><strong>&#8230;&#8230;&#8230;&#8230;&#8230;&#8230;&#8230;&#8230;.<\/strong><\/h1>\n<p>&nbsp;<\/p>\n<h1 class=\"entry-title\" style=\"text-align: center;\"><strong>COVID-19 : EN ROUTE POUR LA 5G ?<\/strong><\/h1>\n<h3 style=\"text-align: center;\">Le gouvernement a offert gr\u00e2ce \u00e0 l\u2019\u00e9tat d\u2019urgence sanitaire une libert\u00e9 totale aux op\u00e9rateurs de t\u00e9l\u00e9phonie mobile pour implanter de nouvelles antennes-relais. Les associations d\u00e9noncent une mesure incontr\u00f4lable, qui pourrait permettre \u00e0 l\u2019industrie de pr\u00e9parer discr\u00e8tement le d\u00e9ploiement de la 5G.<\/h3>\n<p>&nbsp;<\/p>\n<h2 style=\"text-align: center;\"><a href=\"https:\/\/lagedefaire-lejournal.fr\/covid-19-en-route-pour-la-5g\/\" target=\"_blank\" rel=\"noopener noreferrer\">Lire ici sur l&rsquo;Age de Faire<\/a><\/h2>\n<p style=\"text-align: center;\">Extraits :<\/p>\n<p style=\"text-align: center;\">\u00ab\u00a0La F\u00e9d\u00e9ration fran\u00e7aise des t\u00e9l\u00e9coms nous indique ainsi qu\u2019il <em>\u00abs\u2019agit de pouvoir intervenir en urgence pour garantir l\u2019int\u00e9grit\u00e9 du r\u00e9seau dans cette p\u00e9riode in\u00e9dite de confinement, le cas \u00e9ch\u00e9ant en installant des \u00e9quipements \u00e0 titre temporaire qui devront \u00eatre d\u00e9mont\u00e9s au plus tard dans les deux mois post \u00e9tat d\u2019urgence sanitaire\u00bb. (&#8230;)<\/em><\/p>\n<p style=\"text-align: center;\">Vincent Corneloup\u00a0 (avocat de Robin des Toits) exprime donc la n\u00e9cessit\u00e9 d\u2019une double vigilance. <em>\u00abLorsque l\u2019\u00e9tat d\u2019urgence sera fini, soit les nouvelles installations devront \u00eatre d\u00e9mont\u00e9es, soit elles devront \u00eatre soumises au r\u00e9gime de contr\u00f4le normal (autorisation de l\u2019ANFR, d\u00e9p\u00f4t d\u2019un dossier d\u2019information mairie et d\u2019une d\u00e9claration pr\u00e9alable). Donc, si quelqu\u2019un voit une antenne \u00eatre implant\u00e9e pr\u00e8s de chez lui, il doit en prendre acte et pourra agir \u00e0 la fin du confinement.\u00bb<\/em>\u00a0Deuxi\u00e8me vigilance\u00a0: de nouvelles antennes ne peuvent \u00eatre install\u00e9es\u00a0<em>\u00abque si c\u2019est strictement n\u00e9cessaire pour assurer le service durant l\u2019\u00e9tat d\u2019urgence sanitaire. Il est absolument hors de question que les op\u00e9rateurs en profitent pour installer par exemple du mat\u00e9riel 5G!\u00bb<\/em><\/p>\n<p style=\"text-align: center;\">(&#8230;)<\/p>\n<p style=\"text-align: center;\">Mais qui aura la capacit\u00e9 de v\u00e9rifier que cet engagement est bien tenu? Et que les industriels ne vont pas en profiter pour installer ou pr\u00e9-installer des dispositifs qui seront par la suite utilis\u00e9s pour la 5G, pr\u00e9vu pour couvrir l\u2019ensemble du territoire?\u00a0<em>\u00abNous savons que, \u00e9conomiquement, les op\u00e9rateurs n\u2019ont pas int\u00e9r\u00eat \u00e0 implanter des antennes dans les zones grises, tr\u00e8s peu peupl\u00e9es,<\/em>\u00a0explique Pierre-Marie Th\u00e9veniaud.\u00a0<em>S\u2019ils le font, on peut donc soup\u00e7onner que c\u2019est en pr\u00e9vision du d\u00e9ploiement de la 5G. C\u2019est le sens de la demande du gouvernement de couvrir l\u2019ensemble du territoire.\u00bb<\/em><\/p>\n<p style=\"text-align: center;\">Une crainte largement partag\u00e9e dans le milieu associatif. Dans un\u00a0<a href=\"https:\/\/www.priartem.fr\/Numerique-et-COVID19-Le.html\">communiqu\u00e9 commun<\/a>, Priartem (1), France Nature Environnement, CNAFAL (2) et Agir pour l\u2019Environnement d\u00e9noncent\u00a0<em>\u00abun coup bas, port\u00e9 \u00e0 ce dossier particuli\u00e8rement sensible, dans une p\u00e9riode exceptionnelle durant laquelle l\u2019acc\u00e8s \u00e0 l\u2019information, \u00e0 la participation citoyenne et \u00e0 la justice en mati\u00e8re d\u2019environnement et de droit des tiers est entrav\u00e9. Sous pr\u00e9texte de se pr\u00e9munir contre la mont\u00e9e en charge des r\u00e9seaux, il s\u2019agit d\u2019une v\u00e9ritable aubaine pour les op\u00e9rateurs qui pourront, en toute discr\u00e9tion, augmenter la puissance d\u2019antennes, couvrir \u00e0 peu de frais les zones blanches ou grises voire anticiper le d\u00e9ploiement de la 5G\u00a0\u00bb.<\/em><\/p>\n<p style=\"text-align: center;\">(&#8230;)<\/p>\n<p style=\"text-align: center;\">Et donc, on va augmenter les effets sanitaires li\u00e9s aux ondes, s\u2019inqui\u00e8te Pierre-Marie Th\u00e9veniaud. <em>\u00abDes \u00e9tudes montrent une diminution des d\u00e9fenses immunitaires en cas d\u2019exposition aux ondes, et cela d\u00e8s 1,3 V\/m, des valeurs qui pourraient \u00eatre atteintes tr\u00e8s r\u00e9guli\u00e8rement avec ces ordonnances. Donc les gens d\u00e9j\u00e0 affaiblis auront encore une baisse de leurs d\u00e9fenses immunitaires, sp\u00e9cialement les personnes \u00e9lectrohypersensibles. Quand notre cher secr\u00e9taire d\u2019\u00c9tat parle de quelques cas qui se trouvent dans cette situation<\/em>\u00a0[lors d\u2019une\u00a0<a href=\"https:\/\/www.franceinter.fr\/emissions\/le-telephone-sonne\/le-telephone-sonne-29-mars-2020\">\u00e9mission sur France Inter du 29 mars<\/a>, au cours de laquelle C\u00e9dric O a \u00e9t\u00e9 interpell\u00e9 par une auditrice \u00e9lectrohypersensible, Ndlr],<em>\u00a0ce n\u2019est pas s\u00e9rieux\u00a0: un rapport de l\u2019Anses parle de cinq millions de personnes! Cette fa\u00e7on de nier leur existence est extr\u00eamement choquante!\u00bb<\/em><\/p>\n<p style=\"text-align: center;\">(&#8230;)<\/p>\n<p style=\"text-align: center;\">Stephen Kerckhove:\u00a0<em>\u00abD\u2019un c\u00f4t\u00e9, on affirme qu\u2019avec le coronavirus, plus rien ne sera pareil, que tout est en train de changer\u2026 Bref, on nous refait le coup du tournant \u00e9cologique de Macron qui a \u00e9t\u00e9 annonc\u00e9 trois fois d\u00e9j\u00e0, avec tout le verbiage habituel. L\u00e0, il y a une situation d\u2019urgence, et on va appliquer les recettes du pass\u00e9 pour pr\u00e9parer le monde de demain: le gouvernement pr\u00e9pare des exemptions fiscales massives, un plan de relance de l\u2019industrie carbon\u00e9e\u2026 Les exceptions li\u00e9es \u00e0 l\u2019implantation des antennes sont du m\u00eame acabit\u00a0: plut\u00f4t que de r\u00e9interroger l\u2019hyperconnection et la consommation d\u2019\u00e9nergie li\u00e9e \u00e0 tous ces r\u00e9seaux, on va faciliter les installations pour permettre d\u2019en acc\u00e9l\u00e9rer le d\u00e9veloppement.\u00a0\u00bb<\/em><\/p>\n<p>&nbsp;<\/p>\n<h1 style=\"text-align: center;\">&#8230;&#8230;&#8230;&#8230;&#8230;&#8230;&#8230;&#8230;..<\/h1>\n<p>&nbsp;<\/p>\n<h1 class=\"page-title\" style=\"text-align: center;\"><strong>Quelle sera la puissance r\u00e9elle d\u2019\u00e9mission des antennes relais 5G ?<\/strong><\/h1>\n<p style=\"text-align: center;\">Par David Bruno, 21 septembre 2019<\/p>\n<h2 style=\"text-align: center;\"><a href=\"https:\/\/www.ondes-expertise.com\/antennes-relais\/puissance-reelle-emission-5g\/\" target=\"_blank\" rel=\"noopener noreferrer\">Lire ici<\/a><\/h2>\n<p style=\"text-align: center;\">\u00ab\u00a0(&#8230;) je me suis procur\u00e9 par l\u2019interm\u00e9diaire de l\u2019autorit\u00e9 nationale des fr\u00e9quences (ANFR).<\/p>\n<p style=\"text-align: center;\">En voici ci-dessous la synth\u00e8se et les conclusions\u00a0\u00bb<\/p>\n<ul>\n<li><strong>Les antennes relais 5G dans la bande 3400 \u00e0 3800 Mhz \u00e9mettront \u00e0 elles seules des rayonnements \u00e9lectromagn\u00e9tiques 2 fois plus forts que la somme des antennes relais des technologies 2G, 3G et 4G r\u00e9unies (1)<\/strong><\/li>\n<li><strong>De plus, d\u2019autres bandes de fr\u00e9quences 5G sont pr\u00e9vues: 1427 Mhz \u00e0 1517 Mhz : 24.25 \u00e0 27.5 GHz \u00e9galement.(https:\/\/www.ondes-expertise.com\/antennes-relais\/puissance-reelle-emission-5g\/) (1)<\/strong><\/li>\n<li><strong>Les riverains des antennes relais seront dans un futur proche expos\u00e9s \u00e0 des niveaux de densit\u00e9 de puissance en W\/m\u00b2, au minimum 3 fois sup\u00e9rieurs \u00e0 ceux d\u2019aujourd\u2019hui (1- https:\/\/www.ondes-expertise.com\/antennes-relais\/puissance-reelle-emission-5g\/)<\/strong><\/li>\n<\/ul>\n<p>&nbsp;<\/p>\n<p>&nbsp;<\/p>\n<h2 style=\"text-align: center;\"><strong>&#8230;&#8230;&#8230;&#8230;&#8230;&#8230;&#8230;&#8230;&#8230;&#8230;&#8230;&#8230;..<\/strong><\/h2>\n<p>&nbsp;<\/p>\n<h1 class=\"title style-scope ytd-video-primary-info-renderer\" style=\"text-align: center;\"><strong>50.000 satellites 5G ? Pourquoi faire ? Entretien avec Jean-Marie LOPEZ, <\/strong><\/h1>\n<h3 class=\"title style-scope ytd-video-primary-info-renderer\" style=\"text-align: center;\">astronome et Pr\u00e9sident de la Soci\u00e9t\u00e9 Astronomique de Montpellier et Pr\u00e9sident de l\u2019Observatoire des C\u00e9vennes (situ\u00e9 dans le Parc Naturel des C\u00e9vennes).<\/h3>\n<p>&nbsp;<\/p>\n<p>&nbsp;<\/p>\n\n<div data-mode=\"normal\" data-oembed=\"1\" data-provider=\"youtube\" id=\"arve-youtube-obgtngren-s\" style=\"max-width:800px;\" class=\"arve\">\n\t<div class=\"arve-inner\">\n\t\t<div class=\"arve-embed arve-embed--has-aspect-ratio\">\n\t\t\t<div class=\"arve-ar\" style=\"padding-top:56.250000%\"><\/div>\n\t\t\t<iframe allow=\"accelerometer &#039;none&#039;;autoplay &#039;none&#039;;bluetooth &#039;none&#039;;browsing-topics &#039;none&#039;;camera &#039;none&#039;;clipboard-read &#039;none&#039;;clipboard-write;display-capture &#039;none&#039;;encrypted-media &#039;none&#039;;gamepad &#039;none&#039;;geolocation &#039;none&#039;;gyroscope &#039;none&#039;;hid &#039;none&#039;;identity-credentials-get &#039;none&#039;;idle-detection &#039;none&#039;;keyboard-map &#039;none&#039;;local-fonts;magnetometer &#039;none&#039;;microphone &#039;none&#039;;midi &#039;none&#039;;otp-credentials &#039;none&#039;;payment &#039;none&#039;;picture-in-picture;publickey-credentials-create &#039;none&#039;;publickey-credentials-get &#039;none&#039;;screen-wake-lock &#039;none&#039;;serial &#039;none&#039;;summarizer &#039;none&#039;;sync-xhr;usb &#039;none&#039;;web-share;window-management &#039;none&#039;;xr-spatial-tracking &#039;none&#039;;\" allowfullscreen=\"\" class=\"arve-iframe fitvidsignore\" credentialless data-arve=\"arve-youtube-obgtngren-s\" data-lenis-prevent=\"\" data-src-no-ap=\"https:\/\/www.youtube.com\/embed\/OBgtnGREn-s?feature=oembed&amp;iv_load_policy=3&amp;modestbranding=1&amp;rel=0&amp;autohide=1&amp;playsinline=0&amp;autoplay=0\" frameborder=\"0\" height=\"450\" loading=\"lazy\" name=\"\" referrerpolicy=\"strict-origin-when-cross-origin\" sandbox=\"allow-scripts allow-same-origin allow-presentation allow-popups allow-popups-to-escape-sandbox\" scrolling=\"no\" src=\"https:\/\/www.youtube.com\/embed\/OBgtnGREn-s?feature=oembed&#038;iv_load_policy=3&#038;modestbranding=1&#038;rel=0&#038;autohide=1&#038;playsinline=0&#038;autoplay=0\" title=\"\" width=\"800\"><\/iframe>\n\t\t\t\n\t\t<\/div>\n\t\t\n\t<\/div>\n\t\n\t\n\t<script type=\"application\/ld+json\">{\"@context\":\"http:\\\/\\\/schema.org\\\/\",\"@id\":\"https:\\\/\\\/ccaves.org\\\/blog\\\/antennes-relais-4g-5g-micro-antennes-antennes-relais-directive-photonique\\\/#arve-youtube-obgtngren-s\",\"type\":\"VideoObject\",\"embedURL\":\"https:\\\/\\\/www.youtube.com\\\/embed\\\/OBgtnGREn-s?feature=oembed&iv_load_policy=3&modestbranding=1&rel=0&autohide=1&playsinline=0&autoplay=0\"}<\/script>\n\t\n<\/div>\n<p>&nbsp;<\/p>\n<h1 style=\"text-align: center;\"><strong>Plus de 1500 astronomes appellent \u00e0 stopper urgemment le lancement des satellites 5G<\/strong><\/h1>\n<p style=\"text-align: center;\">4 f\u00e9vrier 2020<\/p>\n<p style=\"text-align: center;\">http:\/\/stoplinkymtp.over-blog.com\/2020\/01\/appel-de-166-astronomes-le-14-janv.2020-a-stopper-urgemment-le-lancement-des-satellites-5g.html<\/p>\n<p style=\"text-align: center;\">\u00a0(&#8230;) A\u0300 moyen et long terme, cela diminuera conside\u0301rablement notre vue de l&rsquo;Univers, cre\u0301era plus de de\u0301bris spatiaux et privera l&rsquo;humanite\u0301 d&rsquo;une vue sans tache sur le ciel nocturne. Il a e\u0301te\u0301 calcule\u0301 que la plupart de ces satellites seront visibles a\u0300 l&rsquo;\u0153il nu (avec une luminosite\u0301 comprise entre la 3e\u0300me et la 7e\u0300me magnitude, atteignant la luminosite\u0301 des e\u0301toiles dans la constellation de la Petite Ourse (il n&rsquo;y a que 172 e\u0301toiles dans le ciel entier de\u0301passant la luminosite\u0301 attendue des satellites Starlink, en particulier dans la p\u00e9riode apr\u00e8s le coucher et avant le lever du soleil). Ainsi, avec les satellites 50k, la \u00abnormalite\u0301\u00bb sera un ciel encombre\u0301 d&rsquo;objets artificiels (chaque degre\u0301 carre\u0301 du ciel aura un satellite s\u2019y d\u00e9pla\u00e7ant lentement tout au long d\u2019une nuit d\u2019observation.<\/p>\n<p style=\"text-align: center;\">Ce n\u2019est pas seulement les observations avec des t\u00e9lescopes a\u0300 champ large qui seront d\u00e9t\u00e9rior\u00e9es (par exemple LSST [2] ou VST [3] ou Pan-STARRS [4],&#8230;), mais \u00e9galement les expositions profondes \/ longues avec des installations \u00a0de petit champ qui le seront ine\u0301vitablement aussi, voir photo et [7].<\/p>\n<p style=\"text-align: center;\">(\u2026)<\/p>\n<p style=\"text-align: center;\">Pour aggraver la situation, avec le de\u0301veloppement technologique actuel, la densite\u0301 pre\u0301vue d&rsquo;e\u0301metteurs radiofre\u0301quences est impossible a\u0300 envisager. En plus des millions de nouvelles stations de base de points d&rsquo;acce\u0300s sans fil commerciaux sur Terre directement connecte\u0301es aux environ 50 000 nouveaux satellites dans l&rsquo;espace, produiront au moins 200 milliards de nouveaux objets de transmission, selon les estimations, dans le cadre de l&rsquo;Internet des objets (IoT) d&rsquo;ici 2020-2022, et mille milliards d&rsquo;objets quelques anne\u0301es plus tard. Un si grand nombre d\u2019e\u0301missions radioe\u0301lectriques pourrait rendre impossible la radioastronomie stations au sol sans une r\u00e9elle protection fournie des zones de s\u00e9curit\u00e9 dans les pays o\u00f9 sont implant\u00e9es des installations de radioastronomie. Nous souhaitons e\u0301viter que le de\u0301veloppement technologique sans r\u00e9gulation se\u0301rieuse ne transforme la pratique de la radioastronomie en une science disparue.<\/p>\n<h1><\/h1>\n<h1 style=\"text-align: center;\">&#8230;&#8230;&#8230;&#8230;&#8230;&#8230;&#8230;&#8230;&#8230;&#8230;.<\/h1>\n<p>&nbsp;<\/p>\n<h1 style=\"text-align: center;\"><strong>La 5G se d\u00e9ploie alors que ses effets sur la sant\u00e9 ne sont pas \u00e9valu\u00e9s\u00a0<\/strong><\/h1>\n<p style=\"text-align: center;\">article de Reporterre, <span class=\"datepublication\"><span id=\"25\">25<\/span>\u00a0<span id=\"f\u00e9vrier\">f\u00e9vrier<\/span>\u00a0<span id=\"2020\">2020<\/span><\/span>\u00a0\/\u00a0<a class=\"lienauteur\" href=\"https:\/\/reporterre.net\/spip.php?page=memeauteur&amp;auteur=Laury-Anne+Cholez+%28Reporterre%29\">Laury-Anne Cholez\u00a0<\/a><\/p>\n<p>&nbsp;<\/p>\n<h2 style=\"text-align: center;\"><a href=\"https:\/\/reporterre.net\/La-5G-se-deploie-alors-que-ses-effets-sur-la-sante-ne-sont-pas-evalues\" target=\"_blank\" rel=\"noopener noreferrer\">Lire ici<\/a><\/h2>\n<p>&nbsp;<\/p>\n<p style=\"text-align: center;\">Sur le lobby industriel de la t\u00e9l\u00e9phonie, cette p\u00e9pite du Directeur de l&rsquo;Arcep qui est l&rsquo;autorit\u00e9 des t\u00e9l\u00e9coms&#8230; :<\/p>\n<p style=\"text-align: center;\">\u00ab\u00a0M\u00eame si les scientifiques r\u00e9ussissent \u00e0 faire leur travail, les responsables politiques auront-ils le courage de freiner le d\u00e9ploiement de cette nouvelle technologie<small class=\"fine\">\u00a0<\/small>? S\u00e9bastien Soriano, le directeur de\u00a0l\u2019Autorit\u00e9 de r\u00e9gulation des communications \u00e9lectroniques et des postes (Arcep) demeure sceptique.\u00a0<a class=\"spip_out\" href=\"https:\/\/www.01net.com\/actualites\/pourquoi-la-5g-est-une-mauvaise-nouvelle-pour-l-environnement-1846716.html\" rel=\"external\">Interrog\u00e9 par le site 01.net<\/a>\u00a0sur l\u2019incessant renouvellement des standards t\u00e9l\u00e9phoniques, il confesse son impuissance\u00a0:\u00a0<i>\u00ab<small class=\"fine\">\u00a0<\/small>Cela d\u00e9passe largement le cadre de l\u2019Arcep et c\u2019est une question plus g\u00e9n\u00e9rale que les t\u00e9l\u00e9coms. Ce sont les consortiums qui animent les agendas de mani\u00e8re informelle. Il est peut-\u00eatre temps que le politique ait son mot \u00e0 dire<small class=\"fine\">\u00a0<\/small>\u00bb<\/i>. Une d\u00e9claration qui a fait bondir St\u00e9phen Kerckhove, d\u00e9l\u00e9gu\u00e9 g\u00e9n\u00e9ral de l\u2019association\u00a0<a class=\"spip_out\" href=\"https:\/\/www.agirpourlenvironnement.org\/\" rel=\"external\">Agir pour l\u2019environnement<\/a>\u00a0:\u00a0<i>\u00ab<small class=\"fine\">\u00a0<\/small>Cela montre bien que la succession de nouvelles technologies est promue par des op\u00e9rateurs et qu\u2019il serait temps que l\u2019\u00c9tat reprenne la main pour mieux r\u00e9guler tout \u00e7a<small class=\"fine\">\u00a0<\/small>\u00bb<\/i>.<\/p>\n<p>&#8230;&#8230;&#8230;..<\/p>\n<div style=\"text-align: center;\">\u00ab\u00a0Toutefois, il serait pertinent, pour une question de cr\u00e9dibilit\u00e9 de cesser de parler d&rsquo;ondes millim\u00e9triques pour la 5G en Europe (&#8230;) La 5G d\u00e9ploy\u00e9e en phase 1, 3,5 GHz, longueur d&rsquo;onde 10cm, en phase 2, 26 GHz, longueur d&rsquo;onde environ 1 cm. Sans oublier la 5G bas d\u00e9bit 700MHz pour les zones rurales, longueur d&rsquo;onde environ 50cm!<\/div>\n<div style=\"text-align: center;\">1mm de longueur d&rsquo;onde vaut pour 300 GHz.<\/div>\n<div style=\"text-align: center;\">Il faut arr\u00eater, en Europe de copier ce qui s&rsquo;\u00e9crit sur le continent am\u00e9ricain: aux USA et Canada, la 5G se d\u00e9ploiera entre autres sur le bande des 95Ghz, donc environ 3 mm de longueur d&rsquo;onde<\/div>\n<div style=\"text-align: center;\">Donc eux peuvent parler d&rsquo;ondes millim\u00e9triques, pas nous en Europe.\u00a0\u00bb<\/div>\n<div style=\"text-align: center;\"><\/div>\n<div>\n<div dir=\"ltr\" data-smartmail=\"gmail_signature\">\n<div dir=\"ltr\">\n<div dir=\"ltr\">\n<div dir=\"ltr\">\n<div dir=\"ltr\">\n<div dir=\"ltr\">\n<div dir=\"ltr\">\n<div dir=\"ltr\">\n<div dir=\"ltr\">\n<div dir=\"ltr\">\n<div dir=\"ltr\">\n<div dir=\"ltr\">\n<div dir=\"ltr\">\n<p style=\"text-align: center;\"><span style=\"font-family: comic sans ms, sans-serif; font-size: small;\">Patrice Goyaud \u00a0 \u00a0 \u00a0 \u00a0 \u00a0 \u00a0 \u00a0 \u00a0 \u00a0 \u00a0 \u00a0 \u00a0 \u00a0 \u00a0 \u00a0 \u00a0 \u00a0 \u00a0 \u00a0 \u00a0<\/span><b><i>ROBIN DES TOITS 81<\/i><\/b><\/p>\n<p style=\"text-align: center;\">\n<\/div>\n<\/div>\n<\/div>\n<\/div>\n<\/div>\n<\/div>\n<\/div>\n<\/div>\n<\/div>\n<\/div>\n<\/div>\n<\/div>\n<\/div>\n<\/div>\n<h1 style=\"text-align: center;\"><strong>&#8230;&#8230;&#8230;&#8230;&#8230;&#8230;&#8230;&#8230;&#8230;&#8230;.<\/strong><\/h1>\n<p>&nbsp;<\/p>\n<h1 style=\"text-align: center;\"><strong>Tract <\/strong><\/h1>\n<h1 style=\"text-align: center;\"><strong>\u00ab\u00a0La face cach\u00e9e du num\u00e9rique : <\/strong><\/h1>\n<h1 style=\"text-align: center;\"><strong>plus on d\u00e9mat\u00e9rialise, plus on utilise de mati\u00e8re\u00a0\u00bb<\/strong><\/h1>\n<p style=\"text-align: center;\">par les collectifs du Vallon et du sud-ouest Aveyron d&rsquo;information sur les objets connect\u00e9s et champs \u00e9lectromagn\u00e9tiques<\/p>\n<p style=\"text-align: center;\"><a href=\"https:\/\/ccaves.org\/blog\/wp-content\/uploads\/tract-face-cach\u00e9e-du-num\u00e9rique-version-collectifvallon-14-janvier-2020-2.pdf\" target=\"_blank\" rel=\"noopener noreferrer\">Lire et t\u00e9l\u00e9charger ici<\/a><\/p>\n<p>&nbsp;<\/p>\n<h2 style=\"text-align: center;\"><strong>Le co\u00fbt \u00e9cologique du num\u00e9rique en version plus d\u00e9taill\u00e9e<\/strong><\/h2>\n<p style=\"text-align: center;\"><a href=\"https:\/\/ccaves.org\/blog\/wp-content\/uploads\/co\u00fbt-\u00e9cologique-du-num\u00e9rique-extrait-lettre-rodez-smart-city-17012020-1.pdf\" target=\"_blank\" rel=\"noopener noreferrer\">Lire ici<\/a><\/p>\n<p style=\"text-align: center;\" align=\"LEFT\"><span style=\"color: #000000;\"><span style=\"font-family: Times New Roman, serif;\"><span style=\"font-size: medium;\">Une consommation \u00e9lectrique et des gaz \u00e0 effets de serres importants.<\/span><\/span><\/span><\/p>\n<p style=\"text-align: center;\" align=\"LEFT\"><span style=\"color: #000000;\"><span style=\"font-family: Times New Roman, serif;\"><span style=\"font-size: medium;\">Des mati\u00e8res premi\u00e8res surexploit\u00e9es<\/span><\/span><\/span><\/p>\n<p style=\"text-align: center;\" align=\"LEFT\"><span style=\"color: #000000;\"><span style=\"font-family: Times New Roman, serif;\"><span style=\"font-size: medium;\">Consommation des op\u00e9rateurs de t\u00e9l\u00e9phonie mobile, de la 5 G et de la smart city\u00a0<\/span><\/span><\/span><\/p>\n<h1 style=\"text-align: center;\"><strong>&#8230;&#8230;&#8230;&#8230;&#8230;&#8230;&#8230;&#8230;&#8230;&#8230;<\/strong><\/h1>\n<p>&nbsp;<\/p>\n<h1 style=\"text-align: center;\"><strong>La 5G d\u00e9tecteur de mensonges<\/strong><\/h1>\n<p style=\"text-align: center;\"><strong>article du Canard Ench\u00e2in\u00e9 du 12 f\u00e9vrier 2020<\/strong><\/p>\n<p style=\"text-align: center;\">D\u00e9tecteurs de mensonges des \u00e9lus qui se disent \u00e9cologistes&#8230;<\/p>\n<p style=\"text-align: center;\"><a href=\"https:\/\/ccaves.org\/blog\/wp-content\/uploads\/Canard-12-02-2020-5G-D\u00e9tecteur-de-mensonges.pdf\" target=\"_blank\" rel=\"noopener noreferrer\">Lire ici<\/a><\/p>\n<h1 style=\"text-align: center;\"><strong>&#8230;&#8230;&#8230;&#8230;&#8230;&#8230;&#8230;&#8230;&#8230;&#8230;&#8230;&#8230;..<\/strong><\/h1>\n<h1 style=\"text-align: center;\"><strong>Si j&rsquo;ai la 5G<\/strong><\/h1>\n<p style=\"text-align: center;\"><strong>article du Canard Encha\u00een\u00e9 du 15 janvier 2020<\/strong><\/p>\n<p style=\"text-align: center;\"><a href=\"https:\/\/ccaves.org\/blog\/wp-content\/uploads\/5G-Le-Canard-2020.jpg\" target=\"_blank\" rel=\"noopener noreferrer\">Lire ici<\/a><\/p>\n<h1 style=\"text-align: center;\"><strong>&#8230;&#8230;&#8230;&#8230;&#8230;&#8230;&#8230;&#8230;&#8230;&#8230;&#8230;..<\/strong><\/h1>\n<h1 class=\"title style-scope ytd-video-primary-info-renderer\" style=\"text-align: center;\"><strong>Ondes Science et Manigances<\/strong><\/h1>\n\n<div data-mode=\"normal\" data-oembed=\"1\" data-provider=\"youtube\" id=\"arve-youtube-mxfxuokgauo\" style=\"max-width:800px;\" class=\"arve\">\n\t<div class=\"arve-inner\">\n\t\t<div class=\"arve-embed arve-embed--has-aspect-ratio\">\n\t\t\t<div class=\"arve-ar\" style=\"padding-top:56.250000%\"><\/div>\n\t\t\t<iframe allow=\"accelerometer &#039;none&#039;;autoplay &#039;none&#039;;bluetooth &#039;none&#039;;browsing-topics &#039;none&#039;;camera &#039;none&#039;;clipboard-read &#039;none&#039;;clipboard-write;display-capture &#039;none&#039;;encrypted-media &#039;none&#039;;gamepad &#039;none&#039;;geolocation &#039;none&#039;;gyroscope &#039;none&#039;;hid &#039;none&#039;;identity-credentials-get &#039;none&#039;;idle-detection &#039;none&#039;;keyboard-map &#039;none&#039;;local-fonts;magnetometer &#039;none&#039;;microphone &#039;none&#039;;midi &#039;none&#039;;otp-credentials &#039;none&#039;;payment &#039;none&#039;;picture-in-picture;publickey-credentials-create &#039;none&#039;;publickey-credentials-get &#039;none&#039;;screen-wake-lock &#039;none&#039;;serial &#039;none&#039;;summarizer &#039;none&#039;;sync-xhr;usb &#039;none&#039;;web-share;window-management &#039;none&#039;;xr-spatial-tracking &#039;none&#039;;\" allowfullscreen=\"\" class=\"arve-iframe fitvidsignore\" credentialless data-arve=\"arve-youtube-mxfxuokgauo\" data-lenis-prevent=\"\" data-src-no-ap=\"https:\/\/www.youtube.com\/embed\/MXfXUokgAUo?feature=oembed&amp;iv_load_policy=3&amp;modestbranding=1&amp;rel=0&amp;autohide=1&amp;playsinline=0&amp;autoplay=0\" frameborder=\"0\" height=\"450\" loading=\"lazy\" name=\"\" referrerpolicy=\"strict-origin-when-cross-origin\" sandbox=\"allow-scripts allow-same-origin allow-presentation allow-popups allow-popups-to-escape-sandbox\" scrolling=\"no\" src=\"https:\/\/www.youtube.com\/embed\/MXfXUokgAUo?feature=oembed&#038;iv_load_policy=3&#038;modestbranding=1&#038;rel=0&#038;autohide=1&#038;playsinline=0&#038;autoplay=0\" title=\"\" width=\"800\"><\/iframe>\n\t\t\t\n\t\t<\/div>\n\t\t\n\t<\/div>\n\t\n\t\n\t<script type=\"application\/ld+json\">{\"@context\":\"http:\\\/\\\/schema.org\\\/\",\"@id\":\"https:\\\/\\\/ccaves.org\\\/blog\\\/antennes-relais-4g-5g-micro-antennes-antennes-relais-directive-photonique\\\/#arve-youtube-mxfxuokgauo\",\"type\":\"VideoObject\",\"embedURL\":\"https:\\\/\\\/www.youtube.com\\\/embed\\\/MXfXUokgAUo?feature=oembed&iv_load_policy=3&modestbranding=1&rel=0&autohide=1&playsinline=0&autoplay=0\"}<\/script>\n\t\n<\/div>\n<p style=\"text-align: center;\">Une enqu\u00eate choc qui r\u00e9v\u00e8le les manipulations des industriels de la t\u00e9l\u00e9phonie mobile.<br \/>\nDans le monde, depuis dix ans, la contestation contre les antennes de t\u00e9l\u00e9phonie mobile augmente. Elle s\u2019appuie sur de nombreuses \u00e9tudes scientifiques qui r\u00e9v\u00e8lent les effets des ondes \u00e9lectromagn\u00e9tiques sur la sant\u00e9. Pourtant, les \u00c9tats, les industriels et une partie de la communaut\u00e9 scientifique affirment que les normes sanitaires prot\u00e8gent le public.<br \/>\nA travers les parcours de lanceurs d\u2019alerte, citoyens, journalistes, scientifiques, \u00e9lectro-hyper-sensibles, ce film d\u00e9voile comment les strat\u00e8ges de la t\u00e9l\u00e9phonie mobile, manipulent la science pour r\u00e9pandre un message rassurant, qui met en doute les connaissances sur la nocivit\u00e9 de cette technologie.<\/p>\n<h1 style=\"text-align: center;\">&#8230;&#8230;&#8230;&#8230;&#8230;&#8230;&#8230;&#8230;&#8230;&#8230;.<\/h1>\n<h1 style=\"text-align: center;\"><strong>Conf\u00e9rence du Pr Annie Sasco<\/strong><\/h1>\n<p style=\"text-align: center;\">Experte internationale sur les questions de sant\u00e9 environnementale et d\u2019\u00e9pid\u00e9miologie des cancers<\/p>\n<h2 style=\"text-align: center;\"><strong>5 G, WIFI, portables, smart city, <\/strong><br \/>\n<strong>ondes artificielles\u00a0:<\/strong><\/h2>\n<h3 style=\"text-align: center;\">Quelles cons\u00e9quences\u00a0sur la sant\u00e9 ?<br \/>\nO\u00f9 en est la recherche\u00a0?<\/h3>\n<p style=\"text-align: center;\">Mercredi 22 janvier 2020 \u00e0 la Menuiserie de Millau \u00e0 20h30, organis\u00e9 et film\u00e9 (merci \u00e0 eux) par les Gilets Jaunes de Millau en partenariat avec les collectifs aveyronnais d\u2019information sur les objets connect\u00e9s et champs \u00e9lectromagn\u00e9tiques artificiels.<\/p>\n<h2 style=\"text-align: center;\"><a href=\"https:\/\/ccaves.org\/blog\/wp-content\/uploads\/Conf\u00e9rence-annie-sasco-millau.mp3\" target=\"_blank\" rel=\"noopener noreferrer\">Ecouter ici<\/a><\/h2>\n<h3 style=\"text-align: center;\"><strong>Voir ici :<\/strong><\/h3>\n<div class=\"arve\">\n<div class=\"arve-error\"><p><small><abbr title=\"Advanced Responsive Video Embedder\">ARVE<\/abbr> error: Invalid URL <code><\/code> in <code>url<\/code><\/small><\/p><\/div>\n<div class=\"arve-error\"><p><small><abbr title=\"Advanced Responsive Video Embedder\">ARVE<\/abbr> error: detect_provider_and_id_from_url method needs url.<\/small><\/p><\/div><\/div>\n<p style=\"text-align: center;\">Annie Sasco a cosign\u00e9 l\u2019Appel International sur le moratoire sur la 5G dont elle a \u00e9t\u00e9 la coordonnatrice pour l\u2019Europe. Elle est intervenue r\u00e9cemment \u00e0 Copenhague au Parlement danois, au S\u00e9nat am\u00e9ricain et \u00e0 la Chambre des D\u00e9put\u00e9s italienne pour \u00e9voquer les effets des champs \u00e9lectromagn\u00e9tiques sur l\u2019humain.<\/p>\n<p style=\"text-align: center;\">Titulaire d\u2019un Doctorat en m\u00e9decine de l&rsquo;Universit\u00e9 de Bordeaux et de trois dipl\u00f4mes de Harvard aux Etats-Unis (MPH, SM Epidemiology and Biostatistics, DrPH Epidemiology, Biostatistics and Evaluation), elle est reconnue au niveau international comme experte sur les questions de sant\u00e9 environnementale et d\u2019\u00e9pid\u00e9miologie des cancers.<\/p>\n<p style=\"text-align: center;\">Elle a travaill\u00e9 pendant 22 ans au Centre International de Recherche sur le Cancer (CIRC) &#8211; Organisation Mondiale de la Sant\u00e9 (OMS) \u00e0 Lyon, o\u00f9 elle a fond\u00e9 et dirig\u00e9 pendant neuf ans le Programme puis l\u2019Unit\u00e9 de Recherche CIRC d&rsquo;Epid\u00e9miologie pour la Pr\u00e9vention du Cancer.<\/p>\n<p style=\"text-align: center;\">Elle a aussi \u00e9t\u00e9 pour deux ans Directrice par interim du Programme de contr\u00f4le du Cancer de l&rsquo;OMS, avant de revenir \u00e0 l&rsquo;Universit\u00e9 de Bordeaux comme Directrice de recherche dans une unit\u00e9 INSERM (Institut National de la sant\u00e9 et de la recherche M\u00e9dicale). Elle poss\u00e8de une habilitation \u00e0 diriger des Recherches de l&rsquo;Universit\u00e9 de Lyon.<\/p>\n<p style=\"text-align: center;\">Elle a travaill\u00e9 sur des dossiers tels que la \u00ab viande aux hormones \u00bb, les perturbateurs endocriniens divers (pesticides, le distilb\u00e8ne), les champs \u00e9lectromagn\u00e9tiques (t\u00e9l\u00e9phonie mobile, lignes \u00e0 haute tension) et aussi sur le tabac, le cannabis et les probl\u00e9matiques de mondialisation, environnement et communication en pr\u00e9vention des cancers.<\/p>\n<p style=\"text-align: center;\">Elle fut en 2005 l\u2019une des quatre Fran\u00e7aises nomin\u00e9es dans le cadre du Prix Nobel de la Paix. Elle a \u00e9t\u00e9 nomm\u00e9e en 2011 par d\u00e9cret interminist\u00e9riel au Haut Conseil des Biotechnologies (OGM) o\u00f9 elle a si\u00e9g\u00e9 pendant trois ans.<\/p>\n<p style=\"text-align: center;\">Ainsi, \u00ab\u00a0Quand on a les titres et les attributions qui vont avec, c\u2019est plus difficile d\u2019\u00eatre balay\u00e9e d\u2019un revers de main\u00bb, pr\u00e9vient-elle.<\/p>\n<p style=\"text-align: center;\">Aujourd&rsquo;hui retrait\u00e9e, elle continue \u00e0 titre b\u00e9n\u00e9vole ses activit\u00e9s et ses combats pour la sant\u00e9 des populations et pour une recherche qui se doit d&rsquo;\u00eatre totalement ind\u00e9pendante<\/p>\n<h1 style=\"text-align: center;\">&#8230;&#8230;&#8230;&#8230;&#8230;&#8230;&#8230;&#8230;&#8230;&#8230;&#8230;&#8230;&#8230;.<\/h1>\n<h1 style=\"text-align: center;\"><strong>Antennes-relais 4G \/ 5G\u00a0<\/strong><\/h1>\n<h1 style=\"text-align: center;\"><strong> \u00ab\u00a0Chantons sous la pluie de volts\u00a0\u00bb<\/strong><\/h1>\n<p style=\"text-align: center;\"><strong>Introduction sur les antennes-relais en g\u00e9n\u00e9ral :<\/strong><\/p>\n<p style=\"text-align: center;\"><span style=\"font-size: large;\">\u00ab\u00a0Selon une \u00e9tude Indienne novatrice de 2017 r\u00e9alis\u00e9es sur des riverains d&rsquo;antenne-relais, \u00e0 des doses de <strong>1,37 V\/m<\/strong><em> (soit les mesures pouvant concerner des habitants \u00e0 100 m\u00e8tres- ajout du collectif du Vallon)<\/em>\u00a0:\u00a0 \u00ab\u00a0l\u2019exposition aux radiofr\u00e9quences accro\u00eet les fr\u00e9quences des Micro Noyaux (d&rsquo;ADN&#8230;) . L&rsquo;induction de micro-noyaux peut \u00eatre due \u00e0 une augmentation de la production de radicaux libres. La pr\u00e9sente \u00e9tude montre que vivre pr\u00e8s d\u2019une station de base ou utiliser r\u00e9guli\u00e8rement un t\u00e9l\u00e9phone mobile endommage l\u2019ADN et peut avoir, \u00e0 long terme, un effet sanitaire. La persistance d\u2019ADN non r\u00e9par\u00e9 entra\u00eene une instabilit\u00e9 g\u00e9nomique qui peut \u00e9voluer vers des maladies incluant l&rsquo;induction de cancer. \u00bb<\/span><\/p>\n<p style=\"text-align: center;\"><span style=\"font-size: large;\"> Electromagnetic Biology and Medecine, 2017, https:\/\/www.ncbi.nlm.nih.gov\/pubmed\/28777669. Communiqu\u00e9 Priartem 19 mars 2018<\/span><\/p>\n<p>&nbsp;<\/p>\n<h1 style=\"text-align: center;\"><strong>&#8230;&#8230;&#8230;&#8230;&#8230;&#8230;&#8230;&#8230;&#8230;&#8230;&#8230;&#8230;&#8230;&#8230;&#8230;&#8230;&#8230;&#8230;&#8230;<\/strong><\/h1>\n<p>&nbsp;<\/p>\n<h1 style=\"text-align: center;\"><strong>La folie du smartphone,<\/strong><\/h1>\n<h1 style=\"text-align: center;\"><strong> un poison pour la plan\u00e8te,<\/strong><\/h1>\n<h1 style=\"text-align: center;\"><strong> article de Reporterre<\/strong><\/h1>\n<p style=\"text-align: center;\"><i><small class=\"fine\">\u00a0\u00ab\u00a0<\/small>Violation des droits humains, \u00e9puisement de ressources non renouvelables, rejets toxiques dans la biosph\u00e8re et \u00e9missions de gaz et effet de serre<small class=\"fine\">\u00a0<\/small>\u00bb<\/i>, \u00e9num\u00e8re Fran\u00e7oise Berthoud, ing\u00e9nieure au Centre national de la recherche scientifique (<span class=\"caps\">CNRS<\/span>)<\/p>\n<p style=\"text-align: center;\"><i>\u00ab<small class=\"fine\">\u00a0<\/small>Notre m\u00e9connaissance du smartphone traduit la d\u00e9connexion totale entre le geste d\u2019achat du consommateur et les effets environnementaux et sociaux graves que ces produits g\u00e9n\u00e8rent tout au long de la cha\u00eene<small class=\"fine\">\u00a0<\/small>\u00bb<\/i>, estime Alma Dufour, charg\u00e9e de campagne \u00ab<small class=\"fine\">\u00a0<\/small>extraction et surconsommation<small class=\"fine\">\u00a0<\/small>\u00bb aux Amis de la Terre.<\/p>\n<p style=\"text-align: center;\"><a href=\"https:\/\/reporterre.net\/La-folie-du-smartphone-un-poison-pour-la-planete?utm_source=newsletter&amp;utm_medium=email&amp;utm_campaign=nl_hebdo\" target=\"_blank\" rel=\"noopener noreferrer\">Lire ici<\/a><\/p>\n<hr \/>\n<hr \/>\n<h2 style=\"text-align: center;\"><strong class=\"spip\">\u00ab\u00a0Grosses promesses, risques inconnus<\/strong>\u00a0\u00bb<\/h2>\n<p style=\"text-align: center;\">\u00a0(extrait du site de l&rsquo;association Priartem par le collectif de journalistes <i class=\"spip\">Investigate Europe<\/i>, 2min, 2019, anglais, sous-titres en fran\u00e7ais).<\/p>\n<p style=\"text-align: center;\">Dans\u00a0<a class=\"spip_out\" href=\"https:\/\/youtu.be\/JKaoLxw0qJI\">cette courte vid\u00e9o d\u2019animation<\/a>, on dit l\u2019essentiel sur la 5G, et notamment que les normes d\u2019exposition actuelles sont plus ou moins dict\u00e9es par l\u2019industrie des t\u00e9l\u00e9coms<\/p>\n<p>Cliquer sur r\u00e9glages en bas \u00e0 droite de la vid\u00e9o et afficher les sous-titres en fran\u00e7ais<\/p>\n\n<div data-mode=\"normal\" data-oembed=\"1\" data-provider=\"youtube\" id=\"arve-youtube-jkaolxw0qji\" style=\"max-width:800px;\" class=\"arve\">\n\t<div class=\"arve-inner\">\n\t\t<div class=\"arve-embed arve-embed--has-aspect-ratio\">\n\t\t\t<div class=\"arve-ar\" style=\"padding-top:56.250000%\"><\/div>\n\t\t\t<iframe allow=\"accelerometer &#039;none&#039;;autoplay &#039;none&#039;;bluetooth &#039;none&#039;;browsing-topics &#039;none&#039;;camera &#039;none&#039;;clipboard-read &#039;none&#039;;clipboard-write;display-capture &#039;none&#039;;encrypted-media &#039;none&#039;;gamepad &#039;none&#039;;geolocation &#039;none&#039;;gyroscope &#039;none&#039;;hid &#039;none&#039;;identity-credentials-get &#039;none&#039;;idle-detection &#039;none&#039;;keyboard-map &#039;none&#039;;local-fonts;magnetometer &#039;none&#039;;microphone &#039;none&#039;;midi &#039;none&#039;;otp-credentials &#039;none&#039;;payment &#039;none&#039;;picture-in-picture;publickey-credentials-create &#039;none&#039;;publickey-credentials-get &#039;none&#039;;screen-wake-lock &#039;none&#039;;serial &#039;none&#039;;summarizer &#039;none&#039;;sync-xhr;usb &#039;none&#039;;web-share;window-management &#039;none&#039;;xr-spatial-tracking &#039;none&#039;;\" allowfullscreen=\"\" class=\"arve-iframe fitvidsignore\" credentialless data-arve=\"arve-youtube-jkaolxw0qji\" data-lenis-prevent=\"\" data-src-no-ap=\"https:\/\/www.youtube.com\/embed\/JKaoLxw0qJI?feature=oembed&amp;iv_load_policy=3&amp;modestbranding=1&amp;rel=0&amp;autohide=1&amp;playsinline=0&amp;autoplay=0\" frameborder=\"0\" height=\"450\" loading=\"lazy\" name=\"\" referrerpolicy=\"strict-origin-when-cross-origin\" sandbox=\"allow-scripts allow-same-origin allow-presentation allow-popups allow-popups-to-escape-sandbox\" scrolling=\"no\" src=\"https:\/\/www.youtube.com\/embed\/JKaoLxw0qJI?feature=oembed&#038;iv_load_policy=3&#038;modestbranding=1&#038;rel=0&#038;autohide=1&#038;playsinline=0&#038;autoplay=0\" title=\"\" width=\"800\"><\/iframe>\n\t\t\t\n\t\t<\/div>\n\t\t\n\t<\/div>\n\t\n\t\n\t<script type=\"application\/ld+json\">{\"@context\":\"http:\\\/\\\/schema.org\\\/\",\"@id\":\"https:\\\/\\\/ccaves.org\\\/blog\\\/antennes-relais-4g-5g-micro-antennes-antennes-relais-directive-photonique\\\/#arve-youtube-jkaolxw0qji\",\"type\":\"VideoObject\",\"embedURL\":\"https:\\\/\\\/www.youtube.com\\\/embed\\\/JKaoLxw0qJI?feature=oembed&iv_load_policy=3&modestbranding=1&rel=0&autohide=1&playsinline=0&autoplay=0\"}<\/script>\n\t\n<\/div>\n<hr \/>\n<h5 style=\"text-align: center;\">Radio T\u00e9l\u00e9vision Suisse : Sans sucre ajout\u00e9 (vid\u00e9o) &#8211; 5G, \u00e0 quelques millisecondes du bonheur<\/h5>\n\n<div data-mode=\"normal\" data-provider=\"iframe\" id=\"arve-iframe-\" style=\"max-width:800px;\" class=\"arve\">\n\t<div class=\"arve-inner\">\n\t\t<div class=\"arve-embed arve-embed--has-aspect-ratio\">\n\t\t\t<div class=\"arve-ar\" style=\"padding-top:56.250000%\"><\/div>\n\t\t\t<iframe allow=\"accelerometer &#039;none&#039;;autoplay &#039;none&#039;;bluetooth &#039;none&#039;;browsing-topics &#039;none&#039;;camera &#039;none&#039;;clipboard-read &#039;none&#039;;clipboard-write;display-capture &#039;none&#039;;encrypted-media &#039;none&#039;;gamepad &#039;none&#039;;geolocation &#039;none&#039;;gyroscope &#039;none&#039;;hid &#039;none&#039;;identity-credentials-get &#039;none&#039;;idle-detection &#039;none&#039;;keyboard-map &#039;none&#039;;local-fonts;magnetometer &#039;none&#039;;microphone &#039;none&#039;;midi &#039;none&#039;;otp-credentials &#039;none&#039;;payment &#039;none&#039;;picture-in-picture;publickey-credentials-create &#039;none&#039;;publickey-credentials-get &#039;none&#039;;screen-wake-lock &#039;none&#039;;serial &#039;none&#039;;summarizer &#039;none&#039;;sync-xhr;usb &#039;none&#039;;web-share;window-management &#039;none&#039;;xr-spatial-tracking &#039;none&#039;;\" allowfullscreen=\"\" class=\"arve-iframe fitvidsignore\" credentialless data-arve=\"arve-iframe-\" data-lenis-prevent=\"\" data-src-no-ap=\"https:\/\/www.rts.ch\/play\/tv\/popupvideoplayer?id=10434614&amp;startTime=211.663\" frameborder=\"0\" height=\"450\" loading=\"lazy\" name=\"\" referrerpolicy=\"no-referrer\" sandbox=\"allow-scripts allow-same-origin allow-presentation allow-popups allow-popups-to-escape-sandbox\" scrolling=\"no\" src=\"https:\/\/www.rts.ch\/play\/tv\/popupvideoplayer?id=10434614&#038;startTime=211.663\" title=\"\" width=\"800\"><\/iframe>\n\t\t\t\n\t\t<\/div>\n\t\t\n\t<\/div>\n\t\n\t\n\t<script type=\"application\/ld+json\">{\"@context\":\"http:\\\/\\\/schema.org\\\/\",\"@id\":\"https:\\\/\\\/ccaves.org\\\/blog\\\/antennes-relais-4g-5g-micro-antennes-antennes-relais-directive-photonique\\\/#arve-iframe-\",\"type\":\"VideoObject\",\"embedURL\":\"https:\\\/\\\/www.rts.ch\\\/play\\\/tv\\\/popupvideoplayer?id=10434614&startTime=211.663\"}<\/script>\n\t\n<\/div>\n<h2><\/h2>\n\n<div data-mode=\"normal\" data-oembed=\"1\" data-provider=\"youtube\" id=\"arve-youtube-3en4gzmxxzu\" style=\"max-width:800px;\" class=\"arve\">\n\t<div class=\"arve-inner\">\n\t\t<div class=\"arve-embed arve-embed--has-aspect-ratio\">\n\t\t\t<div class=\"arve-ar\" style=\"padding-top:56.250000%\"><\/div>\n\t\t\t<iframe allow=\"accelerometer &#039;none&#039;;autoplay &#039;none&#039;;bluetooth &#039;none&#039;;browsing-topics &#039;none&#039;;camera &#039;none&#039;;clipboard-read &#039;none&#039;;clipboard-write;display-capture &#039;none&#039;;encrypted-media &#039;none&#039;;gamepad &#039;none&#039;;geolocation &#039;none&#039;;gyroscope &#039;none&#039;;hid &#039;none&#039;;identity-credentials-get &#039;none&#039;;idle-detection &#039;none&#039;;keyboard-map &#039;none&#039;;local-fonts;magnetometer &#039;none&#039;;microphone &#039;none&#039;;midi &#039;none&#039;;otp-credentials &#039;none&#039;;payment &#039;none&#039;;picture-in-picture;publickey-credentials-create &#039;none&#039;;publickey-credentials-get &#039;none&#039;;screen-wake-lock &#039;none&#039;;serial &#039;none&#039;;summarizer &#039;none&#039;;sync-xhr;usb &#039;none&#039;;web-share;window-management &#039;none&#039;;xr-spatial-tracking &#039;none&#039;;\" allowfullscreen=\"\" class=\"arve-iframe fitvidsignore\" credentialless data-arve=\"arve-youtube-3en4gzmxxzu\" data-lenis-prevent=\"\" data-src-no-ap=\"https:\/\/www.youtube.com\/embed\/3en4GzmxXZU?feature=oembed&amp;iv_load_policy=3&amp;modestbranding=1&amp;rel=0&amp;autohide=1&amp;playsinline=0&amp;autoplay=0\" frameborder=\"0\" height=\"450\" loading=\"lazy\" name=\"\" referrerpolicy=\"strict-origin-when-cross-origin\" sandbox=\"allow-scripts allow-same-origin allow-presentation allow-popups allow-popups-to-escape-sandbox\" scrolling=\"no\" src=\"https:\/\/www.youtube.com\/embed\/3en4GzmxXZU?feature=oembed&#038;iv_load_policy=3&#038;modestbranding=1&#038;rel=0&#038;autohide=1&#038;playsinline=0&#038;autoplay=0\" title=\"\" width=\"800\"><\/iframe>\n\t\t\t\n\t\t<\/div>\n\t\t\n\t<\/div>\n\t\n\t\n\t<script type=\"application\/ld+json\">{\"@context\":\"http:\\\/\\\/schema.org\\\/\",\"@id\":\"https:\\\/\\\/ccaves.org\\\/blog\\\/antennes-relais-4g-5g-micro-antennes-antennes-relais-directive-photonique\\\/#arve-youtube-3en4gzmxxzu\",\"type\":\"VideoObject\",\"embedURL\":\"https:\\\/\\\/www.youtube.com\\\/embed\\\/3en4GzmxXZU?feature=oembed&iv_load_policy=3&modestbranding=1&rel=0&autohide=1&playsinline=0&autoplay=0\"}<\/script>\n\t\n<\/div>\n<hr \/>\n<hr \/>\n<h2 style=\"text-align: center;\"><\/h2>\n<h2 style=\"text-align: center;\"><strong>\u00ab\u00a0Chantons sous la pluie de volts\u00a0\u00bb<\/strong><\/h2>\n<h2 style=\"text-align: center;\"><strong>Micro-antennes dans les abribus : 22 Volts dans la figure !<\/strong><\/h2>\n<p style=\"text-align: center;\">Un article du Canard Encha\u00een\u00e9 du 08\/03\/2017 relay\u00e9 par l&rsquo;association Priartem<\/p>\n<h5 style=\"text-align: center;\"><a href=\"http:\/\/www.priartem.fr\/Nouvel-article,1355.html\" target=\"_blank\" rel=\"noopener noreferrer\">Lire ici<\/a><\/h5>\n<p style=\"text-align: center;\">Extraits, Pierre Le Ruz (CRIIREM):\u00a0\u00a0 <em>\u00ab\u00a0cela veut dire qu&rsquo;\u00e0 1 m\u00e8tre l&rsquo;on se re\u00e7oit <strong>22 Volts dans la figure<\/strong>, c&rsquo;est bien plus qu&rsquo;avec une antenne-relais classique (&#8230;) A 3 m\u00e8tres de l&rsquo;Abribus l&rsquo;on se prend encore<strong> 7 Volts par m\u00e8tres<\/strong> (..) les personnes portant un pacemaker risquent des anomalies avec 10 Volts par m\u00e8tre\u00a0\u00bb<\/em><\/p>\n<p style=\"text-align: center;\">A comparer au <strong>1. 37 V\/m<\/strong> de l&rsquo;\u00e9tude indienne cit\u00e9e en haut de page qui constate des brisures de l&rsquo;ADN, et au\u00a0 <strong>0.02 V\/m<\/strong> pr\u00e9conis\u00e9 par la R\u00e9solution de Salzbourg qui devrait \u00eatre le seul objectif \u00e0 obtenir.<\/p>\n<hr \/>\n<hr \/>\n<h2 style=\"text-align: center;\"><\/h2>\n<h2 style=\"text-align: center;\"><strong>6 V\/m dans les abribus au lieu des 0,1 V\/m annonc\u00e9 par l&rsquo;ANFR<\/strong><\/h2>\n<p style=\"text-align: center;\">A comparer au <strong>1. 37 V\/m<\/strong> de l&rsquo;\u00e9tude indienne cit\u00e9e en haut de page qui constate des brisures de l&rsquo;ADN, et au\u00a0 <strong>0.02 V\/m<\/strong> pr\u00e9conis\u00e9 par la R\u00e9solution de Salzbourg qui devrait \u00eatre le seul objectif \u00e0 obtenir.<\/p>\n<p style=\"text-align: center;\">Un reportage de l&rsquo;association Next-up qui mesure les micro-antennes 4G pr\u00e9figurant la 5G \u00e0 Annecy :<\/p>\n<p style=\"text-align: center;\"><a href=\"https:\/\/videos2.next-up.org\/ANFR_Experimentation_Annecy.html\" target=\"_blank\" rel=\"noopener noreferrer\">Regarder ici<\/a><\/p>\n<hr \/>\n<hr \/>\n<hr \/>\n<h2 style=\"text-align: center;\"><\/h2>\n<h2 style=\"text-align: center;\"><strong>Appel International contre la 5G\u00a0 <\/strong><\/h2>\n<p style=\"text-align: center;\">\u00c0 l&rsquo;Organisation des Nations Unies, \u00e0 l&rsquo;OMS, \u00e0 l&rsquo;Union europ\u00e9enne, au Conseil de l&rsquo;Europe et aux gouvernements de tous les pays,<\/p>\n<p style=\"text-align: center;\"><a href=\"https:\/\/www.5gspaceappeal.org\/\" target=\"_blank\" rel=\"noopener noreferrer\">Signer la p\u00e9tition ici<\/a><\/p>\n<p style=\"text-align: center;\"><em>\u00ab\u00a0Nous soussign\u00e9s, m\u00e9decins, scientifiques, et membres d&rsquo;organisations environnementales de (x) pays, demandons urgemment l\u2019arr\u00eat du d\u00e9ploiement du r\u00e9seau sans fil de 5G (cinqui\u00e8me g\u00e9n\u00e9ration) y compris depuis les satellites spatiaux. En effet, la 5G entra\u00eenera une augmentation consid\u00e9rable de l&rsquo;exposition au rayonnement de radiofr\u00e9quence, qui s&rsquo;ajoutera au rayonnement induit par les r\u00e9seaux de t\u00e9l\u00e9communications 2G, 3G et 4G d\u00e9j\u00e0 en place. Or on a d\u00e9j\u00e0 la preuve des effets nocifs du rayonnement de radiofr\u00e9quence pour les \u00eatres humains et l&rsquo;environnement. Le d\u00e9ploiement de la 5G revient \u00e0 mener des exp\u00e9riences sur les \u00eatres humains et l&rsquo;environnement, ce qui est consid\u00e9r\u00e9 comme un crime en vertu du droit international.<\/em><\/p>\n<p style=\"text-align: center;\" align=\"CENTER\"><span style=\"color: #000000;\"><span style=\"font-family: Times New Roman, serif;\"><span style=\"font-size: large;\"><i>Si les plans de l&rsquo;industrie des intercommunications pour la 5G se concr\u00e9tisent, pas un \u00eatre humain, pas un mammif\u00e8re, pas un oiseau, pas un insecte et pas un brin d\u2019herbe sur terre, quel que soit le lieu de la plan\u00e8te ou il se trouve, ne pourra se soustraire a une exposition, 24 heures sur 24 et 365 jours par an [&#8230;] Toutes les issues de secours seront barr\u00e9es. Ces plans pour la 5G risquent d&rsquo;avoir des effets graves et irr\u00e9versibles sur les \u00eatres humains et de causer des dommages permanents a tous les \u00e9cosyst\u00e8mes terrestres<\/i><\/span><\/span><\/span>\u00ab\u00a0<\/p>\n<p style=\"text-align: center;\" align=\"CENTER\"><a href=\"http:\/\/ccaves.org\/blog\/wp-content\/uploads\/Appelinternationaldemandantlarr\u00eatdud\u00e9ploiementdela5GsurTerreetdanslespace.pdf\">Lire le texte en entier ici<\/a><\/p>\n<hr \/>\n<hr \/>\n<hr \/>\n<h2 style=\"text-align: center;\"><\/h2>\n<h2 style=\"text-align: center;\"><strong>\u00ab\u00a0Avec la 5G, nous sommes tous des rats de laboratoire\u00a0\u00bb<\/strong><\/h2>\n<h5 style=\"text-align: center;\"><span class=\"datepublication\"><span id=\"22\">22<\/span> <span id=\"f\u00e9vrier\">f\u00e9vrier<\/span> <span id=\"2019\">2019<\/span><\/span> \/ <a href=\"https:\/\/reporterre.net\/spip.php?page=memeauteur&amp;auteur=Louise+Delamotte+%28Reporterre%29\">Louise Delamotte (Reporterre)<\/a><\/h5>\n<p style=\"text-align: center;\"><a href=\"https:\/\/reporterre.net\/Avec-la-5G-nous-sommes-tous-des-rats-de-laboratoire\" target=\"_blank\" rel=\"noopener noreferrer\">Lire l&rsquo;article ici sur le site de Reporterre<\/a><\/p>\n<p style=\"text-align: center;\">La cinqui\u00e8me g\u00e9n\u00e9ration de standards pour la t\u00e9l\u00e9phonie mobile, ou 5G, est la promesse de pouvoir se connecter d\u2019o\u00f9 que l\u2019on soit sur la plan\u00e8te. C\u2019est aussi l\u2019occasion d\u2019aligner les superlatifs\u00a0: de partout et tout le temps, ultra haut d\u00e9bit, transmission \u00e0 moins d\u2019une milliseconde. \u00c0 tel point que certains parlent <i>\u00ab<small class=\"fine\">\u00a0<\/small>de changement soci\u00e9tal sans pr\u00e9c\u00e9dent \u00e0 l\u2019\u00e9chelle mondiale<small class=\"fine\">\u00a0<\/small>\u00bb,<\/i> avec l\u2019arriv\u00e9e des objets connect\u00e9s, 155 milliards d\u2019ici 2025<span class=\"spip_note_ref\">\u00a0[<a id=\"nh1\" class=\"spip_note\" title=\"D\u2019apr\u00e8s les pr\u00e9visions de l\u2019Institut de l\u2019audiovisuel et des t\u00e9l\u00e9communications\u00a0(...)\" href=\"https:\/\/reporterre.net\/Avec-la-5G-nous-sommes-tous-des-rats-de-laboratoire#nb1\" rel=\"appendix\">1<\/a>]<\/span>, des villes intelligentes, des voitures autonomes, des robots chirurgiens, etc. Revers de la m\u00e9daille, <i>\u00ab<small class=\"fine\">\u00a0<\/small>la 5G augmentera l\u2019exposition aux champs \u00e9lectromagn\u00e9tiques de radiofr\u00e9quence (<span class=\"caps\">CEM<\/span>&#8211;<span class=\"caps\">RF<\/span>)<small class=\"fine\">\u00a0<\/small>\u00bb,<\/i> ont pr\u00e9venu, en septembre 2017, plus de 170 scientifiques issus de 37 pays. <a class=\"spip_out\" href=\"https:\/\/www.jrseco.com\/wp-content\/uploads\/2017-09-13-Scientist-Appeal-5G-Moratorium.pdf\" target=\"_blank\" rel=\"external noopener noreferrer\">Ils r\u00e9clament un moratoire<\/a> <i>\u00ab<small class=\"fine\">\u00a0<\/small>jusqu\u2019\u00e0 ce que les dangers potentiels pour la sant\u00e9 humaine et l\u2019environnement aient \u00e9t\u00e9 (&#8230;) \u00e9valu\u00e9s par des scientifiques ind\u00e9pendants de l\u2019industrie (&#8230;) Il est prouv\u00e9 que les \u00e9missions <span class=\"caps\">CEM<\/span>&#8211;<span class=\"caps\">RF<\/span> sont nuisibles \u00e0 l\u2019homme et \u00e0 l\u2019environnement<small class=\"fine\">\u00a0<\/small>\u00bb<\/i>.<\/p>\n<hr \/>\n<hr \/>\n<hr \/>\n<h2 style=\"text-align: center;\"><\/h2>\n<h2 style=\"text-align: center;\">\u00ab\u00a0La 5G? Les Bruxellois ne sont pas des souris de laboratoire\u00a0\u00bb<\/h2>\n<h2 style=\"text-align: center;\">C\u00e9line Fremault, Ministre bruxelloise de l&rsquo;Environnement (cdH)<\/h2>\n<h2 style=\"text-align: center;\">interdit la 5G \u00e0 Bruxelles<\/h2>\n<p style=\"text-align: center;\"><a href=\"https:\/\/www.lecho.be\/entreprises\/telecom\/Celine-Fremault-La-5G-Les-Bruxellois-ne-sont-pas-des-souris-de-laboratoire\/10112569\" target=\"_blank\" rel=\"noopener noreferrer\">Lire ici<\/a><\/p>\n<div class=\"gmail_quote\" style=\"text-align: center;\"><a href=\"https:\/\/www.lecho.be\/entreprises\/telecom\/sur-la-5g-celine-fremault-a-une-attitude-court-termiste-els-ampe\/10112979.html\" target=\"_blank\" rel=\"noopener noreferrer\">Et ici, extraits :<\/a><\/div>\n<div class=\"gmail_quote\" style=\"text-align: center;\"><\/div>\n<div class=\"gmail_quote\" style=\"text-align: center;\"><em> <span class=\"gmail_default\">\u00a0\u00bb <\/span>force est de constater qu\u2019il est impensable pour moi de permettre l\u2019arriv\u00e9e de cette technologie si je ne peux assurer le respect des normes prot\u00e9geant les citoyens. 5G ou pas. Les Bruxellois ne sont pas des souris de laboratoire dont je peux vendre la sant\u00e9 au prix du profit. On ne peut laisser planer de doute.\u00a0\u00bb<\/em><\/div>\n<div class=\"gmail_quote\">\n<div class=\"m_2778436200413051262gmail-c-quoteinset__author__name\" style=\"text-align: center;\"><strong>C\u00e9line Fremault, <\/strong>Ministre bruxelloise de l&rsquo;Environnement (cdH)<\/div>\n<\/div>\n<div>\n<hr \/>\n<hr \/>\n<\/div>\n<hr \/>\n<h2 style=\"text-align: center;\"><\/h2>\n<h2 style=\"text-align: center;\"><span class=\"crayon article-titre-7228 \">Big data, multiplication des antennes et des ondes\u00a0: bienvenue dans le monde merveilleux de la 5G<\/span><\/h2>\n<p class=\"publication\" style=\"text-align: center;\"><span class=\"authors\">Bastamag PAR <span class=\"vcard author\"><a class=\"url fn spip_in\" href=\"https:\/\/www.bastamag.net\/Leila-Minano\">LEILA MINANO<\/a><\/span><\/span><time datetime=\"2019-04-11T04:00:00Z\">\u00a011 AVRIL 2019<\/time><\/p>\n<h2 style=\"text-align: center;\"><a href=\"https:\/\/www.bastamag.net\/Big-data-multiplication-des-antennes-et-des-ondes-bienvenue-dans-le-monde\" target=\"_blank\" rel=\"noopener noreferrer\">Lire ici<\/a><\/h2>\n<p style=\"text-align: center;\"><em>C\u2019est un nouvel eldorado pour les op\u00e9rateurs de t\u00e9l\u00e9phonie et la Commission europ\u00e9enne. Celle-ci y voit la promesse d\u2019une forte croissance et de centaines de milliers d\u2019emplois d\u2019ici 2025. La 5G fait fantasmer, avec son d\u00e9bit ultra-rapide, la possibilit\u00e9 de d\u00e9velopper des millions d\u2019objets connect\u00e9s \u00ab\u00a0intelligents\u00a0\u00bb, et les milliards de donn\u00e9es qu\u2019elle permettra de collecter. Au del\u00e0 de la mise en sc\u00e8ne marketing, son utilit\u00e9 et ses retomb\u00e9es \u00e9conomiques r\u00e9elles n\u2019ont rien d\u2019une \u00e9vidence. Pour d\u00e9ployer le r\u00e9seau, les antennes-relais devront \u00eatre bien plus nombreuses, avec toutes les interrogations que suscitent les effets sanitaires d\u2019une densification des ondes. Le collectif de journalistes Investigate Europe, partenaire de\u00a0Basta\u00a0!, a men\u00e9 l\u2019enqu\u00eate.<\/em><\/p>\n<hr \/>\n<hr \/>\n<hr \/>\n<h2><\/h2>\n<h2 style=\"text-align: center;\"><\/h2>\n<h2 style=\"text-align: center;\"><strong>Fibre optique et 5G: <\/strong><\/h2>\n<h2 style=\"text-align: center;\"><strong>un lien consubstantiel<\/strong><\/h2>\n<p style=\"text-align: center;\">par le collectif Stop linky 5G de Monpellier<\/p>\n<div style=\"text-align: center;\">\n<p>\u00ab\u00a0<em>Des personnes d&rsquo;une commune de l&rsquo;H\u00e9rault nous ont inform\u00e9s d&rsquo;une proposition faite en f\u00e9vrier au conseil municipal de la part de l&rsquo;op\u00e9rateur Orange d&rsquo;installation d&rsquo;un pyl\u00f4ne de 25 m\u00e8tres de haut pour le d\u00e9veloppement de la fibre optique, aussi appel\u00e9 <strong>antenne pour l&rsquo;am\u00e9lioration du r\u00e9seau tr\u00e8s haut d\u00e9bit mobile<\/strong><u><\/u><\/em><\/p>\n<p>&nbsp;<\/p>\n<\/div>\n<div style=\"text-align: center;\"><em>Le mot 5G n\u2019apparait \u00e9videmment pas, mais de toute \u00e9vidence, c&rsquo;est bien de cela dont il s&rsquo;agit.<\/em><\/div>\n<div style=\"text-align: center;\"><\/div>\n<div style=\"text-align: center;\"><em>La fibre optique ne pose pas probl\u00e8me en soi, mais derri\u00e8re le d\u00e9veloppement de la fibre, c&rsquo;est la 5G qui se profile de fa\u00e7on insidieuse.<\/em><\/div>\n<div style=\"text-align: center;\"><em>Dans le document du minist\u00e8re de l&rsquo;\u00e9conomie\u00a0\u00ab\u00a05G : une feuille de route ambitieuse pour la France\u00a0\u00bb, on peut lire, dans un encadr\u00e9 intitul\u00e9\u00a0\u00ab\u00a0Fibre optique et 5G\u00a0\u00bb\u00a0en page 12 :<\/em><\/div>\n<div style=\"text-align: center;\"><em>Le d\u00e9ploiement de la 5G n\u00e9cessite un r\u00e9seau de fibre optique tr\u00e8s \u00e9tendu, afin d\u2019y raccorder les antennes 5G et garantir des d\u00e9bits importants. Le Plan France Tr\u00e8s Haut D\u00e9bit, lanc\u00e9 en 2013 pour apporter le tr\u00e8s haut d\u00e9bit fixe \u00e0 tous les citoyens et et entreprises d\u2019ici 2022, s\u2019appuie en grande partie sur un d\u00e9ploiement soutenu de r\u00e9seaux en fibre optique. Le r\u00e9seau de fibre optique couvrira la majorit\u00e9 du territoire fran\u00e7ais, pr\u00e9parant ainsi l\u2019arriv\u00e9e de la 5G.<\/em><\/div>\n<div><\/div>\n<div style=\"text-align: center;\">\n<p><em>Voici le lien du document :\u00a0<\/em><\/p>\n<\/div>\n<div style=\"text-align: center;\"><a href=\"https:\/\/www.economie.gouv.fr\/files\/files\/Actus2018\/Feuille_de_route_5G-DEF.pdf\" target=\"_blank\" rel=\"noreferrer nofollow noopener\">https:\/\/www.economie.gouv.fr\/files\/files\/Actus2018\/Feuille_de_route_5G-DEF.pdf<\/a><\/div>\n<hr \/>\n<hr \/>\n<hr \/>\n<h2 style=\"text-align: center;\"><strong>\u00a05 G\u00a0 :<\/strong><\/h2>\n<h2 style=\"text-align: center;\"><strong>\u00a0 lettre ouverte au bourgmestre de Stuttgart, <\/strong><\/h2>\n<h2 style=\"text-align: center;\"><strong>Teslabel coordination<\/strong><\/h2>\n<p style=\"text-align: center;\"><a href=\"http:\/\/www.teslabel.be\/activites-et-appels\/402-5g-lettre-ouverte-au-bourgmestre-de-stuttgart\">Lire ici<\/a><\/p>\n<p style=\"text-align: center;\"><span class=\"tlid-translation translation\">Extraits\u00a0 : \u00ab\u00a0Ce sont les industries qui pressent la mise en place de la 5G : l&rsquo;industrie automobile pour la conduite autonome, l&rsquo;industrie des biens de consommation pour l&rsquo;Internet des objets, l&rsquo;industrie des agences publicitaires et des vendeurs de donn\u00e9es pour le Big Data.\u00a0Les milliards que vont rapporter les projets de\u00a0SmartCity, SmartMobility et SmartSchools sont en train d&rsquo;aveugler les politiciens et\u00a0masquer toutes\u00a0les cons\u00e9quences sanitaires. La technologie 5G est con\u00e7ue pour relier 1 million d&rsquo;appareils par kilom\u00e8tre carr\u00e9. [7] Stuttgart a 207 kilom\u00e8tres carr\u00e9s. La Smart City, la 5G et\u00a0l&rsquo;Internet des objets\u00a0vont augmenter consid\u00e9rablement notre consommation d&rsquo;\u00e9nergie et nos ressources en provoquant la cr\u00e9ation de millions de nouveaux appareils m\u00e9nagers connect\u00e9s,\u00a0l&rsquo;explosion des volumes de donn\u00e9es et une \u00e9norme quantit\u00e9 de nouveaux \u00e9metteurs. Ce sera un d\u00e9sastre \u00e9cologique et climatique !<\/span><\/p>\n<p style=\"text-align: center;\">(&#8230;)<span class=\"tlid-translation translation\"><br \/>\n\u00ab\u00a0La 5G est la roulette russe\u00a0\u00bb, pr\u00e9viennent deux radiologistes bas\u00e9s aux \u00c9tats-Unis,\u00a0dans une lettre du International Journal of Radiation Oncology. [1] Trois \u00e9tudes r\u00e9centes sur la 5G ont donn\u00e9 des r\u00e9sultats inqui\u00e9tants: le rayonnement de la 5G dans la gamme millim\u00e9trique entra\u00eenera des risques incalculables\u00a0pour la peau et l&rsquo;organisme. Les groupes de recherche demandent un arr\u00eat d&rsquo;expansion jusqu&rsquo;\u00e0 ce que les risques m\u00e9dicaux soient clarifi\u00e9s. [2] Le scientifique suisse de renomm\u00e9e mondiale, Niels Kuster, met en garde dans un nouveau travail selon lequel, m\u00eame apr\u00e8s un court temps de r\u00e9action, des l\u00e9sions tissulaires permanentes pourraient se produire. Par cons\u00e9quent, il est fortement recommand\u00e9 de r\u00e9examiner les directives d&rsquo;exposition de l&rsquo;ICNIRP [3]. D\u00e8s les ann\u00e9es 1970, une \u00e9tude interne de la CIA, \u00e9valuant la recherche sovi\u00e9tique, avait d\u00e9taill\u00e9 les effets nocifs des ondes millim\u00e9triques sur l&rsquo;organisme. [4] Or il s&rsquo;agissait d&rsquo;exp\u00e9riences\u00a0r\u00e9alis\u00e9es \u00e0 0,614 V \/ m (= 1000 \u00b5W\/m2), bien en dessous du champ \u00e9lectrique actuellement utilis\u00e9 en fonctionnement normal, et bien en dessous des normes autoris\u00e9es. Plus de 244 scientifiques et m\u00e9decins de 41 pays diff\u00e9rents recommandent maintenant un moratoire sur l&rsquo;extension de la norme 5G, ainsi que les m\u00e9decins\u00a0du groupe de travail <em>\u00c4rzte\u00adarbeits\u00adkreis digitale Medien<\/em>\u00a0,de Stuttgart, et l&rsquo;Association des m\u00e9decins de l&rsquo;environnement suisses. Les experts du Gouvernement F\u00e9d\u00e9ral sont bien au courant de tout cela.\u00a0\u00bb<\/span><\/p>\n<hr \/>\n<hr \/>\n<hr \/>\n<h2 style=\"text-align: center;\"><\/h2>\n<h2 style=\"text-align: center;\"><strong>Le Pr Martin L.Pall apporte ses explications<\/strong><\/h2>\n<p>&nbsp;<\/p>\n\n<div data-mode=\"normal\" data-oembed=\"1\" data-provider=\"youtube\" id=\"arve-youtube-geoyydgi3be\" style=\"max-width:800px;\" class=\"arve\">\n\t<div class=\"arve-inner\">\n\t\t<div class=\"arve-embed arve-embed--has-aspect-ratio\">\n\t\t\t<div class=\"arve-ar\" style=\"padding-top:56.250000%\"><\/div>\n\t\t\t<iframe allow=\"accelerometer &#039;none&#039;;autoplay &#039;none&#039;;bluetooth &#039;none&#039;;browsing-topics &#039;none&#039;;camera &#039;none&#039;;clipboard-read &#039;none&#039;;clipboard-write;display-capture &#039;none&#039;;encrypted-media &#039;none&#039;;gamepad &#039;none&#039;;geolocation &#039;none&#039;;gyroscope &#039;none&#039;;hid &#039;none&#039;;identity-credentials-get &#039;none&#039;;idle-detection &#039;none&#039;;keyboard-map &#039;none&#039;;local-fonts;magnetometer &#039;none&#039;;microphone &#039;none&#039;;midi &#039;none&#039;;otp-credentials &#039;none&#039;;payment &#039;none&#039;;picture-in-picture;publickey-credentials-create &#039;none&#039;;publickey-credentials-get &#039;none&#039;;screen-wake-lock &#039;none&#039;;serial &#039;none&#039;;summarizer &#039;none&#039;;sync-xhr;usb &#039;none&#039;;web-share;window-management &#039;none&#039;;xr-spatial-tracking &#039;none&#039;;\" allowfullscreen=\"\" class=\"arve-iframe fitvidsignore\" credentialless data-arve=\"arve-youtube-geoyydgi3be\" data-lenis-prevent=\"\" data-src-no-ap=\"https:\/\/www.youtube.com\/embed\/GEOyydGI3BE?feature=oembed&amp;iv_load_policy=3&amp;modestbranding=1&amp;rel=0&amp;autohide=1&amp;playsinline=0&amp;autoplay=0\" frameborder=\"0\" height=\"450\" loading=\"lazy\" name=\"\" referrerpolicy=\"strict-origin-when-cross-origin\" sandbox=\"allow-scripts allow-same-origin allow-presentation allow-popups allow-popups-to-escape-sandbox\" scrolling=\"no\" src=\"https:\/\/www.youtube.com\/embed\/GEOyydGI3BE?feature=oembed&#038;iv_load_policy=3&#038;modestbranding=1&#038;rel=0&#038;autohide=1&#038;playsinline=0&#038;autoplay=0\" title=\"\" width=\"800\"><\/iframe>\n\t\t\t\n\t\t<\/div>\n\t\t\n\t<\/div>\n\t\n\t\n\t<script type=\"application\/ld+json\">{\"@context\":\"http:\\\/\\\/schema.org\\\/\",\"@id\":\"https:\\\/\\\/ccaves.org\\\/blog\\\/antennes-relais-4g-5g-micro-antennes-antennes-relais-directive-photonique\\\/#arve-youtube-geoyydgi3be\",\"type\":\"VideoObject\",\"embedURL\":\"https:\\\/\\\/www.youtube.com\\\/embed\\\/GEOyydGI3BE?feature=oembed&iv_load_policy=3&modestbranding=1&rel=0&autohide=1&playsinline=0&autoplay=0\"}<\/script>\n\t\n<\/div>\n<h3 style=\"text-align: center;\"><strong>\u00ab\u00a05G : risques majeurs sur la sant\u00e9 des populations en Union Europ\u00e9enne aux USA, et \u00e0 l&rsquo;international\u00a0\u00bb<\/strong><\/h3>\n<p style=\"text-align: center;\">Document envoy\u00e9 aux autorit\u00e9s de L&rsquo;Union Europ\u00e9enne.<\/p>\n<p style=\"text-align: center;\">Par Martin L.Pall, Professeur \u00c9m\u00e9rite de biochimie et Sciences m\u00e9dicales de base-Washington State University, avril 2018<\/p>\n<h4 style=\"text-align: center;\"><a href=\"http:\/\/ccaves.org\/blog\/wp-content\/uploads\/Traduction-du-texte-de-Martin-Pall_2018_04.pdf\" target=\"_blank\" rel=\"noopener noreferrer\">Lire ici la traduction<\/a><\/h4>\n<p style=\"text-align: center;\">Huit fa\u00e7ons dont cette technologie nuit \u00e0 la sant\u00e9 humaine :<\/p>\n<ol>\n<li style=\"text-align: center;\">Fertilit\u00e9 r\u00e9duite<\/li>\n<li style=\"text-align: center;\">Effets neurologiques \/ neuropsychiatriques<\/li>\n<li style=\"text-align: center;\">Dommages \u00e0 l\u2019ADN cellulaire<\/li>\n<li style=\"text-align: center;\">Apoptose \u2013 Mort cellulaire programm\u00e9e<\/li>\n<li style=\"text-align: center;\">Stress oxydant et dommages des radicaux libres<\/li>\n<li style=\"text-align: center;\">Effets endocriniens (hormonaux)<\/li>\n<li style=\"text-align: center;\">Exc\u00e8s de calcium intracellulaire<\/li>\n<li style=\"text-align: center;\">Cancer<\/li>\n<\/ol>\n<p style=\"text-align: center;\"><strong>Chapitre 1<\/strong>: Huit effets extr\u00eamement bien document\u00e9s des effets non thermiques de l\u02bcexposition aux Champs \u00e9lectromagn\u00e9tiques; le r\u00f4le de la fr\u00e9quence du signal et de sa forme, et d\u02bcautres facteurs influen\u00e7ant les effets des Champs \u00e9lectromagn\u00e9tiques.<br \/>\n<strong>Chapitre 2:<\/strong> Comment chaque effet des Champs \u00e9lectromagn\u00e9tiques est directement produit via l\u02bcactivation d\u02bcun canal calcique command\u00e9 par une tension \u00e9lectrique; R\u00f4le de ce capteur de tension dans la cause d\u02bchypersensibilit\u00e9 aux Champs \u00e9lectromagn\u00e9tiques.<br \/>\n<strong>Chapitre 3:<\/strong> Preuve des effets cumulatifs et irr\u00e9versibles des Champs \u00e9lectromagn\u00e9tiques.<br \/>\n<strong>Chapitre 4<\/strong>: Les Champs \u00e9lectromagn\u00e9tiques incluant le Wi-Fi peuvent \u00eatre particuli\u00e8rement nuisibles pour les jeunes.<br \/>\n<strong>Chapitre 5<\/strong>: L&rsquo;importance du document SCENIHR 2015 et les nombreuses omissions, failles et erreurs dans ce document.<br \/>\n<strong>Chapitre 6<\/strong>: Les grands risques de la 5G. Ce que nous savons et ce que nous ne savons pas.<\/p>\n<p style=\"text-align: center;\">Extraits : Fig.1 Comment les CEM agissent via l&rsquo;activation de VGCC pour produire divers effets<br \/>\nLes m\u00e9canismes par lesquels divers effets peuvent \u00eatre g\u00e9n\u00e9r\u00e9s par l&rsquo;activation de VGCC sont d\u00e9crits sur la Fig.1. En haut de la Fig.1, on peut voir qu&rsquo;une augmentation du calcium intracellulaire [Ca2+]i peut augmenter la synth\u00e8se de l&rsquo;oxyde nitrique (NO), stimulant la voie de signalisation du NO (allant du haut vers le centre) pour produire des effets th\u00e9rapeutiques. NO (tout-\u00e0-fait en haut) peut \u00e9galement se lier aux cytochromes et inhiber leur activit\u00e9. NO li\u00e9 \u00e0 l&rsquo;oxydase terminale dans les mitochondries inhibe le m\u00e9tabolisme \u00e9nerg\u00e9tique et abaisse, par cons\u00e9quent, l&rsquo;ATP. NO li\u00e9 aux cytochromes P450 abaisse la synth\u00e8se des hormones st\u00e9ro\u00efdes, y compris les oestrog\u00e8nes, la progest\u00e9rone et la testost\u00e9rone.<br \/>\nL&rsquo;abaissement du P450 diminue \u00e9galement la d\u00e9sintoxication et l&rsquo;activit\u00e9 de la vitamine D. La plupart des effets pathophysiologiques sont produits par la voie peroxynitrite \/ radicaux libres \/ stress oxydatif au centre vers le bas \u00e0 droite (figure 1) et \u00e9galement par une voie de signalisation calcique excessive<\/p>\n<hr \/>\n<hr \/>\n<hr \/>\n<h2 style=\"text-align: center;\"><\/h2>\n<h2 class=\"title style-scope ytd-video-primary-info-renderer\" style=\"text-align: center;\">5G : le S\u00e9nateur des \u00c9tats-Unis Blumenthal met en lumi\u00e8re les probl\u00e8mes sur la sant\u00e9<\/h2>\n<p>Cliquer sur r\u00e9glages en bas \u00e0 droite de la vid\u00e9o pour afficher les sous titres en fran\u00e7ais<\/p>\n\n<div data-mode=\"normal\" data-oembed=\"1\" data-provider=\"youtube\" id=\"arve-youtube-20y-ongiydo\" style=\"max-width:800px;\" class=\"arve\">\n\t<div class=\"arve-inner\">\n\t\t<div class=\"arve-embed arve-embed--has-aspect-ratio\">\n\t\t\t<div class=\"arve-ar\" style=\"padding-top:56.250000%\"><\/div>\n\t\t\t<iframe allow=\"accelerometer &#039;none&#039;;autoplay &#039;none&#039;;bluetooth &#039;none&#039;;browsing-topics &#039;none&#039;;camera &#039;none&#039;;clipboard-read &#039;none&#039;;clipboard-write;display-capture &#039;none&#039;;encrypted-media &#039;none&#039;;gamepad &#039;none&#039;;geolocation &#039;none&#039;;gyroscope &#039;none&#039;;hid &#039;none&#039;;identity-credentials-get &#039;none&#039;;idle-detection &#039;none&#039;;keyboard-map &#039;none&#039;;local-fonts;magnetometer &#039;none&#039;;microphone &#039;none&#039;;midi &#039;none&#039;;otp-credentials &#039;none&#039;;payment &#039;none&#039;;picture-in-picture;publickey-credentials-create &#039;none&#039;;publickey-credentials-get &#039;none&#039;;screen-wake-lock &#039;none&#039;;serial &#039;none&#039;;summarizer &#039;none&#039;;sync-xhr;usb &#039;none&#039;;web-share;window-management &#039;none&#039;;xr-spatial-tracking &#039;none&#039;;\" allowfullscreen=\"\" class=\"arve-iframe fitvidsignore\" credentialless data-arve=\"arve-youtube-20y-ongiydo\" data-lenis-prevent=\"\" data-src-no-ap=\"https:\/\/www.youtube.com\/embed\/20Y-oNgiydo?feature=oembed&amp;iv_load_policy=3&amp;modestbranding=1&amp;rel=0&amp;autohide=1&amp;playsinline=0&amp;autoplay=0\" frameborder=\"0\" height=\"450\" loading=\"lazy\" name=\"\" referrerpolicy=\"strict-origin-when-cross-origin\" sandbox=\"allow-scripts allow-same-origin allow-presentation allow-popups allow-popups-to-escape-sandbox\" scrolling=\"no\" src=\"https:\/\/www.youtube.com\/embed\/20Y-oNgiydo?feature=oembed&#038;iv_load_policy=3&#038;modestbranding=1&#038;rel=0&#038;autohide=1&#038;playsinline=0&#038;autoplay=0\" title=\"\" width=\"800\"><\/iframe>\n\t\t\t\n\t\t<\/div>\n\t\t\n\t<\/div>\n\t\n\t\n\t<script type=\"application\/ld+json\">{\"@context\":\"http:\\\/\\\/schema.org\\\/\",\"@id\":\"https:\\\/\\\/ccaves.org\\\/blog\\\/antennes-relais-4g-5g-micro-antennes-antennes-relais-directive-photonique\\\/#arve-youtube-20y-ongiydo\",\"type\":\"VideoObject\",\"embedURL\":\"https:\\\/\\\/www.youtube.com\\\/embed\\\/20Y-oNgiydo?feature=oembed&iv_load_policy=3&modestbranding=1&rel=0&autohide=1&playsinline=0&autoplay=0\"}<\/script>\n\t\n<\/div>\n<p>&nbsp;<\/p>\n<hr \/>\n<hr \/>\n<h2 style=\"text-align: center;\"><strong>5G, \u00e9cole num\u00e9rique, \u00e9lectro-hypersensibilit\u00e9<\/strong> :<\/h2>\n<p style=\"text-align: center;\">courrier envoy\u00e9 aux parlementaires, sections locales des syndicats de l&rsquo;enseignement, f\u00e9d\u00e9rations des parents d&rsquo;\u00e9l\u00e8ves, section d&rsquo;ATTAC et de la CLCV, par la F\u00e9d\u00e9ration pour la vie et la Sauvegarde des Grands Causses, Collectifs aveyronnais du Sud-Ouest Aveyron, du Saint-Affricain, du Nord-Aveyron, de Millau, du Vallon, 15 d\u00e9cembre 2018<\/p>\n<p style=\"text-align: center;\" align=\"JUSTIFY\"><a href=\"http:\/\/ccaves.org\/blog\/wp-content\/uploads\/mails-aux-sections-syndicats-enseignements-sur-la-5G.pdf\" target=\"_blank\" rel=\"noopener noreferrer\">Lire ici<\/a><\/p>\n<hr \/>\n<hr \/>\n<hr \/>\n<h2 style=\"text-align: center;\"><strong>Champs \u00e9lectromagn\u00e9tiques<\/strong><\/h2>\n<h2 style=\"text-align: center;\"><strong>ce qu&rsquo;il faut savoir<\/strong><\/h2>\n<h4 style=\"text-align: center;\">\u00a0 prospectus \u00e0 t\u00e9l\u00e9charger sur la 5G, la WIFi, l&rsquo;\u00e9lectricit\u00e9, les normes et l&rsquo;industrie du doute&#8230;.<\/h4>\n<p style=\"text-align: center;\"><a href=\"https:\/\/ccaves.org\/blog\/wp-content\/uploads\/tract-CEM-4pages-05052019.pdf\" target=\"_blank\" rel=\"noopener noreferrer\">Lire ici<\/a><\/p>\n<hr \/>\n<h4 style=\"text-align: center;\"><strong>\u00a0\u00e0 compl\u00e9ter par le prospectus \u00e0 t\u00e9l\u00e9charger sur les \u00e9crans, les enfants et les champs \u00e9lectromagn\u00e9tiques:<\/strong><\/h4>\n<h5 style=\"text-align: center;\"><a href=\"https:\/\/ccaves.org\/blog\/wp-content\/uploads\/enfants-et-cem-mai-2019.pdf\" target=\"_blank\" rel=\"noopener noreferrer\">T\u00e9l\u00e9charger ici<\/a><\/h5>\n<hr \/>\n<hr \/>\n<hr \/>\n<h2 style=\"text-align: center;\"><strong>Fiction \u00ab\u00a0Monde connect\u00e9, corps malades\u00a0\u00bb\u00a0<\/strong><\/h2>\n<h2 style=\"text-align: center;\"><strong> un conseil municipal d\u00e9bat des champs \u00e9lectromagn\u00e9tiques, des compteurs communicants et de l'(in)intelligence artificielle<\/strong><\/h2>\n<h2 style=\"text-align: center;\"><strong>\u00a0<\/strong><\/h2>\n<p style=\"text-align: center;\"><a href=\"https:\/\/ccaves.org\/blog\/wp-content\/uploads\/Monde-connect\u00e9-corps-malade-Dialogue-en-conseil-3.pdf\" target=\"_blank\" rel=\"noopener noreferrer\">Lire ici<\/a><\/p>\n<hr \/>\n<hr \/>\n<hr \/>\n<hr \/>\n<h2 style=\"text-align: center;\"><\/h2>\n<p>Sous-titres en fran\u00e7ais : cliquer sur param\u00e8tres en bas \u00e0 droite et choisir fran\u00e7ais<\/p>\n\n<div data-mode=\"normal\" data-oembed=\"1\" data-provider=\"youtube\" id=\"arve-youtube-bzenzjfkcly\" style=\"max-width:800px;\" class=\"arve\">\n\t<div class=\"arve-inner\">\n\t\t<div class=\"arve-embed arve-embed--has-aspect-ratio\">\n\t\t\t<div class=\"arve-ar\" style=\"padding-top:56.250000%\"><\/div>\n\t\t\t<iframe allow=\"accelerometer &#039;none&#039;;autoplay &#039;none&#039;;bluetooth &#039;none&#039;;browsing-topics &#039;none&#039;;camera &#039;none&#039;;clipboard-read &#039;none&#039;;clipboard-write;display-capture &#039;none&#039;;encrypted-media &#039;none&#039;;gamepad &#039;none&#039;;geolocation &#039;none&#039;;gyroscope &#039;none&#039;;hid &#039;none&#039;;identity-credentials-get &#039;none&#039;;idle-detection &#039;none&#039;;keyboard-map &#039;none&#039;;local-fonts;magnetometer &#039;none&#039;;microphone &#039;none&#039;;midi &#039;none&#039;;otp-credentials &#039;none&#039;;payment &#039;none&#039;;picture-in-picture;publickey-credentials-create &#039;none&#039;;publickey-credentials-get &#039;none&#039;;screen-wake-lock &#039;none&#039;;serial &#039;none&#039;;summarizer &#039;none&#039;;sync-xhr;usb &#039;none&#039;;web-share;window-management &#039;none&#039;;xr-spatial-tracking &#039;none&#039;;\" allowfullscreen=\"\" class=\"arve-iframe fitvidsignore\" credentialless data-arve=\"arve-youtube-bzenzjfkcly\" data-lenis-prevent=\"\" data-src-no-ap=\"https:\/\/www.youtube.com\/embed\/bZenZJFKcLY?feature=oembed&amp;iv_load_policy=3&amp;modestbranding=1&amp;rel=0&amp;autohide=1&amp;playsinline=0&amp;autoplay=0\" frameborder=\"0\" height=\"450\" loading=\"lazy\" name=\"\" referrerpolicy=\"strict-origin-when-cross-origin\" sandbox=\"allow-scripts allow-same-origin allow-presentation allow-popups allow-popups-to-escape-sandbox\" scrolling=\"no\" src=\"https:\/\/www.youtube.com\/embed\/bZenZJFKcLY?feature=oembed&#038;iv_load_policy=3&#038;modestbranding=1&#038;rel=0&#038;autohide=1&#038;playsinline=0&#038;autoplay=0\" title=\"Dr Sharon Goldberg t\u00e9moigne sur la 5G (Parlement du Michigan, 04\/10\/2018)\" width=\"800\"><\/iframe>\n\t\t\t\n\t\t<\/div>\n\t\t\n\t<\/div>\n\t\n\t\n\t<script type=\"application\/ld+json\">{\"@context\":\"http:\\\/\\\/schema.org\\\/\",\"@id\":\"https:\\\/\\\/ccaves.org\\\/blog\\\/antennes-relais-4g-5g-micro-antennes-antennes-relais-directive-photonique\\\/#arve-youtube-bzenzjfkcly\",\"type\":\"VideoObject\",\"embedURL\":\"https:\\\/\\\/www.youtube.com\\\/embed\\\/bZenZJFKcLY?feature=oembed&iv_load_policy=3&modestbranding=1&rel=0&autohide=1&playsinline=0&autoplay=0\",\"name\":\"Dr Sharon Goldberg t\\u00e9moigne sur la 5G (Parlement du Michigan, 04\\\/10\\\/2018)\"}<\/script>\n\t\n<\/div>\n<hr \/>\n<hr \/>\n<hr \/>\n<hr \/>\n<header class=\"header\">\n<h2 style=\"text-align: center;\"><\/h2>\n<h2 style=\"text-align: center;\"><strong>Vid\u00e9o \u00ab\u00a0la v\u00e9rit\u00e9 sur la 5 G\u00a0\u00bb<\/strong><\/h2>\n<p style=\"text-align: center;\">par Josh del Sol, auteur du film \u00ab\u00a0Take bake your power\u00a0\u00bb<\/p>\n<p>D\u00e9clarations\u00a0 de Tom Wheeler, pr\u00e9sident de la FCC (Commission f\u00e9d\u00e9rale des t\u00e9l\u00e9communications Am\u00e9ricaines) :<\/p>\n<ul>\n<li>des fr\u00e9quences de 24 \u00e0 100 Gigahertz (radars militaires) des faisceaux concentr\u00e9s au sein des antennes comme des lasers<\/li>\n<li>d\u00e9ploiement pour 2020, r\u00e9seaux sans-fils satellitaires (20 000 pr\u00e9vus)<\/li>\n<li>\u00ab\u00a0<strong><em>Si une chose peut \u00eatre connect\u00e9, elle le sera (<\/em><em>&#8230;)<\/em><em> des centaines de milliards de puces \u00e9lectroniques connect\u00e9es (&#8230;) du flacon de pilules \u00e0 l&rsquo;arrosoir (..) rejeter l&rsquo;id\u00e9e que le futur de la 5G sera une providence exclusivement pour les zones urbaines, la r\u00e9volution 5G concernera tous les coins de notre pays\u00a0\u00bb<\/em><\/strong><\/li>\n<li>\u00ab\u00a0<strong><em> il est de loin pr\u00e9f\u00e9rable de donner carte blanche aux inventeurs plut\u00f4t que d&rsquo;attendre que les commissions et les r\u00e9gulateurs d\u00e9finissent le futur. Nous n&rsquo;attendrons pas les normes\u00a0\u00bb<\/em><\/strong><\/li>\n<li><em><strong>\u00ab\u00a0l&rsquo;application la plus importante de l&rsquo;Internet des objets est encore \u00e0 inventer (&#8230;) des dizaines de milliards en activit\u00e9 \u00e9conomique\u00a0\u00bb<\/strong><\/em><\/li>\n<\/ul>\n<p>&nbsp;<\/p>\n<p style=\"text-align: center;\">Vid\u00e9o vraiment int\u00e9ressante de la 1\u00e8re \u00e0 \u00e0\u00a0 la 15 \u00e8me minute, et de la 30 \u00e8me \u00e0 la 38 \u00e8me.<\/p>\n<div data-mode=\"normal\" data-oembed=\"1\" data-provider=\"youtube\" id=\"arve-youtube-edgl7un6qsc\" style=\"max-width:800px;\" class=\"arve\">\n<div class=\"arve-inner\">\n<div class=\"arve-embed arve-embed--has-aspect-ratio\">\n<div class=\"arve-ar\" style=\"padding-top:56.250000%\"><\/div>\n<p>\t\t\t<iframe allow=\"accelerometer &#039;none&#039;;autoplay &#039;none&#039;;bluetooth &#039;none&#039;;browsing-topics &#039;none&#039;;camera &#039;none&#039;;clipboard-read &#039;none&#039;;clipboard-write;display-capture &#039;none&#039;;encrypted-media &#039;none&#039;;gamepad &#039;none&#039;;geolocation &#039;none&#039;;gyroscope &#039;none&#039;;hid &#039;none&#039;;identity-credentials-get &#039;none&#039;;idle-detection &#039;none&#039;;keyboard-map &#039;none&#039;;local-fonts;magnetometer &#039;none&#039;;microphone &#039;none&#039;;midi &#039;none&#039;;otp-credentials &#039;none&#039;;payment &#039;none&#039;;picture-in-picture;publickey-credentials-create &#039;none&#039;;publickey-credentials-get &#039;none&#039;;screen-wake-lock &#039;none&#039;;serial &#039;none&#039;;summarizer &#039;none&#039;;sync-xhr;usb &#039;none&#039;;web-share;window-management &#039;none&#039;;xr-spatial-tracking &#039;none&#039;;\" allowfullscreen=\"\" class=\"arve-iframe fitvidsignore\" credentialless data-arve=\"arve-youtube-edgl7un6qsc\" data-lenis-prevent=\"\" data-src-no-ap=\"https:\/\/www.youtube.com\/embed\/edgL7UN6qsc?feature=oembed&amp;iv_load_policy=3&amp;modestbranding=1&amp;rel=0&amp;autohide=1&amp;playsinline=0&amp;autoplay=0\" frameborder=\"0\" height=\"450\" loading=\"lazy\" name=\"\" referrerpolicy=\"strict-origin-when-cross-origin\" sandbox=\"allow-scripts allow-same-origin allow-presentation allow-popups allow-popups-to-escape-sandbox\" scrolling=\"no\" src=\"https:\/\/www.youtube.com\/embed\/edgL7UN6qsc?feature=oembed&#038;iv_load_policy=3&#038;modestbranding=1&#038;rel=0&#038;autohide=1&#038;playsinline=0&#038;autoplay=0\" title=\"\" width=\"800\"><\/iframe><\/p><\/div>\n<\/p><\/div>\n<p>\t<script type=\"application\/ld+json\">{\"@context\":\"http:\\\/\\\/schema.org\\\/\",\"@id\":\"https:\\\/\\\/ccaves.org\\\/blog\\\/antennes-relais-4g-5g-micro-antennes-antennes-relais-directive-photonique\\\/#arve-youtube-edgl7un6qsc\",\"type\":\"VideoObject\",\"embedURL\":\"https:\\\/\\\/www.youtube.com\\\/embed\\\/edgL7UN6qsc?feature=oembed&iv_load_policy=3&modestbranding=1&rel=0&autohide=1&playsinline=0&autoplay=0\"}<\/script><\/p>\n<\/div>\n<hr \/>\n<hr \/>\n<hr \/>\n<h2 class=\"video-title hidden-xs\" style=\"text-align: center;\"><strong>5G : Macron-Nokia-Alcatel-Lucent : Immixtion et Scandale<\/strong><\/h2>\n<p style=\"text-align: center;\"><a href=\"https:\/\/videos2.next-up.org\/Macron_Nokia_Alcatel_Lucent.html\">Regarder ici<\/a><\/p>\n<hr \/>\n<hr \/>\n<hr \/>\n<hr \/>\n<h2 style=\"text-align: center;\"><\/h2>\n<h2 class=\"post-title\" style=\"text-align: center;\"><strong>5G : protestations aux \u00c9tats-Unis<\/strong><\/h2>\n<p class=\"meta\" style=\"text-align: center;\"><span class=\"meta-date\">Publi\u00e9 le <time datetime=\"2018-09-28T21:33:16+02:00\" data-hover=\"28 septembre 2018\"> 28 septembre 2018 <\/time> <\/span> <span class=\"meta-author\">par Stop Linky Montpellier<\/span><\/p>\n<\/header>\n<div class=\"body\">\n<div class=\"ob-sections\">\n<div class=\"ob-section ob-section-html\">\n<div class=\"ob-section ob-section-html\">\n<p style=\"text-align: center;\">Aux \u00c9tats-Unis, la FCC (une agence ind\u00e9pendante du gouvernement charg\u00e9e, entre autres, de r\u00e9guler les t\u00e9l\u00e9communications) veut supprimer toutes les barri\u00e8res au niveau local pouvant ralentir le d\u00e9ploiement de cette technologie inutile et nocive<\/p>\n<p style=\"text-align: center;\">Cette volont\u00e9 de la FCC fait \u00e9videmment penser \u00e0 la <strong>loi ELAN<\/strong>, adopt\u00e9e r\u00e9cemment en France, qui enl\u00e8ve tout <span class=\"st\">semblant de contr\u00f4le sur l&rsquo;implantation des antennes-relais en place auparavant.<\/span><\/p>\n<p style=\"text-align: center;\"><span class=\"st\">Voici la traduction en fran\u00e7ais d&rsquo;un article <\/span>du site <em><span class=\"skimlinks-unlinked\">activistpost.com<\/span><\/em> qui rend compte de l&rsquo;importante r\u00e9sistance aux \u00c9tats-Unis face au d\u00e9ploiement en cours de la 5G :<\/p>\n<\/div>\n<\/div>\n<\/div>\n<\/div>\n<p style=\"text-align: center;\"><a href=\"http:\/\/stoplinkymtp.over-blog.com\/2018\/09\/5g-protestations-aux-etats-unis.html\" target=\"_blank\" rel=\"noopener noreferrer\">Lire ici<\/a><\/p>\n<hr \/>\n<hr \/>\n<h3 class=\"entry-title\" style=\"text-align: center;\">Des villes am\u00e9ricaines bloquent la mise en service de la 5G sur les accusations que cela cause le cancer<\/h3>\n<p style=\"text-align: center;\"><a href=\"https:\/\/exoportail.com\/des-villes-americaines-bloquent-la-mise-en-service-de-la-5g-sur-les-accusations-que-cela-cause-le-cancer\/\" target=\"_blank\" rel=\"noopener noreferrer\">Lire ici<\/a><\/p>\n<div><\/div>\n<hr \/>\n<hr \/>\n<hr \/>\n<hr \/>\n<h1 style=\"text-align: center;\"><\/h1>\n<h1 style=\"text-align: center;\"><strong>5G : <\/strong><\/h1>\n<h1 style=\"text-align: center;\"><strong style=\"font-size: 16px;\">fonctionnement des faisceaux dirig\u00e9s : explications par Arthur Firstenberg<\/strong><\/h1>\n<p style=\"text-align: center;\">La 5G va \u00eatre \u00e0 une gamme de fr\u00e9quence beaucoup plus \u00e9lev\u00e9e, ce qui signifie que les antennes vont \u00eatre beaucoup plus petites &#8211; assez petites pour tenir dans un smartphone &#8211; mais comme dans PAVE PAWS, elles vont travailler ensemble en un phased array, et comme dans PAVE PAWS elles vont concentrer leur \u00e9nergie dans des faisceaux \u00e9troits et orientables de haute puissance. Les r\u00e9seaux d\u2019antennes vont vous suivre, de sorte que partout o\u00f9 vous \u00eates, un faisceau de votre smartphone va \u00eatre directement dirig\u00e9 vers la<br \/>\nstation de base la plus proche (= la tour de t\u00e9l\u00e9phonie cellulaire), et un faisceau de la station de base va directement \u00eatre dirig\u00e9 sur vous.<br \/>\nSi vous marchez entre le t\u00e9l\u00e9phone de quelqu&rsquo;un et la station de base, les deux faisceaux traverseront votre corps. Le rayon de la tour vous atteindra m\u00eame si vous \u00eates pr\u00e8s d&rsquo;un smartphone. Et si vous \u00eates dans une foule, plusieurs faisceaux se chevaucheront et seront in\u00e9vitables. \u00c0 l&rsquo;heure actuelle, les smartphones \u00e9mettent un maximum d&rsquo;environ deux watts et fonctionnent g\u00e9n\u00e9ralement \u00e0 une puissance inf\u00e9rieure \u00e0 un watt. Cela sera toujours vrai pour les t\u00e9l\u00e9phones 5G, mais \u00e0 l&rsquo;int\u00e9rieur d&rsquo;un t\u00e9l\u00e9phone 5G, il peut y avoir 8 rang\u00e9es de 8 minuscules antennes, toutes travaillant ensemble pour suivre la tour cellulaire la plus proche et la viser avec un faisceau \u00e9troitement<br \/>\nfocalis\u00e9.<\/p>\n<p style=\"text-align: center;\">La FCC a r\u00e9cemment adopt\u00e9 des r\u00e8gles autorisant la puissance effective de ces faisceaux jusqu&rsquo;\u00e0 20 watts. Maintenant, si un smartphone portatif envoie un faisceau de 20 watts dans votre corps, il d\u00e9passera de loin la limite d&rsquo;exposition fix\u00e9e par la FCC. Ce que la FCC compte, c&rsquo;est qu&rsquo;il y aura un blindage m\u00e9tallique entre le c\u00f4t\u00e9 d&rsquo;affichage d&rsquo;un t\u00e9l\u00e9phone 5G et le c\u00f4t\u00e9 avec tous les circuits et les antennes. Ce blindage sera l\u00e0 pour prot\u00e9ger les circuits contre les interf\u00e9rences \u00e9lectroniques qui pourraient \u00eatre caus\u00e9es par l&rsquo;affichage et rendre le t\u00e9l\u00e9phone inutilisable. Mais il permettra \u00e9galement d&rsquo;\u00e9viter que la plupart des radiations ne se propagent directement dans votre t\u00eate ou votre corps. La FCC permet donc aux t\u00e9l\u00e9phones 5G d&rsquo;avoir une puissance rayonn\u00e9e \u00e9quivalente \u00e0 dix fois celle des t\u00e9l\u00e9phones 4G. Qu&rsquo;est-ce que cela va faire aux mains de l&rsquo;utilisateur, la FCC ne le dit pas. Et qui va s&rsquo;assurer que lorsque vous mettez un t\u00e9l\u00e9phone dans votre poche, le bon c\u00f4t\u00e9 est face \u00e0 votre corps? Et qui va prot\u00e9ger toutes les personnes autour de vous contre les radiations qui viendront dans leur direction dix fois plus fort qu&rsquo;autrefois? Et qu&rsquo;en est-il de tous les autres \u00e9quipements 5G qui seront install\u00e9s dans tous vos ordinateurs, appareils m\u00e9nagers et automobiles?<\/p>\n<p style=\"text-align: center;\"><a href=\"http:\/\/ccaves.org\/blog\/wp-content\/uploads\/5G_Firstenberg_traduction.pdf\" target=\"_blank\" rel=\"noopener noreferrer\">Lire l&rsquo;article en int\u00e9gralit\u00e9 ici<\/a><\/p>\n<hr \/>\n<hr \/>\n<hr \/>\n<hr \/>\n<h2 style=\"text-align: center;\"><\/h2>\n<h2 style=\"text-align: center;\"><strong>20.000 satellites pour le lancement de la 5G<\/strong><\/h2>\n<h3 style=\"text-align: center;\"><strong>envoyant des faisceaux focalis\u00e9s de rayonnement<\/strong><br \/>\n<strong>hyperfr\u00e9quence intense au-dessus de toute la<\/strong><br \/>\n<strong>Terre<\/strong><\/h3>\n<p style=\"text-align: center;\">Par John P. Thomas,\u00a0 r\u00e9dacteur sur la sant\u00e9 pour Health Impact News, janvier 2019<\/p>\n<p style=\"text-align: center;\"><a href=\"http:\/\/ccaves.org\/blog\/wp-content\/uploads\/20.000-satellites-pour-le-lancement-de-la-5G-envoyant-des-faisceaux-focalis\u00e9s-de-rayonnement-hyperfr.pdf\">20.000 satellites pour le lancement de la 5G envoyant des faisceaux focalis\u00e9s de rayonnement hyperfr<\/a><\/p>\n<h2><\/h2>\n<h2><\/h2>\n<hr \/>\n<hr \/>\n<h2 style=\"text-align: center;\"><a class=\"titreArticle\" title=\"La 5G et l\u2019Internet des objets : t\u00e9moignage au CRTC\" href=\"http:\/\/ace.hendaye.over-blog.fr\/2019\/06\/la-5g-et-l-internet-des-objets-temoignage-au-crtc.html\">La 5G et l\u2019Internet des objets : t\u00e9moignage au CRTC<\/a><\/h2>\n<p style=\"text-align: center;\"><b><i>3 juin 2019. T\u00e9moignage de la <\/i><\/b><b><a title=\"\" href=\"https:\/\/magdahavas.com\/\" target=\"_blank\" rel=\"noopener noreferrer\">toxicologue Magda Havas<\/a><i>\u00a0pr\u00e9sent\u00e9 par l\u2019organisme montr\u00e9alais EMF-OFF! repr\u00e9sent\u00e9 par l\u2019avocat Charles O\u2019Brien, le 15 mai 2019, dans le cadre de\u00a0<a title=\"\" href=\"https:\/\/crtc.gc.ca\/fra\/archive\/2019\/2019-57.htm\" target=\"_blank\" rel=\"noopener noreferrer\">l\u2019examen des services sans fil mobiles par le CRTC.<\/a><\/i><\/b><\/p>\n<p style=\"text-align: center;\"><em>\u00ab\u00a0La pr\u00e9occupation principale partag\u00e9e par de nombreux scientifiques est qu\u2019il n\u2019y a pas eu de tests des effets \u00e0 long terme de l\u2019exposition au rayonnement 5G et aux ondes millim\u00e9triques.<\/em><\/p>\n<p style=\"text-align: center;\"><em>Les yeux et les testicules (\u00e9galement tr\u00e8s sensibles \u00e0 l\u2019effet thermique du rayonnement de micro-ondes) risquent d\u2019\u00eatre affect\u00e9s par une exposition prolong\u00e9e aux ondes millim\u00e9triques.\u00a0\u00bb<\/em><\/p>\n<p style=\"text-align: center;\"><a href=\"http:\/\/ace.hendaye.over-blog.fr\/2019\/06\/la-5g-et-l-internet-des-objets-temoignage-au-crtc.html\" target=\"_blank\" rel=\"noopener noreferrer\">Lire ici<\/a><\/p>\n<hr \/>\n<hr \/>\n<hr \/>\n<hr \/>\n<hr \/>\n<hr \/>\n<h1 style=\"text-align: center;\"><strong>Antennes-relais 2-3-4 G\u00a0<\/strong><\/h1>\n<h2 style=\"text-align: center;\"><strong>une explication claire <\/strong><\/h2>\n<h2 style=\"text-align: center;\"><strong>sur leur fonctionnement et leur incidence<\/strong><\/h2>\n<h3 style=\"text-align: center;\">Un texte d\u2019Arthur Firstenberg sur le site de la Maison du 21e si\u00e8cle<\/h3>\n<p style=\"text-align: center;\"><a href=\"https:\/\/maisonsaine.ca\/sante-et-securite\/electrosmog\/telephones-cellulaires-questions-et-reponses.html\" target=\"_blank\" rel=\"noopener noreferrer\">Lire ici l&rsquo;int\u00e9gralit\u00e9 de l&rsquo;article<\/a><\/p>\n<p style=\"text-align: center;\">Extraits :<\/p>\n<h4 style=\"text-align: center;\">N\u2019est-ce pas mon choix?<\/h4>\n<h6 style=\"text-align: center;\">Le rayonnement est l\u00e0 de toute fa\u00e7on, alors pourquoi ne devrais-je pas l\u2019utiliser? J\u2019ai besoin de mon t\u00e9l\u00e9phone portable. Il y a tellement de tours cellulaires partout aujourd\u2019hui qu\u2019il est facile de supposer que vous ne faites rien de pire quand vous faites un appel de t\u00e9l\u00e9phone cellulaire \u2014 que tout ce que vous faites est de puiser dans ce qui existe d\u00e9j\u00e0, comme mettre une voiture sur une autoroute inter-\u00c9tats qui a d\u00e9j\u00e0 \u00e9t\u00e9 construite. C\u2019est une illusion. Lorsque le t\u00e9l\u00e9phone de tout le monde est \u00e9teint, les tours de t\u00e9l\u00e9phonie cellulaire fonctionnent avec une puissance minimale sur un canal de configuration qui doit \u00eatre diffus\u00e9 en tout temps au cas o\u00f9 quelqu\u2019un souhaite passer un appel. Les choses sont un peu plus complexes aujourd\u2019hui parce que plus de fr\u00e9quences sont utilis\u00e9es, mais c\u2019est la situation de base.<\/h6>\n<h6 style=\"text-align: center;\">Ce qui se passe lorsque vous allumez votre t\u00e9l\u00e9phone et que vous appelez, c\u2019est que la tour de t\u00e9l\u00e9phonie la plus proche doit activer un canal vocal pour vous, qui diffuse \u00e9galement dans toutes les directions et pollue tout le quartier et continue pour toujours dans l\u2019univers. Si vous avez un t\u00e9l\u00e9phone intelligent et que vous utilisez l\u2019Internet, la tour de t\u00e9l\u00e9phonie mobile ouvre \u00e9galement un canal de donn\u00e9es pour vous. Et pour que vous puissiez atteindre la personne que vous appelez, la tour cellulaire la plus proche d\u2019elle doit aussi ouvrir un canal juste pour cette personne et envoyer des radiations dans tous les sens, et cette personne doit r\u00e9pondre \u00e0 son t\u00e9l\u00e9phone et envoyer plus de radiations dans tous les sens. Et en semaine pendant le trajet du soir, et toute la journ\u00e9e samedi et dimanche, quand tout le monde est au t\u00e9l\u00e9phone, chaque tour de t\u00e9l\u00e9phonie cellulaire a des centaines de canaux fonctionnant sur des centaines de fr\u00e9quences et \u00e9met beaucoup plus de radiations que tard le soir quand tout le monde a cess\u00e9 d\u2019utiliser son t\u00e9l\u00e9phone. Lorsque votre t\u00e9l\u00e9phone est \u00e9teint, plusieurs tours de t\u00e9l\u00e9phonie cellulaire sont plus silencieuses. Lorsque vous utilisez votre t\u00e9l\u00e9phone, vous polluez votre voisinage et au moins celui d\u2019une autre personne.<\/h6>\n<h4 style=\"text-align: center;\">Je ne garde mon t\u00e9l\u00e9phone que pour les cas d\u2019urgence, que lorsque je voyage. Cela a un impact minime, non?<\/h4>\n<h6 style=\"text-align: center;\">L\u2019autre chose qui arrive lorsque vous faites un appel, c\u2019est que vous exigez un service. Lorsque vous allumez votre t\u00e9l\u00e9phone dans un endroit \u00e9loign\u00e9 o\u00f9 le service de t\u00e9l\u00e9phonie cellulaire est faible ou inexistant, votre fournisseur l\u2019enregistre comme demande de service. S\u2019il obtient suffisamment de demandes de service \u00e0 cet endroit, il construira une tour de t\u00e9l\u00e9phonie cellulaire l\u00e0-bas. M\u00eame dans une ville, lorsque en m\u00eame temps plus de personnes t\u00e9l\u00e9phonent qu\u2019il n\u2019y a de capacit\u00e9 dans la tour la plus proche ou lorsque tout le monde utilise plus de bande passante ou plus d\u2019applications que la tour ne peut g\u00e9rer, les appels commencent \u00e0 \u00eatre interrompus. Or chaque appel interrompu est enregistr\u00e9 comme une demande de service, et bient\u00f4t votre ville re\u00e7oit des demandes pour encore plus de tours de t\u00e9l\u00e9phonie cellulaire pour g\u00e9rer l\u2019augmentation du trafic.<\/h6>\n<hr \/>\n<hr \/>\n<hr \/>\n<hr \/>\n<h2 style=\"text-align: center;\"><strong>Les \u00e9leveurs se regroupent face aux d\u00e9g\u00e2ts des\u00a0 antennes-relais sur leurs animaux<\/strong><\/h2>\n<p style=\"text-align: center;\">Deux reportages de via LMtv Sarthe, sur la premi\u00e8re r\u00e9union qui a r\u00e9uni des \u00e9leveurs de toute la France sur ce sujet :<\/p>\n<p style=\"text-align: center;\"><a href=\"https:\/\/vialmtv.tv\/impact-suppose-des-ondes-ces-eleveurs-ne-sont-plus-seuls\/\">https:\/\/vialmtv.tv\/impact-suppose-des-ondes-ces-eleveurs-ne-sont-plus-seuls\/<\/a><\/p>\n<p style=\"text-align: center;\"><a href=\"https:\/\/vialmtv.tv\/il-soupconne-les-ondes-de-tuer-ses-lapins\/\">https:\/\/vialmtv.tv\/il-soupconne-les-ondes-de-tuer-ses-lapins\/<\/a><\/p>\n<hr \/>\n<hr \/>\n<hr \/>\n<h2 class=\"access\" style=\"text-align: center;\"><strong>VRAI \/ FAUX sur la t\u00e9l\u00e9phonie mobile et le Wi-fi<\/strong><\/h2>\n<p style=\"text-align: center;\">Voici les arguments des personnes qui ignorent ou contestent la toxicit\u00e9 des \u00e9missions type t\u00e9l\u00e9phonie mobile (t\u00e9l\u00e9phones portables, antennes-relais, Wi-fi, Dect, Bluetooth&#8230;) dans son d\u00e9veloppement technique actuel :<\/p>\n<p style=\"text-align: center;\"><a href=\"https:\/\/www.robindestoits.org\/VRAI-FAUX-sur-la-telephonie-mobile-et-le-Wi-fi_a1524.html\" target=\"_blank\" rel=\"noopener noreferrer\">Lire ici sur le site de Robin des Toits les contre-arguments<\/a><\/p>\n<p style=\"text-align: center;\"><a href=\"http:\/\/ccaves.org\/blog\/wp-content\/uploads\/WIFI-suite-par-RDT.pdf\" target=\"_blank\" rel=\"noopener noreferrer\">et ici en version PDF<\/a><\/p>\n<hr \/>\n<hr \/>\n<hr \/>\n<hr \/>\n<h2 style=\"text-align: center;\"><strong>Antenne-relais directive : une solution pour limiter les zones irradi\u00e9es ?<\/strong><\/h2>\n<p style=\"text-align: center;\">Article sur le site l&rsquo;Usine Nouvelle<\/p>\n<p style=\"text-align: center;\"><a href=\"https:\/\/www.usinenouvelle.com\/article\/le-cristal-photonique-rend-l-antenne-plus-selective.N48756\" target=\"_blank\" rel=\"noopener noreferrer\">Lie ici<\/a><\/p>\n<hr \/>\n<hr \/>\n<hr \/>\n<hr \/>\n<h2 class=\"article-detail-title\" style=\"text-align: center;\"><strong>Antenne-relais et risque sanitaire : le Dr Targhetta, canc\u00e9rologue au CHU de N\u00eemes, alerte le gouvernement<\/strong><\/h2>\n<p style=\"text-align: center;\"><a href=\"https:\/\/www.midilibre.fr\/2018\/07\/16\/antennes-relais-et-risque-sanitaire-un-nimois-alerte-le-gouvernement,4655918.php\" target=\"_blank\" rel=\"noopener noreferrer\">lire l&rsquo;article sur Midi Libre<\/a><\/p>\n<p style=\"text-align: center;\"><a href=\"https:\/\/viaoccitanie.tv\/sante-les-antennes-relais-sont-elles-cancerigenes\/\" target=\"_blank\" rel=\"noopener noreferrer\">voir la vid\u00e9o sur Via Occitanie<\/a><\/p>\n<hr \/>\n<hr \/>\n<hr \/>\n<hr \/>\n<h1 style=\"text-align: center;\"><strong>Voir aussi le dossier effets non-thermiques des champs \u00e9lectromagn\u00e9tiques artificiels,<\/strong><\/h1>\n<h1 style=\"text-align: center;\"><strong> sur l&rsquo;incidence sanitaires des antennes-relais<\/strong><\/h1>\n<p style=\"text-align: center;\">mis \u00e0 jour en mai 2020<\/p>\n<p style=\"text-align: center;\"><a href=\"https:\/\/ccaves.org\/blog\/wp-content\/uploads\/Effets-non-thermiques-CEM-version-au-14052020.pdf\" target=\"_blank\" rel=\"noopener noreferrer\">Cliquer ici<\/a><\/p>\n","protected":false},"excerpt":{"rendered":"<p>Antennes-relais 4G \/ 5G\u00a0 * Pistes juridiques (milieu de page), m\u00e9diatiques et politiques * R\u00e9sum\u00e9 en plusieurs points quant \u00e0<\/p>\n","protected":false},"author":4,"featured_media":0,"comment_status":"open","ping_status":"open","sticky":false,"template":"","format":"standard","meta":{"colormag_page_container_layout":"default_layout","colormag_page_sidebar_layout":"default_layout","footnotes":""},"categories":[49],"tags":[],"class_list":["post-903","post","type-post","status-publish","format-standard","hentry","category-antennes-relais"],"yoast_head":"<!-- This site is optimized with the Yoast SEO plugin v27.4 - https:\/\/yoast.com\/product\/yoast-seo-wordpress\/ -->\n<title>Antenne-relais 4G \/ 5G . Pistes juridiques m\u00e9diatiques et politiques - CCAVES<\/title>\n<meta name=\"description\" content=\"Plateforme d&#039;\u00e9changes et de Coordination des Collectifs et Associations Volontaires en Environnement Sant\u00e9 et Soci\u00e9t\u00e9\" \/>\n<meta name=\"robots\" content=\"index, follow, max-snippet:-1, max-image-preview:large, max-video-preview:-1\" \/>\n<link rel=\"canonical\" href=\"https:\/\/ccaves.org\/blog\/antennes-relais-4g-5g-micro-antennes-antennes-relais-directive-photonique\/\" \/>\n<meta property=\"og:locale\" content=\"fr_FR\" \/>\n<meta property=\"og:type\" content=\"article\" \/>\n<meta property=\"og:title\" content=\"Antenne-relais 4G \/ 5G . Pistes juridiques m\u00e9diatiques et politiques - CCAVES\" \/>\n<meta property=\"og:description\" content=\"Plateforme d&#039;\u00e9changes et de Coordination des Collectifs et Associations Volontaires en Environnement Sant\u00e9 et Soci\u00e9t\u00e9\" \/>\n<meta property=\"og:url\" content=\"https:\/\/ccaves.org\/blog\/antennes-relais-4g-5g-micro-antennes-antennes-relais-directive-photonique\/\" \/>\n<meta property=\"og:site_name\" content=\"CCAVES\" \/>\n<meta property=\"article:published_time\" content=\"2018-08-19T11:10:06+00:00\" \/>\n<meta property=\"article:modified_time\" content=\"2021-04-01T10:45:05+00:00\" \/>\n<meta property=\"og:image\" content=\"https:\/\/ccaves.org\/blog\/wp-content\/uploads\/Oedicneme-criard-IMP-1024x631.png\" \/>\n\t<meta property=\"og:image:width\" content=\"1024\" \/>\n\t<meta property=\"og:image:height\" content=\"631\" \/>\n\t<meta property=\"og:image:type\" content=\"image\/png\" \/>\n<meta name=\"author\" content=\"collectifvallon\" \/>\n<meta name=\"twitter:card\" content=\"summary_large_image\" \/>\n<meta name=\"twitter:label1\" content=\"\u00c9crit par\" \/>\n\t<meta name=\"twitter:data1\" content=\"collectifvallon\" \/>\n\t<meta name=\"twitter:label2\" content=\"Dur\u00e9e de lecture estim\u00e9e\" \/>\n\t<meta name=\"twitter:data2\" content=\"66 minutes\" \/>\n<script type=\"application\/ld+json\" class=\"yoast-schema-graph\">{\"@context\":\"https:\\\/\\\/schema.org\",\"@graph\":[{\"@type\":\"Article\",\"@id\":\"https:\\\/\\\/ccaves.org\\\/blog\\\/antennes-relais-4g-5g-micro-antennes-antennes-relais-directive-photonique\\\/#article\",\"isPartOf\":{\"@id\":\"https:\\\/\\\/ccaves.org\\\/blog\\\/antennes-relais-4g-5g-micro-antennes-antennes-relais-directive-photonique\\\/\"},\"author\":{\"name\":\"collectifvallon\",\"@id\":\"https:\\\/\\\/ccaves.org\\\/blog\\\/#\\\/schema\\\/person\\\/d776b30895ca193bcb27a7923f266e29\"},\"headline\":\"Antenne-relais 4G \\\/ 5G . Pistes juridiques m\u00e9diatiques et politiques\",\"datePublished\":\"2018-08-19T11:10:06+00:00\",\"dateModified\":\"2021-04-01T10:45:05+00:00\",\"mainEntityOfPage\":{\"@id\":\"https:\\\/\\\/ccaves.org\\\/blog\\\/antennes-relais-4g-5g-micro-antennes-antennes-relais-directive-photonique\\\/\"},\"wordCount\":17333,\"commentCount\":1,\"publisher\":{\"@id\":\"https:\\\/\\\/ccaves.org\\\/blog\\\/#organization\"},\"articleSection\":[\"Antennes-relais\"],\"inLanguage\":\"fr-FR\",\"potentialAction\":[{\"@type\":\"CommentAction\",\"name\":\"Comment\",\"target\":[\"https:\\\/\\\/ccaves.org\\\/blog\\\/antennes-relais-4g-5g-micro-antennes-antennes-relais-directive-photonique\\\/#respond\"]}]},{\"@type\":\"WebPage\",\"@id\":\"https:\\\/\\\/ccaves.org\\\/blog\\\/antennes-relais-4g-5g-micro-antennes-antennes-relais-directive-photonique\\\/\",\"url\":\"https:\\\/\\\/ccaves.org\\\/blog\\\/antennes-relais-4g-5g-micro-antennes-antennes-relais-directive-photonique\\\/\",\"name\":\"Antenne-relais 4G \\\/ 5G . Pistes juridiques m\u00e9diatiques et politiques - CCAVES\",\"isPartOf\":{\"@id\":\"https:\\\/\\\/ccaves.org\\\/blog\\\/#website\"},\"datePublished\":\"2018-08-19T11:10:06+00:00\",\"dateModified\":\"2021-04-01T10:45:05+00:00\",\"description\":\"Plateforme d'\u00e9changes et de Coordination des Collectifs et Associations Volontaires en Environnement Sant\u00e9 et Soci\u00e9t\u00e9\",\"breadcrumb\":{\"@id\":\"https:\\\/\\\/ccaves.org\\\/blog\\\/antennes-relais-4g-5g-micro-antennes-antennes-relais-directive-photonique\\\/#breadcrumb\"},\"inLanguage\":\"fr-FR\",\"potentialAction\":[{\"@type\":\"ReadAction\",\"target\":[\"https:\\\/\\\/ccaves.org\\\/blog\\\/antennes-relais-4g-5g-micro-antennes-antennes-relais-directive-photonique\\\/\"]}]},{\"@type\":\"BreadcrumbList\",\"@id\":\"https:\\\/\\\/ccaves.org\\\/blog\\\/antennes-relais-4g-5g-micro-antennes-antennes-relais-directive-photonique\\\/#breadcrumb\",\"itemListElement\":[{\"@type\":\"ListItem\",\"position\":1,\"name\":\"Accueil\",\"item\":\"https:\\\/\\\/ccaves.org\\\/blog\\\/\"},{\"@type\":\"ListItem\",\"position\":2,\"name\":\"Antenne-relais 4G \\\/ 5G . Pistes juridiques m\u00e9diatiques et politiques\"}]},{\"@type\":\"WebSite\",\"@id\":\"https:\\\/\\\/ccaves.org\\\/blog\\\/#website\",\"url\":\"https:\\\/\\\/ccaves.org\\\/blog\\\/\",\"name\":\"CCAVES\",\"description\":\"Plateforme d&#039;\u00e9changes et de Coordination des Collectifs et Associations Volontaires en Environnement Sant\u00e9 et Soci\u00e9t\u00e9\",\"publisher\":{\"@id\":\"https:\\\/\\\/ccaves.org\\\/blog\\\/#organization\"},\"alternateName\":\"Coordination des Collectifs et Associations Volontaires en Environnement Sant\u00e9 et Soci\u00e9t\u00e9\",\"potentialAction\":[{\"@type\":\"SearchAction\",\"target\":{\"@type\":\"EntryPoint\",\"urlTemplate\":\"https:\\\/\\\/ccaves.org\\\/blog\\\/?s={search_term_string}\"},\"query-input\":{\"@type\":\"PropertyValueSpecification\",\"valueRequired\":true,\"valueName\":\"search_term_string\"}}],\"inLanguage\":\"fr-FR\"},{\"@type\":\"Organization\",\"@id\":\"https:\\\/\\\/ccaves.org\\\/blog\\\/#organization\",\"name\":\"Plateforme d'\u00e9changes et de Coordination des Collectifs et Associations Volontaires en Environnement Sant\u00e9 et Soci\u00e9t\u00e9\",\"alternateName\":\"Plateforme d'\u00e9changes et de Coordination des Collectifs et Associations Volontaires en Environnement Sant\u00e9 et Soci\u00e9t\u00e9\",\"url\":\"https:\\\/\\\/ccaves.org\\\/blog\\\/\",\"logo\":{\"@type\":\"ImageObject\",\"inLanguage\":\"fr-FR\",\"@id\":\"https:\\\/\\\/ccaves.org\\\/blog\\\/#\\\/schema\\\/logo\\\/image\\\/\",\"url\":\"https:\\\/\\\/ccaves.org\\\/blog\\\/wp-content\\\/uploads\\\/Oedicneme-criard-IMP-1024x631.png\",\"contentUrl\":\"https:\\\/\\\/ccaves.org\\\/blog\\\/wp-content\\\/uploads\\\/Oedicneme-criard-IMP-1024x631.png\",\"width\":1024,\"height\":631,\"caption\":\"Plateforme d'\u00e9changes et de Coordination des Collectifs et Associations Volontaires en Environnement Sant\u00e9 et Soci\u00e9t\u00e9\"},\"image\":{\"@id\":\"https:\\\/\\\/ccaves.org\\\/blog\\\/#\\\/schema\\\/logo\\\/image\\\/\"}},{\"@type\":\"Person\",\"@id\":\"https:\\\/\\\/ccaves.org\\\/blog\\\/#\\\/schema\\\/person\\\/d776b30895ca193bcb27a7923f266e29\",\"name\":\"collectifvallon\",\"image\":{\"@type\":\"ImageObject\",\"inLanguage\":\"fr-FR\",\"@id\":\"https:\\\/\\\/secure.gravatar.com\\\/avatar\\\/fb252f144334c6af21b3edf929630a011715a9a10cebad3a3dc971a32be991db?s=96&d=mm&r=g\",\"url\":\"https:\\\/\\\/secure.gravatar.com\\\/avatar\\\/fb252f144334c6af21b3edf929630a011715a9a10cebad3a3dc971a32be991db?s=96&d=mm&r=g\",\"contentUrl\":\"https:\\\/\\\/secure.gravatar.com\\\/avatar\\\/fb252f144334c6af21b3edf929630a011715a9a10cebad3a3dc971a32be991db?s=96&d=mm&r=g\",\"caption\":\"collectifvallon\"},\"url\":\"https:\\\/\\\/ccaves.org\\\/blog\\\/author\\\/loic\\\/\"}]}<\/script>\n<!-- \/ Yoast SEO plugin. -->","yoast_head_json":{"title":"Antenne-relais 4G \/ 5G . Pistes juridiques m\u00e9diatiques et politiques - CCAVES","description":"Plateforme d'\u00e9changes et de Coordination des Collectifs et Associations Volontaires en Environnement Sant\u00e9 et Soci\u00e9t\u00e9","robots":{"index":"index","follow":"follow","max-snippet":"max-snippet:-1","max-image-preview":"max-image-preview:large","max-video-preview":"max-video-preview:-1"},"canonical":"https:\/\/ccaves.org\/blog\/antennes-relais-4g-5g-micro-antennes-antennes-relais-directive-photonique\/","og_locale":"fr_FR","og_type":"article","og_title":"Antenne-relais 4G \/ 5G . Pistes juridiques m\u00e9diatiques et politiques - CCAVES","og_description":"Plateforme d'\u00e9changes et de Coordination des Collectifs et Associations Volontaires en Environnement Sant\u00e9 et Soci\u00e9t\u00e9","og_url":"https:\/\/ccaves.org\/blog\/antennes-relais-4g-5g-micro-antennes-antennes-relais-directive-photonique\/","og_site_name":"CCAVES","article_published_time":"2018-08-19T11:10:06+00:00","article_modified_time":"2021-04-01T10:45:05+00:00","og_image":[{"width":1024,"height":631,"url":"https:\/\/ccaves.org\/blog\/wp-content\/uploads\/Oedicneme-criard-IMP-1024x631.png","type":"image\/png"}],"author":"collectifvallon","twitter_card":"summary_large_image","twitter_misc":{"\u00c9crit par":"collectifvallon","Dur\u00e9e de lecture estim\u00e9e":"66 minutes"},"schema":{"@context":"https:\/\/schema.org","@graph":[{"@type":"Article","@id":"https:\/\/ccaves.org\/blog\/antennes-relais-4g-5g-micro-antennes-antennes-relais-directive-photonique\/#article","isPartOf":{"@id":"https:\/\/ccaves.org\/blog\/antennes-relais-4g-5g-micro-antennes-antennes-relais-directive-photonique\/"},"author":{"name":"collectifvallon","@id":"https:\/\/ccaves.org\/blog\/#\/schema\/person\/d776b30895ca193bcb27a7923f266e29"},"headline":"Antenne-relais 4G \/ 5G . Pistes juridiques m\u00e9diatiques et politiques","datePublished":"2018-08-19T11:10:06+00:00","dateModified":"2021-04-01T10:45:05+00:00","mainEntityOfPage":{"@id":"https:\/\/ccaves.org\/blog\/antennes-relais-4g-5g-micro-antennes-antennes-relais-directive-photonique\/"},"wordCount":17333,"commentCount":1,"publisher":{"@id":"https:\/\/ccaves.org\/blog\/#organization"},"articleSection":["Antennes-relais"],"inLanguage":"fr-FR","potentialAction":[{"@type":"CommentAction","name":"Comment","target":["https:\/\/ccaves.org\/blog\/antennes-relais-4g-5g-micro-antennes-antennes-relais-directive-photonique\/#respond"]}]},{"@type":"WebPage","@id":"https:\/\/ccaves.org\/blog\/antennes-relais-4g-5g-micro-antennes-antennes-relais-directive-photonique\/","url":"https:\/\/ccaves.org\/blog\/antennes-relais-4g-5g-micro-antennes-antennes-relais-directive-photonique\/","name":"Antenne-relais 4G \/ 5G . Pistes juridiques m\u00e9diatiques et politiques - CCAVES","isPartOf":{"@id":"https:\/\/ccaves.org\/blog\/#website"},"datePublished":"2018-08-19T11:10:06+00:00","dateModified":"2021-04-01T10:45:05+00:00","description":"Plateforme d'\u00e9changes et de Coordination des Collectifs et Associations Volontaires en Environnement Sant\u00e9 et Soci\u00e9t\u00e9","breadcrumb":{"@id":"https:\/\/ccaves.org\/blog\/antennes-relais-4g-5g-micro-antennes-antennes-relais-directive-photonique\/#breadcrumb"},"inLanguage":"fr-FR","potentialAction":[{"@type":"ReadAction","target":["https:\/\/ccaves.org\/blog\/antennes-relais-4g-5g-micro-antennes-antennes-relais-directive-photonique\/"]}]},{"@type":"BreadcrumbList","@id":"https:\/\/ccaves.org\/blog\/antennes-relais-4g-5g-micro-antennes-antennes-relais-directive-photonique\/#breadcrumb","itemListElement":[{"@type":"ListItem","position":1,"name":"Accueil","item":"https:\/\/ccaves.org\/blog\/"},{"@type":"ListItem","position":2,"name":"Antenne-relais 4G \/ 5G . Pistes juridiques m\u00e9diatiques et politiques"}]},{"@type":"WebSite","@id":"https:\/\/ccaves.org\/blog\/#website","url":"https:\/\/ccaves.org\/blog\/","name":"CCAVES","description":"Plateforme d&#039;\u00e9changes et de Coordination des Collectifs et Associations Volontaires en Environnement Sant\u00e9 et Soci\u00e9t\u00e9","publisher":{"@id":"https:\/\/ccaves.org\/blog\/#organization"},"alternateName":"Coordination des Collectifs et Associations Volontaires en Environnement Sant\u00e9 et Soci\u00e9t\u00e9","potentialAction":[{"@type":"SearchAction","target":{"@type":"EntryPoint","urlTemplate":"https:\/\/ccaves.org\/blog\/?s={search_term_string}"},"query-input":{"@type":"PropertyValueSpecification","valueRequired":true,"valueName":"search_term_string"}}],"inLanguage":"fr-FR"},{"@type":"Organization","@id":"https:\/\/ccaves.org\/blog\/#organization","name":"Plateforme d'\u00e9changes et de Coordination des Collectifs et Associations Volontaires en Environnement Sant\u00e9 et Soci\u00e9t\u00e9","alternateName":"Plateforme d'\u00e9changes et de Coordination des Collectifs et Associations Volontaires en Environnement Sant\u00e9 et Soci\u00e9t\u00e9","url":"https:\/\/ccaves.org\/blog\/","logo":{"@type":"ImageObject","inLanguage":"fr-FR","@id":"https:\/\/ccaves.org\/blog\/#\/schema\/logo\/image\/","url":"https:\/\/ccaves.org\/blog\/wp-content\/uploads\/Oedicneme-criard-IMP-1024x631.png","contentUrl":"https:\/\/ccaves.org\/blog\/wp-content\/uploads\/Oedicneme-criard-IMP-1024x631.png","width":1024,"height":631,"caption":"Plateforme d'\u00e9changes et de Coordination des Collectifs et Associations Volontaires en Environnement Sant\u00e9 et Soci\u00e9t\u00e9"},"image":{"@id":"https:\/\/ccaves.org\/blog\/#\/schema\/logo\/image\/"}},{"@type":"Person","@id":"https:\/\/ccaves.org\/blog\/#\/schema\/person\/d776b30895ca193bcb27a7923f266e29","name":"collectifvallon","image":{"@type":"ImageObject","inLanguage":"fr-FR","@id":"https:\/\/secure.gravatar.com\/avatar\/fb252f144334c6af21b3edf929630a011715a9a10cebad3a3dc971a32be991db?s=96&d=mm&r=g","url":"https:\/\/secure.gravatar.com\/avatar\/fb252f144334c6af21b3edf929630a011715a9a10cebad3a3dc971a32be991db?s=96&d=mm&r=g","contentUrl":"https:\/\/secure.gravatar.com\/avatar\/fb252f144334c6af21b3edf929630a011715a9a10cebad3a3dc971a32be991db?s=96&d=mm&r=g","caption":"collectifvallon"},"url":"https:\/\/ccaves.org\/blog\/author\/loic\/"}]}},"_links":{"self":[{"href":"https:\/\/ccaves.org\/blog\/wp-json\/wp\/v2\/posts\/903","targetHints":{"allow":["GET"]}}],"collection":[{"href":"https:\/\/ccaves.org\/blog\/wp-json\/wp\/v2\/posts"}],"about":[{"href":"https:\/\/ccaves.org\/blog\/wp-json\/wp\/v2\/types\/post"}],"author":[{"embeddable":true,"href":"https:\/\/ccaves.org\/blog\/wp-json\/wp\/v2\/users\/4"}],"replies":[{"embeddable":true,"href":"https:\/\/ccaves.org\/blog\/wp-json\/wp\/v2\/comments?post=903"}],"version-history":[{"count":150,"href":"https:\/\/ccaves.org\/blog\/wp-json\/wp\/v2\/posts\/903\/revisions"}],"predecessor-version":[{"id":4028,"href":"https:\/\/ccaves.org\/blog\/wp-json\/wp\/v2\/posts\/903\/revisions\/4028"}],"wp:attachment":[{"href":"https:\/\/ccaves.org\/blog\/wp-json\/wp\/v2\/media?parent=903"}],"wp:term":[{"taxonomy":"category","embeddable":true,"href":"https:\/\/ccaves.org\/blog\/wp-json\/wp\/v2\/categories?post=903"},{"taxonomy":"post_tag","embeddable":true,"href":"https:\/\/ccaves.org\/blog\/wp-json\/wp\/v2\/tags?post=903"}],"curies":[{"name":"wp","href":"https:\/\/api.w.org\/{rel}","templated":true}]}}